{"id":656681,"date":"2026-01-11T18:40:30","date_gmt":"2026-01-11T18:40:30","guid":{"rendered":"https:\/\/www.europesays.com\/fr\/656681\/"},"modified":"2026-01-11T18:40:30","modified_gmt":"2026-01-11T18:40:30","slug":"mort-dun-pieton-de-82-ans-dans-un-accident-pres-de-rouen","status":"publish","type":"post","link":"https:\/\/www.europesays.com\/fr\/656681\/","title":{"rendered":"Mort d&rsquo;un pi\u00e9ton de 82 ans dans un accident pr\u00e8s de Rouen"},"content":{"rendered":"<p>                    Par<br \/>\n        <strong><br \/>\n            <a href=\"https:\/\/actu.fr\/auteur\/louise-boutard\" title=\"Consulter tous les articles de Louise Boutard\" target=\"_blank\" rel=\"noopener\">Louise Boutard<\/a><br \/>\n                    <\/strong><\/p>\n<p>        Publi\u00e9 le<\/p>\n<p>            11 janv. 2026 \u00e0 16h16        <\/p>\n<p>L\u2019homme n\u2019a pas surv\u00e9cu. Un accident mortel s\u2019est d\u00e9roul\u00e9 dimanche 11\u00a0janvier 2026 au <a href=\"https:\/\/actu.fr\/normandie\/le-mesnil-esnard_76429\" target=\"_blank\" rel=\"noopener\">Mesnil-Esnard,<\/a> pr\u00e8s de Rouen (Seine-Maritime).<\/p>\n<p>Un homme de 82\u00a0ans<\/p>\n<p class=\" wall-content\">Les secours ont \u00e9t\u00e9 appel\u00e9s vers 15\u00a0heures pour intervenir sur la route de Paris, au Mesnil-Esnard dans l\u2019agglom\u00e9ration rouennaise. L\u2019accident de la circulation a impliqu\u00e9 un pi\u00e9ton, \u00e2g\u00e9 de 82\u00a0ans et une voiture.<\/p>\n<p class=\" wall-content\">L\u2019homme est d\u00e9c\u00e9d\u00e9 sur le coup.<\/p>\n<p class=\" wall-content\">Quatre engins et 10 sapeurs-pompiers sont intervenus sur place.<\/p>\n<p>Suivez l\u2019actualit\u00e9 de Rouen sur <a href=\"https:\/\/www.whatsapp.com\/channel\/0029VaKfnf99hXF2ddApFB1D\" target=\"_blank\" rel=\"noopener\">notre cha\u00eene WhatsApp<\/a> et sur <a href=\"https:\/\/www.tiktok.com\/@76actu.fr?lang=fr\" target=\"_blank\" rel=\"noopener\">notre compte TikTok<\/a><\/p>\n<p class=\" wall-content\">Personnalisez votre actualit\u00e9 en ajoutant vos villes et m\u00e9dias en favori avec <a href=\"https:\/\/moncompte.actu.fr\" title=\"D\u00e9couvez Mon Actu\" rel=\"nofollow noopener\" data-trk=\"{&quot;cta&quot;:{&quot;action&quot;:&quot;https:\\\/\\\/moncompte.actu.fr&quot;,&quot;category&quot;:&quot;mon compte&quot;,&quot;from&quot;:&quot;article footer&quot;,&quot;name&quot;:&quot;Mon actu&quot;,&quot;type&quot;:&quot;cta&quot;}}\" target=\"_blank\">Mon Actu<\/a>.<\/p>\n<p>                    <script async src=\"\/\/www.tiktok.com\/embed.js\"><\/script><\/p>\n","protected":false},"excerpt":{"rendered":"Par Louise Boutard Publi\u00e9 le 11 janv. 2026 \u00e0 16h16 L\u2019homme n\u2019a pas surv\u00e9cu. Un accident mortel s\u2019est&hellip;\n","protected":false},"author":2,"featured_media":656682,"comment_status":"","ping_status":"","sticky":false,"template":"","format":"standard","meta":{"footnotes":""},"categories":[9587],"tags":[119,1111,11,1777,674,118,1011,27,12,5161,1311,25,9590],"class_list":{"0":"post-656681","1":"post","2":"type-post","3":"status-publish","4":"format-standard","5":"has-post-thumbnail","7":"category-rouen","8":"tag-accident","9":"tag-actu","10":"tag-actualites","11":"tag-eu","12":"tag-europe","13":"tag-faits-divers","14":"tag-fr","15":"tag-france","16":"tag-news","17":"tag-normandie","18":"tag-pompiers","19":"tag-republique-francaise","20":"tag-rouen"},"share_on_mastodon":{"url":"https:\/\/pubeurope.com\/@fr\/115877932126679247","error":""},"_links":{"self":[{"href":"https:\/\/www.europesays.com\/fr\/wp-json\/wp\/v2\/posts\/656681","targetHints":{"allow":["GET"]}}],"collection":[{"href":"https:\/\/www.europesays.com\/fr\/wp-json\/wp\/v2\/posts"}],"about":[{"href":"https:\/\/www.europesays.com\/fr\/wp-json\/wp\/v2\/types\/post"}],"author":[{"embeddable":true,"href":"https:\/\/www.europesays.com\/fr\/wp-json\/wp\/v2\/users\/2"}],"replies":[{"embeddable":true,"href":"https:\/\/www.europesays.com\/fr\/wp-json\/wp\/v2\/comments?post=656681"}],"version-history":[{"count":0,"href":"https:\/\/www.europesays.com\/fr\/wp-json\/wp\/v2\/posts\/656681\/revisions"}],"wp:featuredmedia":[{"embeddable":true,"href":"https:\/\/www.europesays.com\/fr\/wp-json\/wp\/v2\/media\/656682"}],"wp:attachment":[{"href":"https:\/\/www.europesays.com\/fr\/wp-json\/wp\/v2\/media?parent=656681"}],"wp:term":[{"taxonomy":"category","embeddable":true,"href":"https:\/\/www.europesays.com\/fr\/wp-json\/wp\/v2\/categories?post=656681"},{"taxonomy":"post_tag","embeddable":true,"href":"https:\/\/www.europesays.com\/fr\/wp-json\/wp\/v2\/tags?post=656681"}],"curies":[{"name":"wp","href":"https:\/\/api.w.org\/{rel}","templated":true}]}}