{"id":656683,"date":"2026-01-11T18:41:14","date_gmt":"2026-01-11T18:41:14","guid":{"rendered":"https:\/\/www.europesays.com\/fr\/656683\/"},"modified":"2026-01-11T18:41:14","modified_gmt":"2026-01-11T18:41:14","slug":"un-pieton-de-82-ans-meurt-sur-le-coup-dans-un-accident-de-la-route-pres-de-rouen","status":"publish","type":"post","link":"https:\/\/www.europesays.com\/fr\/656683\/","title":{"rendered":"Un pi\u00e9ton de 82 ans meurt sur le coup dans un accident de la route pr\u00e8s de Rouen"},"content":{"rendered":"<p>Un accident est survenu ce dimanche apr\u00e8s-midi entre une voiture et un pi\u00e9ton au Mesnil-Esnard, pr\u00e8s de Rouen (Seine-Maritime)\u00a0: la victime, un homme de 82 ans, est morte sur le coup. <\/p>\n<p>C&rsquo;est sur la route de Paris, dans la commune du Mesnil-Esnard pr\u00e8s de Rouen (Seine-Maritime), que le drame a eu lieu. En milieu d&rsquo;apr\u00e8s-midi ce dimanche 11 janvier, dix sapeurs-pompiers ont \u00e9t\u00e9 mobilis\u00e9s <strong>sur un accident mortel survenu entre une voiture et un pi\u00e9ton<\/strong>.<\/p>\n<p>La victime n&rsquo;a pas surv\u00e9cu<\/p>\n<p>Le pi\u00e9ton, <strong>un homme de 82 ans, est d\u00e9c\u00e9d\u00e9 sur le coup,<\/strong>\u00a0indique le Sdis 76.<\/p>\n","protected":false},"excerpt":{"rendered":"Un accident est survenu ce dimanche apr\u00e8s-midi entre une voiture et un pi\u00e9ton au Mesnil-Esnard, pr\u00e8s de Rouen&hellip;\n","protected":false},"author":2,"featured_media":656684,"comment_status":"","ping_status":"","sticky":false,"template":"","format":"standard","meta":{"footnotes":""},"categories":[9587],"tags":[1111,11,1777,674,1011,27,12,5161,25,9590],"class_list":{"0":"post-656683","1":"post","2":"type-post","3":"status-publish","4":"format-standard","5":"has-post-thumbnail","7":"category-rouen","8":"tag-actu","9":"tag-actualites","10":"tag-eu","11":"tag-europe","12":"tag-fr","13":"tag-france","14":"tag-news","15":"tag-normandie","16":"tag-republique-francaise","17":"tag-rouen"},"share_on_mastodon":{"url":"https:\/\/pubeurope.com\/@fr\/115877935984596220","error":""},"_links":{"self":[{"href":"https:\/\/www.europesays.com\/fr\/wp-json\/wp\/v2\/posts\/656683","targetHints":{"allow":["GET"]}}],"collection":[{"href":"https:\/\/www.europesays.com\/fr\/wp-json\/wp\/v2\/posts"}],"about":[{"href":"https:\/\/www.europesays.com\/fr\/wp-json\/wp\/v2\/types\/post"}],"author":[{"embeddable":true,"href":"https:\/\/www.europesays.com\/fr\/wp-json\/wp\/v2\/users\/2"}],"replies":[{"embeddable":true,"href":"https:\/\/www.europesays.com\/fr\/wp-json\/wp\/v2\/comments?post=656683"}],"version-history":[{"count":0,"href":"https:\/\/www.europesays.com\/fr\/wp-json\/wp\/v2\/posts\/656683\/revisions"}],"wp:featuredmedia":[{"embeddable":true,"href":"https:\/\/www.europesays.com\/fr\/wp-json\/wp\/v2\/media\/656684"}],"wp:attachment":[{"href":"https:\/\/www.europesays.com\/fr\/wp-json\/wp\/v2\/media?parent=656683"}],"wp:term":[{"taxonomy":"category","embeddable":true,"href":"https:\/\/www.europesays.com\/fr\/wp-json\/wp\/v2\/categories?post=656683"},{"taxonomy":"post_tag","embeddable":true,"href":"https:\/\/www.europesays.com\/fr\/wp-json\/wp\/v2\/tags?post=656683"}],"curies":[{"name":"wp","href":"https:\/\/api.w.org\/{rel}","templated":true}]}}