{"id":656687,"date":"2026-01-11T18:47:23","date_gmt":"2026-01-11T18:47:23","guid":{"rendered":"https:\/\/www.europesays.com\/fr\/656687\/"},"modified":"2026-01-11T18:47:23","modified_gmt":"2026-01-11T18:47:23","slug":"a-rennes-les-bars-et-associations-invites-a-presenter-leur-projet","status":"publish","type":"post","link":"https:\/\/www.europesays.com\/fr\/656687\/","title":{"rendered":"\u00e0 Rennes, les bars et associations invit\u00e9s \u00e0 pr\u00e9senter leur projet"},"content":{"rendered":"<p>                    Par<br \/>\n        <strong><br \/>\n            <a href=\"https:\/\/actu.fr\/auteur\/clemence-pays02-actu-fr\" title=\"Consulter tous les articles de Cl\u00e9mence Pays\" target=\"_blank\" rel=\"noopener\">Cl\u00e9mence Pays<\/a><br \/>\n                    <\/strong><\/p>\n<p>        Publi\u00e9 le<\/p>\n<p>            11 janv. 2026 \u00e0 17h42        <\/p>\n<p>Top d\u00e9part\u2009! Samedi 10 janvier 2026, la Ville de Rennes a <strong>ouvert les appels \u00e0 projets<\/strong> pour la <a href=\"https:\/\/actu.fr\/tag\/fete-de-la-musique\" target=\"_blank\" rel=\"noopener\">F\u00eate de la musique<\/a>. Ce rendez-vous gratuit et incontournable du <strong>21\u00a0juin<\/strong> permet aux artistes \u00e9mergents, amateurs ou professionnels, de se produire sur la voie publique, <strong>de 17h \u00e0 1h.<\/strong><\/p>\n<p class=\" wall-content\">\u00ab\u2009L\u2019occasion de mettre \u00e0 l\u2019honneur les artistes du territoire dans les rues de la ville\u2009\u00bb, d\u00e9taille la municipalit\u00e9.<\/p>\n<p>Qui peut r\u00e9pondre \u00e0 cet appel\u2009?<\/p>\n<p class=\" wall-content\">Ces appels \u00e0 projets, s\u2019adressent\u2009:<\/p>\n<ul class=\" wall-content\">\n<li><strong>aux bars<\/strong> ayant un projet qui n\u00e9cessite une occupation du domaine public hors terrasse (seules des sc\u00e8nes collectives port\u00e9es par plusieurs \u00e9tablissements seront autoris\u00e9es place Saint-Germain, place Sainte-Anne, place de la Gare)\u2009;<\/li>\n<li><strong>aux habitants ou associations<\/strong> en quartier ayant un projet.<\/li>\n<\/ul>\n<p class=\" wall-content\">\u00ab\u2009Les directions de quartiers de la Ville de Rennes proposent<strong> un accompagnement sur la faisabilit\u00e9<\/strong> du projet.\u2009\u00bb<\/p>\n<p class=\" wall-content\">Les candidats ont <strong>jusqu\u2019au 10\u00a0f\u00e9vrier<\/strong> pour faire parvenir leur dossier (\u00e0 retrouver en t\u00e9l\u00e9chargement <a href=\"https:\/\/ici.rennes.fr\/actualites\/2026-01-09-fete-de-la-musique-appel-a-projets-pour-les-bars-et-initiatives-de-quartier\/\" target=\"_blank\" rel=\"noopener\">en cliquant ici<\/a>).<\/p>\n<p>Votre r\u00e9gion, votre actu !<\/p>\n<p>Recevez chaque jour les infos qui comptent pour vous.<\/p>\n<p>\t<a href=\"https:\/\/actu.fr\/newsletter\" class=\"ac-btn ac-btn--corner ac-btn--medium ac-btn--blue800\" target=\"_blank\" rel=\"noopener\">S&rsquo;incrire<\/a><br \/>\nEt les artistes\u2009?<\/p>\n<p class=\" wall-content\">La Ville autorise l\u2019organisation de <strong>concerts spontan\u00e9s<\/strong> sur l\u2019espace public. Les artistes qui le souhaitent pourront se produire dans les rues, \u00ab\u2009sans sc\u00e8ne ni installations importantes de mat\u00e9riels, en privil\u00e9giant le p\u00e9rim\u00e8tre pi\u00e9tonnier s\u00e9curis\u00e9\u2009\u00bb.<\/p>\n<p class=\" wall-content\">Pour ce type de proposition, il n\u2019y a <strong>pas de dossier \u00e0 transmettre<\/strong> \u00e0 la Ville.<\/p>\n<p><strong>Infos pratiques\u2009:<\/strong><br \/>\nBesoin d\u2019un renseignement\u2009? Contactez l\u2019adresse d\u00e9di\u00e9e aux concerts spontan\u00e9s <a href=\"https:\/\/actu.fr\/cdn-cgi\/l\/email-protection\" class=\"__cf_email__\" data-cfemail=\"385e5d4c5d5c5d5459554d4b51494d5d784e5154545d154a5d56565d4b165e4a\" target=\"_blank\" rel=\"noopener\">[email\u00a0protected]<\/a>\u2009; ou l\u2019adresse d\u00e9di\u00e9e aux projets avec d\u00e9p\u00f4t de dossier <a href=\"https:\/\/actu.fr\/cdn-cgi\/l\/email-protection\" class=\"__cf_email__\" data-cfemail=\"cfabbfe2a9a28fb9a6a3a3aae2bdaaa1a1aabce1a9bd\" target=\"_blank\" rel=\"noopener\">[email\u00a0protected]<\/a><\/p>\n<p class=\" wall-content\">Personnalisez votre actualit\u00e9 en ajoutant vos villes et m\u00e9dias en favori avec <a href=\"https:\/\/moncompte.actu.fr\" title=\"D\u00e9couvez Mon Actu\" rel=\"nofollow noopener\" data-trk=\"{&quot;cta&quot;:{&quot;action&quot;:&quot;https:\\\/\\\/moncompte.actu.fr&quot;,&quot;category&quot;:&quot;mon compte&quot;,&quot;from&quot;:&quot;article footer&quot;,&quot;name&quot;:&quot;Mon actu&quot;,&quot;type&quot;:&quot;cta&quot;}}\" target=\"_blank\">Mon Actu<\/a>.<\/p>\n","protected":false},"excerpt":{"rendered":"Par Cl\u00e9mence Pays Publi\u00e9 le 11 janv. 2026 \u00e0 17h42 Top d\u00e9part\u2009! Samedi 10 janvier 2026, la Ville&hellip;\n","protected":false},"author":2,"featured_media":656688,"comment_status":"","ping_status":"","sticky":false,"template":"","format":"standard","meta":{"footnotes":""},"categories":[2821],"tags":[1111,11,829,1697,1777,674,25885,1011,27,1652,12,584,25],"class_list":{"0":"post-656687","1":"post","2":"type-post","3":"status-publish","4":"format-standard","5":"has-post-thumbnail","7":"category-rennes","8":"tag-actu","9":"tag-actualites","10":"tag-bretagne","11":"tag-concert","12":"tag-eu","13":"tag-europe","14":"tag-fete-de-la-musique","15":"tag-fr","16":"tag-france","17":"tag-loisirs-culture","18":"tag-news","19":"tag-rennes","20":"tag-republique-francaise"},"share_on_mastodon":{"url":"https:\/\/pubeurope.com\/@fr\/115877959740385539","error":""},"_links":{"self":[{"href":"https:\/\/www.europesays.com\/fr\/wp-json\/wp\/v2\/posts\/656687","targetHints":{"allow":["GET"]}}],"collection":[{"href":"https:\/\/www.europesays.com\/fr\/wp-json\/wp\/v2\/posts"}],"about":[{"href":"https:\/\/www.europesays.com\/fr\/wp-json\/wp\/v2\/types\/post"}],"author":[{"embeddable":true,"href":"https:\/\/www.europesays.com\/fr\/wp-json\/wp\/v2\/users\/2"}],"replies":[{"embeddable":true,"href":"https:\/\/www.europesays.com\/fr\/wp-json\/wp\/v2\/comments?post=656687"}],"version-history":[{"count":0,"href":"https:\/\/www.europesays.com\/fr\/wp-json\/wp\/v2\/posts\/656687\/revisions"}],"wp:featuredmedia":[{"embeddable":true,"href":"https:\/\/www.europesays.com\/fr\/wp-json\/wp\/v2\/media\/656688"}],"wp:attachment":[{"href":"https:\/\/www.europesays.com\/fr\/wp-json\/wp\/v2\/media?parent=656687"}],"wp:term":[{"taxonomy":"category","embeddable":true,"href":"https:\/\/www.europesays.com\/fr\/wp-json\/wp\/v2\/categories?post=656687"},{"taxonomy":"post_tag","embeddable":true,"href":"https:\/\/www.europesays.com\/fr\/wp-json\/wp\/v2\/tags?post=656687"}],"curies":[{"name":"wp","href":"https:\/\/api.w.org\/{rel}","templated":true}]}}