{"id":656691,"date":"2026-01-11T18:49:22","date_gmt":"2026-01-11T18:49:22","guid":{"rendered":"https:\/\/www.europesays.com\/fr\/656691\/"},"modified":"2026-01-11T18:49:22","modified_gmt":"2026-01-11T18:49:22","slug":"strasbourg-un-detenu-retrouve-mort-a-la-maison-darret","status":"publish","type":"post","link":"https:\/\/www.europesays.com\/fr\/656691\/","title":{"rendered":"Strasbourg. Un d\u00e9tenu retrouv\u00e9 mort \u00e0 la maison d\u2019arr\u00eat"},"content":{"rendered":"<p>Un d\u00e9tenu, \u00e2g\u00e9 de 40 ans, a \u00e9t\u00e9 retrouv\u00e9 mort, dimanche 11\u00a0janvier, \u00e0 la maison d\u2019arr\u00eat de Strasbourg. Ce sont ses cod\u00e9tenus qui ont fait la macabre d\u00e9couverte, t\u00f4t le matin, et ont donn\u00e9 l\u2019alerte. Le d\u00e9funt ex\u00e9cutait une peine au sein de la prison du quartier de l\u2019Elsau. Aucune trace suspecte n\u2019a \u00e9t\u00e9 observ\u00e9e.<\/p>\n<p>Le parquet de Strasbourg a ouvert une enqu\u00eate afin d\u2019\u00e9claircir les circonstances de son d\u00e9c\u00e8s. Une autopsie et des analyses toxicologiques devront notamment \u00eatre pratiqu\u00e9es.<\/p>\n","protected":false},"excerpt":{"rendered":"Un d\u00e9tenu, \u00e2g\u00e9 de 40 ans, a \u00e9t\u00e9 retrouv\u00e9 mort, dimanche 11\u00a0janvier, \u00e0 la maison d\u2019arr\u00eat de Strasbourg.&hellip;\n","protected":false},"author":2,"featured_media":656692,"comment_status":"","ping_status":"","sticky":false,"template":"","format":"standard","meta":{"footnotes":""},"categories":[2820],"tags":[1111,11,2389,2649,2880,1777,674,274,107,1011,27,775,12,25,640,2879],"class_list":{"0":"post-656691","1":"post","2":"type-post","3":"status-publish","4":"format-standard","5":"has-post-thumbnail","7":"category-strasbourg","8":"tag-actu","9":"tag-actualites","10":"tag-alsace","11":"tag-bas-rhin","12":"tag-edition-strasbourg","13":"tag-eu","14":"tag-europe","15":"tag-faits-divers-justice","16":"tag-fil-info","17":"tag-fr","18":"tag-france","19":"tag-grand-est","20":"tag-news","21":"tag-republique-francaise","22":"tag-strasbourg","23":"tag-strasbourg-ville"},"share_on_mastodon":{"url":"https:\/\/pubeurope.com\/@fr\/115877967533169998","error":""},"_links":{"self":[{"href":"https:\/\/www.europesays.com\/fr\/wp-json\/wp\/v2\/posts\/656691","targetHints":{"allow":["GET"]}}],"collection":[{"href":"https:\/\/www.europesays.com\/fr\/wp-json\/wp\/v2\/posts"}],"about":[{"href":"https:\/\/www.europesays.com\/fr\/wp-json\/wp\/v2\/types\/post"}],"author":[{"embeddable":true,"href":"https:\/\/www.europesays.com\/fr\/wp-json\/wp\/v2\/users\/2"}],"replies":[{"embeddable":true,"href":"https:\/\/www.europesays.com\/fr\/wp-json\/wp\/v2\/comments?post=656691"}],"version-history":[{"count":0,"href":"https:\/\/www.europesays.com\/fr\/wp-json\/wp\/v2\/posts\/656691\/revisions"}],"wp:featuredmedia":[{"embeddable":true,"href":"https:\/\/www.europesays.com\/fr\/wp-json\/wp\/v2\/media\/656692"}],"wp:attachment":[{"href":"https:\/\/www.europesays.com\/fr\/wp-json\/wp\/v2\/media?parent=656691"}],"wp:term":[{"taxonomy":"category","embeddable":true,"href":"https:\/\/www.europesays.com\/fr\/wp-json\/wp\/v2\/categories?post=656691"},{"taxonomy":"post_tag","embeddable":true,"href":"https:\/\/www.europesays.com\/fr\/wp-json\/wp\/v2\/tags?post=656691"}],"curies":[{"name":"wp","href":"https:\/\/api.w.org\/{rel}","templated":true}]}}