{"id":656693,"date":"2026-01-11T18:50:29","date_gmt":"2026-01-11T18:50:29","guid":{"rendered":"https:\/\/www.europesays.com\/fr\/656693\/"},"modified":"2026-01-11T18:50:29","modified_gmt":"2026-01-11T18:50:29","slug":"le-palais-des-fetes-va-connaitre-dimportants-travaux-pour-accueillir-lopera-national-du-rhin","status":"publish","type":"post","link":"https:\/\/www.europesays.com\/fr\/656693\/","title":{"rendered":"le Palais des f\u00eates va conna\u00eetre d&rsquo;importants travaux pour accueillir l&rsquo;Op\u00e9ra national du Rhin"},"content":{"rendered":"<p>                    Par<br \/>\n        <strong><br \/>\n            <a href=\"https:\/\/actu.fr\/auteur\/thomas-blanc\" title=\"Consulter tous les articles de Thomas Blanc\" target=\"_blank\" rel=\"noopener\">Thomas Blanc<\/a><br \/>\n                    <\/strong><\/p>\n<p>        Publi\u00e9 le<\/p>\n<p>            11 janv. 2026 \u00e0 18h02        <\/p>\n<p>Le <strong>Palais des f\u00eates<\/strong>, situ\u00e9 \u00e0 l\u2019angle de la rue Sell\u00e9nick et de la rue de Phalsbourg \u00e0 Strasbourg, va accueillir <a href=\"https:\/\/actu.fr\/grand-est\/strasbourg_67482\/opera-national-du-rhin-a-strasbourg-le-projet-de-renovation-devoile-voici-ce-qu-il-faut-en-retenir_62496236.html\" target=\"_blank\" rel=\"noopener\">l\u2019Op\u00e9ra national du Rhin (OnR)<\/a> <strong>\u00e0 partir de l\u2019automne 2028<\/strong>, le temps de la r\u00e9novation de ce dernier. Pour le faire dans de bonnes conditions, il va \u00eatre drastiquement am\u00e9lior\u00e9.<\/p>\n<p class=\" wall-content\">Voici tout ce qu\u2019il faut savoir.<\/p>\n<p>Pr\u00e8s de 700\u00a0personnes pourront assister aux repr\u00e9sentations<\/p>\n<p class=\" wall-content\">Le Palais des f\u00eates, ce b\u00e2timent Art nouveau, class\u00e9 monument historique, immanquable \u00e0 la Neustadt, va changer d\u2019usage. Quartier g\u00e9n\u00e9ral de <strong>La Chorale strasbourgeoise<\/strong> depuis des d\u00e9cennies, ce sont des repr\u00e9sentations de l\u2019Op\u00e9ra national du Rhin qu\u2019il accueillera <strong>entre\u00a02028 et\u00a02033<\/strong>.<\/p>\n<p class=\" wall-content\">La maire de Strasbourg, Jeanne Barseghian, y voit \u00ab\u2009l\u2019opportunit\u00e9 de poursuivre une s\u00e9rie de travaux d\u00e9marr\u00e9e en 2012\u2009\u00bb, afin d\u2019am\u00e9liorer la salle \u00ab<strong>\u2009trop r\u00e9verb\u00e9rante<\/strong>\u2009\u00bb comme la d\u00e9crit Alain Perroux, directeur g\u00e9n\u00e9ral de l\u2019OnR. D\u2019importants travaux pour am\u00e9liorer l\u2019acoustique seront donc men\u00e9s.<\/p>\n<p class=\" wall-content\">Un <strong>gradin provisoire<\/strong> sera construit pour installer les quelque <strong>660\u00a0personnes qui pourront y prendre place<\/strong>, une fosse pour l\u2019orchestre sera cr\u00e9\u00e9e et la salle des colonnes deviendra des loges. Au niveau technique, <strong>un monte-charge<\/strong> sera mis en place pour monter les d\u00e9cors \u00e0 l\u2019\u00e9tage, o\u00f9 se trouve la sc\u00e8ne, chose qui manque cruellement \u00e0 la salle aujourd\u2019hui.<\/p>\n<p>L\u2019OnR se produira au Palais des f\u00eates \u00e0 partir de l\u2019\u00e9t\u00e9 2028<\/p>\n<p class=\" wall-content\">Les travaux, dont le co\u00fbt s\u2019\u00e9l\u00e8ve \u00e0 <strong>11 millions d\u2019euros<\/strong>, commenceront aussit\u00f4t que l\u2019orgue, <strong>inscrit au titre objet par les monuments historiques,<\/strong> aura \u00e9t\u00e9 retir\u00e9 de la salle\u2009; c\u2019est-\u00e0-dire \u00e0 l\u2019\u00e9t\u00e9 2026. Ils se poursuivront jusqu\u2019en octobre 2027.<\/p>\n<p>Votre r\u00e9gion, votre actu !<\/p>\n<p>Recevez chaque jour les infos qui comptent pour vous.<\/p>\n<p>\t<a href=\"https:\/\/actu.fr\/newsletter\" class=\"ac-btn ac-btn--corner ac-btn--medium ac-btn--blue800\" target=\"_blank\" rel=\"noopener\">S&rsquo;incrire<\/a><\/p>\n<p class=\" wall-content\">L\u2019OnR pourra y prendre ses quartiers durant le premier trimestre 2028 et <strong>d\u00e9marrer ses repr\u00e9sentations au courant de l\u2019\u00e9t\u00e9 2028<\/strong> et ce jusqu\u2019\u00e0 fin 2033, date \u00e0 laquelle il pourra retourner place Broglie.<\/p>\n<p class=\" wall-content\">Pour l\u2019usage et les locations futures du lieu, le syst\u00e8me de d\u00e9senfumage sera am\u00e9lior\u00e9.<\/p>\n<p class=\" wall-content\">Personnalisez votre actualit\u00e9 en ajoutant vos villes et m\u00e9dias en favori avec <a href=\"https:\/\/moncompte.actu.fr\" title=\"D\u00e9couvez Mon Actu\" rel=\"nofollow noopener\" data-trk=\"{&quot;cta&quot;:{&quot;action&quot;:&quot;https:\\\/\\\/moncompte.actu.fr&quot;,&quot;category&quot;:&quot;mon compte&quot;,&quot;from&quot;:&quot;article footer&quot;,&quot;name&quot;:&quot;Mon actu&quot;,&quot;type&quot;:&quot;cta&quot;}}\" target=\"_blank\">Mon Actu<\/a>.<\/p>\n","protected":false},"excerpt":{"rendered":"Par Thomas Blanc Publi\u00e9 le 11 janv. 2026 \u00e0 18h02 Le Palais des f\u00eates, situ\u00e9 \u00e0 l\u2019angle de&hellip;\n","protected":false},"author":2,"featured_media":656694,"comment_status":"","ping_status":"","sticky":false,"template":"","format":"standard","meta":{"footnotes":""},"categories":[2820],"tags":[1111,11,1777,674,1011,27,775,12,25,104,853,640,2086],"class_list":{"0":"post-656693","1":"post","2":"type-post","3":"status-publish","4":"format-standard","5":"has-post-thumbnail","7":"category-strasbourg","8":"tag-actu","9":"tag-actualites","10":"tag-eu","11":"tag-europe","12":"tag-fr","13":"tag-france","14":"tag-grand-est","15":"tag-news","16":"tag-republique-francaise","17":"tag-societe","18":"tag-spectacles","19":"tag-strasbourg","20":"tag-travaux"},"share_on_mastodon":{"url":"https:\/\/pubeurope.com\/@fr\/115877971734760211","error":""},"_links":{"self":[{"href":"https:\/\/www.europesays.com\/fr\/wp-json\/wp\/v2\/posts\/656693","targetHints":{"allow":["GET"]}}],"collection":[{"href":"https:\/\/www.europesays.com\/fr\/wp-json\/wp\/v2\/posts"}],"about":[{"href":"https:\/\/www.europesays.com\/fr\/wp-json\/wp\/v2\/types\/post"}],"author":[{"embeddable":true,"href":"https:\/\/www.europesays.com\/fr\/wp-json\/wp\/v2\/users\/2"}],"replies":[{"embeddable":true,"href":"https:\/\/www.europesays.com\/fr\/wp-json\/wp\/v2\/comments?post=656693"}],"version-history":[{"count":0,"href":"https:\/\/www.europesays.com\/fr\/wp-json\/wp\/v2\/posts\/656693\/revisions"}],"wp:featuredmedia":[{"embeddable":true,"href":"https:\/\/www.europesays.com\/fr\/wp-json\/wp\/v2\/media\/656694"}],"wp:attachment":[{"href":"https:\/\/www.europesays.com\/fr\/wp-json\/wp\/v2\/media?parent=656693"}],"wp:term":[{"taxonomy":"category","embeddable":true,"href":"https:\/\/www.europesays.com\/fr\/wp-json\/wp\/v2\/categories?post=656693"},{"taxonomy":"post_tag","embeddable":true,"href":"https:\/\/www.europesays.com\/fr\/wp-json\/wp\/v2\/tags?post=656693"}],"curies":[{"name":"wp","href":"https:\/\/api.w.org\/{rel}","templated":true}]}}