{"id":656697,"date":"2026-01-11T18:52:51","date_gmt":"2026-01-11T18:52:51","guid":{"rendered":"https:\/\/www.europesays.com\/fr\/656697\/"},"modified":"2026-01-11T18:52:51","modified_gmt":"2026-01-11T18:52:51","slug":"fun-radio-midi-pyrenees-vous-offre-vos-places-pour-tfc-nice","status":"publish","type":"post","link":"https:\/\/www.europesays.com\/fr\/656697\/","title":{"rendered":"Fun Radio Midi-Pyr\u00e9n\u00e9es vous offre vos places pour TFC \/ Nice"},"content":{"rendered":"<p class=\"article-p mdl\">Le Toulouse FC accueille l&rsquo;OGC Nice, ce samedi \u00e0 19h00 au Stadium ! Gagnez vos places toute la semaine sur Fun Radio Midi-Pyr\u00e9n\u00e9es pour encourager les violets ! \u00a0<\/p>\n<p>            Comment jouer ?<\/p>\n<p class=\"article-p mdl\">Envoyez un mail \u00e0 : <strong>toulouse@funradio.fr\u00a0<\/strong><br \/>Objet du mail :\u00a0<strong>TEFECE<\/strong><br \/>Indiquez dans le mail votre <strong>nom<\/strong>, <strong>pr\u00e9nom<\/strong>, <strong>adresse<\/strong> et <strong>num\u00e9ro de t\u00e9l\u00e9phone<\/strong>.<br \/>Une seule participation par foyer !<\/p>\n<p>\n                                    Lire la suite\n                                <\/p>\n","protected":false},"excerpt":{"rendered":"Le Toulouse FC accueille l&rsquo;OGC Nice, ce samedi \u00e0 19h00 au Stadium ! Gagnez vos places toute la&hellip;\n","protected":false},"author":2,"featured_media":656698,"comment_status":"","ping_status":"","sticky":false,"template":"","format":"standard","meta":{"footnotes":""},"categories":[2819],"tags":[1111,11,1777,674,3696,1011,27,12,2401,882,16,25,517,2312],"class_list":{"0":"post-656697","1":"post","2":"type-post","3":"status-publish","4":"format-standard","5":"has-post-thumbnail","7":"category-nice","8":"tag-actu","9":"tag-actualites","10":"tag-eu","11":"tag-europe","12":"tag-evenements","13":"tag-fr","14":"tag-france","15":"tag-news","16":"tag-nice","17":"tag-provence-alpes-cote-dazur","18":"tag-region","19":"tag-republique-francaise","20":"tag-sport","21":"tag-toulouse"},"share_on_mastodon":{"url":"https:\/\/pubeurope.com\/@fr\/115877983187487889","error":""},"_links":{"self":[{"href":"https:\/\/www.europesays.com\/fr\/wp-json\/wp\/v2\/posts\/656697","targetHints":{"allow":["GET"]}}],"collection":[{"href":"https:\/\/www.europesays.com\/fr\/wp-json\/wp\/v2\/posts"}],"about":[{"href":"https:\/\/www.europesays.com\/fr\/wp-json\/wp\/v2\/types\/post"}],"author":[{"embeddable":true,"href":"https:\/\/www.europesays.com\/fr\/wp-json\/wp\/v2\/users\/2"}],"replies":[{"embeddable":true,"href":"https:\/\/www.europesays.com\/fr\/wp-json\/wp\/v2\/comments?post=656697"}],"version-history":[{"count":0,"href":"https:\/\/www.europesays.com\/fr\/wp-json\/wp\/v2\/posts\/656697\/revisions"}],"wp:featuredmedia":[{"embeddable":true,"href":"https:\/\/www.europesays.com\/fr\/wp-json\/wp\/v2\/media\/656698"}],"wp:attachment":[{"href":"https:\/\/www.europesays.com\/fr\/wp-json\/wp\/v2\/media?parent=656697"}],"wp:term":[{"taxonomy":"category","embeddable":true,"href":"https:\/\/www.europesays.com\/fr\/wp-json\/wp\/v2\/categories?post=656697"},{"taxonomy":"post_tag","embeddable":true,"href":"https:\/\/www.europesays.com\/fr\/wp-json\/wp\/v2\/tags?post=656697"}],"curies":[{"name":"wp","href":"https:\/\/api.w.org\/{rel}","templated":true}]}}