{"id":656710,"date":"2026-01-11T19:02:21","date_gmt":"2026-01-11T19:02:21","guid":{"rendered":"https:\/\/www.europesays.com\/fr\/656710\/"},"modified":"2026-01-11T19:02:21","modified_gmt":"2026-01-11T19:02:21","slug":"la-compo-de-lol-contre-lille-paulo-fonseca-a-tranche-pour-endrick","status":"publish","type":"post","link":"https:\/\/www.europesays.com\/fr\/656710\/","title":{"rendered":"La compo de l\u2019OL contre Lille : Paulo Fonseca a tranch\u00e9 pour Endrick"},"content":{"rendered":"<p><a href=\"https:\/\/www.goal.com\/fr\/listes\/l-ol-dompte-monaco-dans-un-match-sans-rythme-1-3\/bltc54f303b6c76dcb2\" target=\"_self\" rel=\"noopener\">Une semaine apr\u00e8s avoir battu Monaco en Ligue 1 (1-3)<\/a>, l\u2019OL affronte un nouveau gros morceau ce dimanche. En lice pour les 16es de finale de la Coupe de France, les Gones doivent sortir le LOSC afin de retrouver les huiti\u00e8mes de finale. C\u2019est donc un challenge important pour Paulo Fonseca et ses hommes qui comptent sur la Coupe de France pour offrir un titre \u00e0 Lyon, cette saison.\u00a0<\/p>\n<p>Le technicien portugais peut d\u2019ailleurs compter sur la nouvelle recrue, Endrick, enfin \u00e9ligible pour jouer avec le club rhodanien. Cependant,<a href=\"https:\/\/www.goal.com\/fr\/listes\/mercato-les-dessous-du-pret-d-endrick-a-l-ol\/blt62f7a59e178c62bd\" target=\"_self\" rel=\"noopener\">\u00a0le transfuge du Real Madrid<\/a> ne devrait pas d\u00e9marrer en tant que titulaire, <a href=\"https:\/\/www.goal.com\/fr\/listes\/ol-la-nouvelle-sortie-explosive-de-paulo-fonseca-sur-endrick\/blt30e8ee5d4d10d9e8\" target=\"_self\" rel=\"noopener\">m\u00eame si Paulo Fonseca a assur\u00e9 en conf\u00e9rence de presse qu\u2019il aura du temps de jeu.\u00a0<\/a><\/p>\n","protected":false},"excerpt":{"rendered":"Une semaine apr\u00e8s avoir battu Monaco en Ligue 1 (1-3), l\u2019OL affronte un nouveau gros morceau ce dimanche.&hellip;\n","protected":false},"author":2,"featured_media":656711,"comment_status":"","ping_status":"","sticky":false,"template":"","format":"standard","meta":{"footnotes":""},"categories":[2815],"tags":[1111,11,83,64783,1777,674,1011,27,811,1307,55154,2428,12,3811,25],"class_list":{"0":"post-656710","1":"post","2":"type-post","3":"status-publish","4":"format-standard","5":"has-post-thumbnail","7":"category-lille","8":"tag-actu","9":"tag-actualites","10":"tag-coupe-de-france","11":"tag-endrick","12":"tag-eu","13":"tag-europe","14":"tag-fr","15":"tag-france","16":"tag-hauts-de-france","17":"tag-lille","18":"tag-lille-vs-lyon","19":"tag-lyon","20":"tag-news","21":"tag-p-fonseca","22":"tag-republique-francaise"},"share_on_mastodon":{"url":"https:\/\/pubeurope.com\/@fr\/115878019173711335","error":""},"_links":{"self":[{"href":"https:\/\/www.europesays.com\/fr\/wp-json\/wp\/v2\/posts\/656710","targetHints":{"allow":["GET"]}}],"collection":[{"href":"https:\/\/www.europesays.com\/fr\/wp-json\/wp\/v2\/posts"}],"about":[{"href":"https:\/\/www.europesays.com\/fr\/wp-json\/wp\/v2\/types\/post"}],"author":[{"embeddable":true,"href":"https:\/\/www.europesays.com\/fr\/wp-json\/wp\/v2\/users\/2"}],"replies":[{"embeddable":true,"href":"https:\/\/www.europesays.com\/fr\/wp-json\/wp\/v2\/comments?post=656710"}],"version-history":[{"count":0,"href":"https:\/\/www.europesays.com\/fr\/wp-json\/wp\/v2\/posts\/656710\/revisions"}],"wp:featuredmedia":[{"embeddable":true,"href":"https:\/\/www.europesays.com\/fr\/wp-json\/wp\/v2\/media\/656711"}],"wp:attachment":[{"href":"https:\/\/www.europesays.com\/fr\/wp-json\/wp\/v2\/media?parent=656710"}],"wp:term":[{"taxonomy":"category","embeddable":true,"href":"https:\/\/www.europesays.com\/fr\/wp-json\/wp\/v2\/categories?post=656710"},{"taxonomy":"post_tag","embeddable":true,"href":"https:\/\/www.europesays.com\/fr\/wp-json\/wp\/v2\/tags?post=656710"}],"curies":[{"name":"wp","href":"https:\/\/api.w.org\/{rel}","templated":true}]}}