{"id":656742,"date":"2026-01-11T19:19:15","date_gmt":"2026-01-11T19:19:15","guid":{"rendered":"https:\/\/www.europesays.com\/fr\/656742\/"},"modified":"2026-01-11T19:19:15","modified_gmt":"2026-01-11T19:19:15","slug":"il-y-a-eu-de-la-bagarre-aux-championnats-de-dordogne-de-cross","status":"publish","type":"post","link":"https:\/\/www.europesays.com\/fr\/656742\/","title":{"rendered":"Il y a eu de la bagarre aux championnats de Dordogne de cross"},"content":{"rendered":"<p>Tant mieux, cela a permis aux concurrents de pouvoir tout donner\u00a0; et cela a permis aux spectateurs d\u2019assister \u00e0 des courses accroch\u00e9es. Comme chez les juniors masculins. Pedro Fandango Costa (ES Tr\u00e9lissac) a fini par prendre le meilleur, au finish, sur les membres de Dordogne Athl\u00e9 Jean-Lou Bouteil-Beaufort et Martin Scheuber.<\/p>\n<p>        <img decoding=\"async\" id=\"27379000\" src=\"https:\/\/www.europesays.com\/fr\/wp-content\/uploads\/2026\/01\/20260111184037-dsc749cropped.jpg\" alt=\"Chez les f\u00e9minines, Julia Paduch a nettement domin\u00e9.\" itemprop=\"contentURL\"\/><\/p>\n<p>    Chez les f\u00e9minines, Julia Paduch a nettement domin\u00e9.<\/p>\n<p>Michel Faure<\/p>\n<p>\u00ab\u00a0On \u00e9tait tous dans la m\u00eame strat\u00e9gie, explique le vainqueur. Mais je me suis retrouv\u00e9 devant, avant de me faire d\u00e9passer. Et dans les derniers m\u00e8tres, j\u2019ai tout donn\u00e9. Il ne faut jamais s\u2019arr\u00eater tant que les jambes peuvent encore tourner.\u00a0\u00bb<\/p>\n<p>        <img decoding=\"async\" id=\"27378816\" src=\"https:\/\/www.europesays.com\/fr\/wp-content\/uploads\/2026\/01\/20260111182530-dsc798cropped.jpg\" alt=\"Abdul Othmane (num\u00e9ro\u00a0194) a remport\u00e9 la course seniors.\" itemprop=\"contentURL\"\/><\/p>\n<p>    Abdul Othmane (num\u00e9ro\u00a0194) a remport\u00e9 la course seniors.<\/p>\n<p>Michel Faure<\/p>\n<p>Chez les seniors hommes aussi, il y a eu de la bagarre, en l\u2019absence finalement de Yohan Durand, touch\u00e9 aux ischios. Cl\u00e9ment Christen, de Cherveix-Cubas, a men\u00e9 toute la course. Mais dans les derniers hectom\u00e8tres, Abdul Othmane (Dordogne Athl\u00e9) a pris les commandes pour ne plus les rendre.<\/p>\n<p>        <img decoding=\"async\" id=\"27378408\" src=\"https:\/\/www.europesays.com\/fr\/wp-content\/uploads\/2026\/01\/20260111180523-dsc692cropped.jpg\" alt=\"Marion Rohaut est sacr\u00e9e sur le cross long f\u00e9minin.\" itemprop=\"contentURL\"\/><\/p>\n<p>    Marion Rohaut est sacr\u00e9e sur le cross long f\u00e9minin.<\/p>\n<p>Michel Faure<\/p>\n<p>\u00ab\u00a0Le parcours est superbe. Le but \u00e9tait de laisser Cl\u00e9ment s\u2019\u00e9puiser et de revenir progressivement. Sur la fin, j\u2019ai un peu mal au ventre, mais j\u2019ai serr\u00e9 les dents\u00a0\u00bb, explique le Bergeracois.<\/p>\n<p>Sur d\u2019autres courses, le suspense a \u00e9t\u00e9 moins dense, comme chez les minimes filles, avec la large victoire de Lilly Richards (DA) &#8211; britannique, elle n\u2019est pas championne, le titre revient \u00e0 Natacha Bouriel (DA). Sur les \u00e9preuves f\u00e9minines seniors, Julia Paduch a tout rafl\u00e9, sur le cross court comme long. Mais, en pleine bisbille avec son ancien club du CAP et son futur du Bergerac AC, elle a couru sans licence. Donc pas de titre pour elle. Marion Rohaut (Bergerac) est sacr\u00e9e sur le long, \u00c9loise Monnier (CAP) sur le court. <\/p>\n<p>        <img decoding=\"async\" id=\"27378375\" src=\"https:\/\/www.europesays.com\/fr\/wp-content\/uploads\/2026\/01\/20260111180521-dsc689.jpg\" alt=\"Alexandre Guillet s\u2019est impos\u00e9 sans souci sur le cross court.\" itemprop=\"contentURL\"\/><\/p>\n<p>    Alexandre Guillet s\u2019est impos\u00e9 sans souci sur le cross court.<\/p>\n<p>Michel Faure<\/p>\n<p>Chez les messieurs, Alexandre Guillet n\u2019a rien laiss\u00e9 sur le cross court. \u00ab\u00a0Le terrain n\u2019\u00e9tait pas trop gras mais instable, donc il fallait faire attention aux chevilles. Maintenant, je vais me tourner vers les r\u00e9gionaux.\u00a0\u00bb Ce sera dimanche 25\u00a0janvier, \u00e0 Pompadour (Corr\u00e8ze).<\/p>\n","protected":false},"excerpt":{"rendered":"Tant mieux, cela a permis aux concurrents de pouvoir tout donner\u00a0; et cela a permis aux spectateurs d\u2019assister&hellip;\n","protected":false},"author":2,"featured_media":656743,"comment_status":"","ping_status":"","sticky":false,"template":"","format":"standard","meta":{"footnotes":""},"categories":[1586],"tags":[11,1777,674,1779,1011,27,12,25,1778,364],"class_list":{"0":"post-656742","1":"post","2":"type-post","3":"status-publish","4":"format-standard","5":"has-post-thumbnail","7":"category-europe","8":"tag-actualites","9":"tag-eu","10":"tag-europe","11":"tag-european-union","12":"tag-fr","13":"tag-france","14":"tag-news","15":"tag-republique-francaise","16":"tag-ue","17":"tag-union-europeenne"},"share_on_mastodon":{"url":"https:\/\/pubeurope.com\/@fr\/115878085678391066","error":""},"_links":{"self":[{"href":"https:\/\/www.europesays.com\/fr\/wp-json\/wp\/v2\/posts\/656742","targetHints":{"allow":["GET"]}}],"collection":[{"href":"https:\/\/www.europesays.com\/fr\/wp-json\/wp\/v2\/posts"}],"about":[{"href":"https:\/\/www.europesays.com\/fr\/wp-json\/wp\/v2\/types\/post"}],"author":[{"embeddable":true,"href":"https:\/\/www.europesays.com\/fr\/wp-json\/wp\/v2\/users\/2"}],"replies":[{"embeddable":true,"href":"https:\/\/www.europesays.com\/fr\/wp-json\/wp\/v2\/comments?post=656742"}],"version-history":[{"count":0,"href":"https:\/\/www.europesays.com\/fr\/wp-json\/wp\/v2\/posts\/656742\/revisions"}],"wp:featuredmedia":[{"embeddable":true,"href":"https:\/\/www.europesays.com\/fr\/wp-json\/wp\/v2\/media\/656743"}],"wp:attachment":[{"href":"https:\/\/www.europesays.com\/fr\/wp-json\/wp\/v2\/media?parent=656742"}],"wp:term":[{"taxonomy":"category","embeddable":true,"href":"https:\/\/www.europesays.com\/fr\/wp-json\/wp\/v2\/categories?post=656742"},{"taxonomy":"post_tag","embeddable":true,"href":"https:\/\/www.europesays.com\/fr\/wp-json\/wp\/v2\/tags?post=656742"}],"curies":[{"name":"wp","href":"https:\/\/api.w.org\/{rel}","templated":true}]}}