{"id":656748,"date":"2026-01-11T19:22:32","date_gmt":"2026-01-11T19:22:32","guid":{"rendered":"https:\/\/www.europesays.com\/fr\/656748\/"},"modified":"2026-01-11T19:22:32","modified_gmt":"2026-01-11T19:22:32","slug":"les-formations-musicales-de-radio-france-quand-linfluence-francaise-se-marie-a-la-symphonie","status":"publish","type":"post","link":"https:\/\/www.europesays.com\/fr\/656748\/","title":{"rendered":"Les formations musicales de Radio France, quand l&rsquo;influence fran\u00e7aise se marie \u00e0 la symphonie"},"content":{"rendered":"<p class=\"PopSlotParagraph qg-tx2 qg-xtra-lh svelte-1r0pyek\">Orchestre philharmonique de Radio France, Orchestre national de France, Ch\u0153ur de Radio France et Ma\u00eetrise de Radio France&#8230; Quatre ensembles musicaux, tous r\u00e9unis sous l&rsquo;\u00e9gide de Radio France, et pilier de la strat\u00e9gie musicale de l&rsquo;organisation publique.<\/p>\n<p class=\"PopSlotParagraph qg-tx2 qg-xtra-lh svelte-1r0pyek\">V\u00e9ritable outil d&rsquo;influence, ces institutions musicales attirent les jeunes talents du monde entier, tout en tentant de participer \u00e0 l&rsquo;\u00e9ducation et la formation musicale dans les territoires fran\u00e7ais, et d&rsquo;officier pour les grands \u00e9v\u00e9nements culturels du pays, comme les Jeux Olympiques ou la f\u00eate du 14 juillet.<\/p>\n<p class=\"PopSlotParagraph qg-tx2 qg-xtra-lh svelte-1r0pyek\">Pour mieux comprendre les rouages de ce soft power symphonique, Soft Power re\u00e7oit <strong>Michel Orier<\/strong>, directeur de la musique et de la cr\u00e9ation de Radio France.<\/p>\n<p> L&rsquo;histoire fran\u00e7aise hors de France<\/p>\n<p class=\"PopSlotParagraph qg-tx2 qg-xtra-lh svelte-1r0pyek\">De Waterloo \u00e0 l&rsquo;Institut Pasteur de Nha Trang au Vietnam, en passant par la Statue de Libert\u00e9 \u00e0 New-York et le balcon de l&rsquo;H\u00f4tel de Ville de Montr\u00e9al, les traces de l&rsquo;histoire fran\u00e7aise ne sont \u00e9videmment pas cantonn\u00e9 aux seules fronti\u00e8res hexagonales. Au contraire, ce r\u00e9cit historique s&rsquo;est forg\u00e9 partout \u00e0 l&rsquo;international, vestige notamment de sa puissance g\u00e9opolitique et de son pass\u00e9 colonial.<\/p>\n<p class=\"PopSlotParagraph qg-tx2 qg-xtra-lh svelte-1r0pyek\">Dirig\u00e9 par les historiens <strong>Michel Winock<\/strong> et <strong>Olivier Wieviorka<\/strong>, Les Lieux Mondiaux de l&rsquo;Histoire de France (Perrin) approche donc l&rsquo;histoire par ce prisme international, fort de vingt-quatre chapitres et d&rsquo;une vingtaine de collaborateurs.<\/p>\n<p> Washington, Manus et L&rsquo;Express<\/p>\n<p class=\"PopSlotParagraph qg-tx2 qg-xtra-lh svelte-1r0pyek\">Cette semaine, retour sur la d\u00e9cision de l&rsquo;Op\u00e9ra National de Washington de quitter l&rsquo;enceinte du Kennedy Center, renomm\u00e9 Trump-Kennedy par l&rsquo;actuel h\u00f4te de la Maison Blanche. Au programme, \u00e9galement, la d\u00e9cision du magazine L&rsquo;Express de lancer une \u00e9dition europ\u00e9enne,\u00a0la bataille commerciale entre Chine, Singapour et Etats-Unis, \u00e0 l&rsquo;occasion du rachat par Meta de la soci\u00e9t\u00e9 singapourienne d&rsquo;intelligence artificielle Manus, un aper\u00e7u de la saison 2026 en mati\u00e8re d&rsquo;art contemporain, et les premiers retours du Minist\u00e8re de la Culture dans le cadre de l&rsquo;exp\u00e9rimentation permettant la publicit\u00e9 des livres \u00e0 la t\u00e9l\u00e9vision.<\/p>\n<p> BOX OFFICE<\/p>\n<p class=\"PopSlotParagraph qg-tx2 qg-xtra-lh svelte-1r0pyek\">Dans le \u00ab\u00a0Box-Office\u00a0\u00bb de la semaine, Soft Power revient sur le succ\u00e8s d&rsquo;estime et critique de L&rsquo;Agent \u00e9tranger, thriller politique prenant place dans le Br\u00e9sil des ann\u00e9es 1970, et Prix d&rsquo;interpr\u00e9tation masculine et de la mise en sc\u00e8ne au dernier Festival de Cannes. Retour \u00e9galement sur La Collision, roman de Pierre Gasnier (par ailleurs journaliste \u00e0 Quotidien) et heureux laur\u00e9at du prix Goncourt des D\u00e9tenus.<\/p>\n<p class=\"PopSlotParagraph qg-tx2 qg-xtra-lh svelte-1r0pyek\">MUSIQUE DE LA SEMAINE\u00a0: La Marseillaise, extrait du film <strong>Napol\u00e9on<\/strong> d&rsquo;Abel Gance<\/p>\n<p class=\"PopSlotParagraph qg-tx2 qg-xtra-lh svelte-1r0pyek\"><strong>LITT\u00c9RATURE<\/strong><\/p>\n<p class=\"PopSlotParagraph qg-tx2 qg-xtra-lh svelte-1r0pyek\"><strong>1) La Femme de m\u00e9nage,<\/strong> de Freida McFadden<br \/><strong>2) La Femme de m\u00e9nage voit tout,<\/strong>\u00a0de Freida McFadden<br \/><strong>3) Les secrets de la Femme de m\u00e9nage,<\/strong>\u00a0de Freida McFadden<br \/><strong>4) La Maison Vide,<\/strong> de Laurent Mauvignier<br \/><strong>5) La Femme de m\u00e9nage se marie,<\/strong>\u00a0de Freida McFadden<br \/><strong>6) La Psy,<\/strong>\u00a0de Freida McFadden<br \/><strong>7) Le Boyfriend,<\/strong>\u00a0de Freida McFadden<br \/><strong>8) 13 \u00e0 Table\u00a0! : 2026,<\/strong>\u00a0recueil de nouvelles b\u00e9n\u00e9voles, profits \u00e0 destination des Restos du Coeur<br \/><strong>9)<\/strong>\u00a0<strong>Je voulais vivre\u00a0: Milady n&rsquo;est pas une femme qui pleure\u2026 elle est de celles qui se vengent<\/strong>, d&rsquo;Adela\u00efde de Clermont-Tonnerre<br \/><strong>10) 8,2 secondes,<\/strong> de Maxime Chattam<\/p>\n<p class=\"PopSlotParagraph qg-tx2 qg-xtra-lh svelte-1r0pyek\"><strong>CIN\u00c9MA<\/strong><\/p>\n<p class=\"PopSlotParagraph qg-tx2 qg-xtra-lh svelte-1r0pyek\"><strong>1) Avatar\u00a0: De Feu et de Cendres,<\/strong> de James Cameron<br \/><strong>2) La Femme de m\u00e9nage,<\/strong> de Paul Feig<br \/><strong>3) Zootopie 2<\/strong>, de Byron Howard et Rich Moore<br \/><strong>4) Le Chant des For\u00eats<\/strong>, de Vincent Munier<br \/><strong>5) Chasse gard\u00e9e 2<\/strong>, d&rsquo;Antonin Fourlon et Fr\u00e9d\u00e9ric Forestier<br \/><strong>6) Bob l&rsquo;\u00e9ponge le Film\u00a0: Un pour tous, tous pirates\u00a0!,<\/strong> de Derek Drymon<br \/><strong>7) Anaconda,<\/strong> de Tom Gormican<br \/><strong>8) L&rsquo;\u00e2me id\u00e9ale,<\/strong> d&rsquo;Alice Vial<br \/><strong>9) L&rsquo;Agent Secret<\/strong>, de Kleber Mendonca Filho<br \/><strong>10) Heidi et le Lynx des montagnes<\/strong>, de Tobias Schwarz<\/p>\n<p class=\"PopSlotParagraph qg-tx2 qg-xtra-lh svelte-1r0pyek\"><strong>JEU VID\u00c9O<\/strong><\/p>\n<p class=\"PopSlotParagraph qg-tx2 qg-xtra-lh svelte-1r0pyek\"><strong>1) EA Sports FC 26<\/strong> (PS5)<br \/><strong>2) Mario Kart 8 Deluxe<\/strong> (Switch)<br \/><strong>3) Call of Duty\u00a0: Black Ops 7<\/strong> (PS5)<br \/><strong>4) EA Sports FC 26<\/strong> (Switch)<br \/><strong>5) Pokemon Legends Z-A<\/strong> (Switch)<br \/><strong>6) Super Mario Galaxy + Super Mario Galaxy 2<\/strong> (Switch)<br \/><strong>7) Minecraft<\/strong> (Switch)<br \/><strong>8) Super Mario Party Jamboree<\/strong> (Switch)<br \/><strong>9) Avatar\u00a0: Frontiers of Pandora<\/strong> (PS5)<br \/><strong>10) Donkey Kong Bananza<\/strong> (Switch 2)<\/p>\n","protected":false},"excerpt":{"rendered":"Orchestre philharmonique de Radio France, Orchestre national de France, Ch\u0153ur de Radio France et Ma\u00eetrise de Radio France&#8230;&hellip;\n","protected":false},"author":2,"featured_media":656749,"comment_status":"","ping_status":"","sticky":false,"template":"","format":"standard","meta":{"footnotes":""},"categories":[4],"tags":[11,1011,27,12,25],"class_list":{"0":"post-656748","1":"post","2":"type-post","3":"status-publish","4":"format-standard","5":"has-post-thumbnail","7":"category-france","8":"tag-actualites","9":"tag-fr","10":"tag-france","11":"tag-news","12":"tag-republique-francaise"},"share_on_mastodon":{"url":"https:\/\/pubeurope.com\/@fr\/115878097159072749","error":""},"_links":{"self":[{"href":"https:\/\/www.europesays.com\/fr\/wp-json\/wp\/v2\/posts\/656748","targetHints":{"allow":["GET"]}}],"collection":[{"href":"https:\/\/www.europesays.com\/fr\/wp-json\/wp\/v2\/posts"}],"about":[{"href":"https:\/\/www.europesays.com\/fr\/wp-json\/wp\/v2\/types\/post"}],"author":[{"embeddable":true,"href":"https:\/\/www.europesays.com\/fr\/wp-json\/wp\/v2\/users\/2"}],"replies":[{"embeddable":true,"href":"https:\/\/www.europesays.com\/fr\/wp-json\/wp\/v2\/comments?post=656748"}],"version-history":[{"count":0,"href":"https:\/\/www.europesays.com\/fr\/wp-json\/wp\/v2\/posts\/656748\/revisions"}],"wp:featuredmedia":[{"embeddable":true,"href":"https:\/\/www.europesays.com\/fr\/wp-json\/wp\/v2\/media\/656749"}],"wp:attachment":[{"href":"https:\/\/www.europesays.com\/fr\/wp-json\/wp\/v2\/media?parent=656748"}],"wp:term":[{"taxonomy":"category","embeddable":true,"href":"https:\/\/www.europesays.com\/fr\/wp-json\/wp\/v2\/categories?post=656748"},{"taxonomy":"post_tag","embeddable":true,"href":"https:\/\/www.europesays.com\/fr\/wp-json\/wp\/v2\/tags?post=656748"}],"curies":[{"name":"wp","href":"https:\/\/api.w.org\/{rel}","templated":true}]}}