{"id":656775,"date":"2026-01-11T19:42:10","date_gmt":"2026-01-11T19:42:10","guid":{"rendered":"https:\/\/www.europesays.com\/fr\/656775\/"},"modified":"2026-01-11T19:42:10","modified_gmt":"2026-01-11T19:42:10","slug":"une-mercedes-300-sl-papillon-tres-rare-reapparait-poussiereuse-dans-un-parking-parisien","status":"publish","type":"post","link":"https:\/\/www.europesays.com\/fr\/656775\/","title":{"rendered":"Une Mercedes 300 SL Papillon tr\u00e8s rare r\u00e9appara\u00eet poussi\u00e9reuse dans un parking parisien"},"content":{"rendered":"<p itemprop=\"description\">Une Mercedes 300 SL retrouv\u00e9e dans un<br \/>\nparking de la capitale sera la star d&rsquo;une vente aux ench\u00e8res le 27<br \/>\njanvier.<\/p>\n<p>EN BREF<\/p>\n<ul class=\"bloc_resume_post_list\">\n<li>En 2026, Artcurial mettra aux ench\u00e8res une Mercedes 300<br \/>\nSL Papillon de 1956, jamais restaur\u00e9e, avec 34 000 km au<br \/>\ncompteur.<\/li>\n<li>Ce mod\u00e8le rare, livr\u00e9 \u00e0 Paris, est dot\u00e9 de toutes les<br \/>\noptions sportives d&rsquo;\u00e9poque et n&rsquo;a jamais \u00e9t\u00e9 repeint.<\/li>\n<li>D\u00e9couvrez l&rsquo;histoire fascinante de cette voiture unique,<br \/>\nestim\u00e9e entre 2 et 5 millions d&rsquo;euros, lors de l&rsquo;\u00e9v\u00e9nement \u00e0<br \/>\nParis.<\/li>\n<\/ul>\n<p>En marge de <a href=\"https:\/\/www.autoplus.fr\/actualite\/retromobile-2026-un-beau-programme-pour-son-50e-anniversaire-1417300.html\" target=\"_blank\" rel=\"noopener\">R\u00e9tromobile 2026<\/a>, Articurial<br \/>\n<strong>met aux ench\u00e8res une voiture rarissime<\/strong>. Retrouv\u00e9e<br \/>\ndans un garage de Paris, cette <a href=\"https:\/\/www.autoplus.fr\/camping-car\/nouveau-burstner-papillon-2026-le-fourgon-amenage-dentree-de-gamme-qui-veut-seduire-par-son-prix-1392093.html\" target=\"_blank\" rel=\"noopener\">Mercedes 300 SL Papillon<\/a> devrait<br \/>\nrapidement trouver preneur. Avec 34.000 kilom\u00e8tres au compteur, ce<br \/>\nbolide d\u00a0\u00bbun autre temps fait partie des 30 exemplaires livr\u00e9s en<br \/>\nFrance, en 1956. Au total, seuls 1.4000 v\u00e9hicules de ce type ont<br \/>\n\u00e9t\u00e9 produits.<\/p>\n<p>Une Mercedes 300 SL Papillon d&rsquo;origine<\/p>\n<p>Il faut savoir que cette voiture n&rsquo;a jamais \u00e9t\u00e9 d\u00e9mont\u00e9e ni<br \/>\nrepeinte. Aucune pi\u00e8ce n&rsquo;a \u00e9t\u00e9 restaur\u00e9e et elle est comme \u00e0 son<br \/>\norigine. Elle dispose de <strong>toutes les options sportives<br \/>\nd&rsquo;\u00e9poque<\/strong>, avec une belle couche de poussi\u00e8re en prime.<br \/>\nCela pourrait sembler g\u00eanant pour une vente mais c&rsquo;est ce qui fait<br \/>\nson charme.<\/p>\n<p>Le c\u00e9l\u00e8bre commissaire-priseur d\u2019Artcurial d\u00e9clare que cette<br \/>\ndotation est sortie d\u2019usine et que seulement 60 exemplaires sont<br \/>\n\u00e9parpill\u00e9s dans le monde. Par ailleurs, 106 v\u00e9hicules de ce mod\u00e8le<br \/>\nposs\u00e8dent <strong>la teinte grise appel\u00e9e \u00ab Graphit Gra\u00fc<br \/>\n\u00bb<\/strong>. Pour ce qui est du Papillon, il est sans doute le<br \/>\ndernier au monde a \u00eatre d&rsquo;origine.<\/p>\n<p>Sous la poussi\u00e8re, un bolide hors du temps<\/p>\n<p>En ce qui concerne les options sportives, elles sont similaires<br \/>\nsur les 29 mod\u00e8les consid\u00e9r\u00e9s comme \u00ab tout alu \u00bb. C&rsquo;est le cas sur<br \/>\nla version NSL (pour \u00ab\u00a0Nockenwelle Sport Leicht\u00a0\u00bb). Elle comprend du<br \/>\n6 cylindres en ligne 3.0 et peut d\u00e9velopper entre 215 et 240<br \/>\nchevaux. Pour les roues, il a \u00e9t\u00e9 choisi des jantes Rudge \u00e0 \u00e9crou<br \/>\ncentral mais aussi des suspensions revues. Consid\u00e9r\u00e9e comme<br \/>\nextr\u00eamement rare par celui qui g\u00e8re la vente (Matthieu Lamoure),<br \/>\ncette Mercedes sera une des principales attractions de la<br \/>\n<strong>vente aux ench\u00e8res \u2018Automobile Legends\u2019<\/strong> qui aura<br \/>\nlieu au sein de l\u2019H\u00f4tel The Peninsula Paris (19 avenue Kl\u00e9ber,<br \/>\n75116 Paris) <strong>le 27 janvier<\/strong> \u00e0 14 heures.<\/p>\n<p>Enfin, sachez que les plaques d\u2019immatriculation sont d\u2019origine<br \/>\net que tous les num\u00e9ros correspondent. De plus, <strong>aucun<br \/>\npanneau de carrosserie n\u2019a \u00e9t\u00e9 repeint<\/strong>. On retrouve m\u00eame<br \/>\nune trousse \u00e0 outils d&rsquo;origine \u00e0 l&rsquo;int\u00e9rieur du v\u00e9hicule. Pour la<br \/>\npetite histoire, cette voiture avait \u00e9t\u00e9 livr\u00e9e neuve \u00e0 Paris en<br \/>\n1956 \u00e0 Claude Foussier, premier importateur Coca-Cola en Europe et<br \/>\nathl\u00e8te olympique en tir sportif. En 1961, Jean Piger en fait<br \/>\nl&rsquo;acquisition. Il la conserve jusqu&rsquo;en 2014. Elle n&rsquo;a donc plus<br \/>\nroul\u00e9 depuis 11 ans et elle est de retour en France apr\u00e8s un<br \/>\npassage en Allemagne. Ce qui est assez incroyable, c&rsquo;est que son<br \/>\npropri\u00e9taire actuel vit \u00e0 la m\u00eame adresse que Claude Foussier, son<br \/>\ntout premier propri\u00e9taire (au 2 boulevard Suchet, dans le 16e<br \/>\narrondissement de Paris). Cette Mercedes 300 SL est donc de retour<br \/>\ndans son premier garage parisien qui \u00e9tait le sien entre 1956 \u00e0<br \/>\n1961. Matthieu Lamoure, qui s&rsquo;occupe de la vente, assure avoir<br \/>\nrencontr\u00e9 le premier propri\u00e9taire il y a 20 ans. Mais il ne voulait<br \/>\npas la vendre aux ench\u00e8res. D\u00e9sormais, elle vaut entre 2 et 5<br \/>\nmillions d\u2019euros selon les experts.<\/p>\n","protected":false},"excerpt":{"rendered":"Une Mercedes 300 SL retrouv\u00e9e dans un parking de la capitale sera la star d&rsquo;une vente aux ench\u00e8res&hellip;\n","protected":false},"author":2,"featured_media":656776,"comment_status":"","ping_status":"","sticky":false,"template":"","format":"standard","meta":{"footnotes":""},"categories":[6],"tags":[35,10281,33,34,1011,27],"class_list":{"0":"post-656775","1":"post","2":"type-post","3":"status-publish","4":"format-standard","5":"has-post-thumbnail","7":"category-economie","8":"tag-business","9":"tag-buzz-nonli","10":"tag-economie","11":"tag-economy","12":"tag-fr","13":"tag-france"},"share_on_mastodon":{"url":"https:\/\/pubeurope.com\/@fr\/115878175984248876","error":""},"_links":{"self":[{"href":"https:\/\/www.europesays.com\/fr\/wp-json\/wp\/v2\/posts\/656775","targetHints":{"allow":["GET"]}}],"collection":[{"href":"https:\/\/www.europesays.com\/fr\/wp-json\/wp\/v2\/posts"}],"about":[{"href":"https:\/\/www.europesays.com\/fr\/wp-json\/wp\/v2\/types\/post"}],"author":[{"embeddable":true,"href":"https:\/\/www.europesays.com\/fr\/wp-json\/wp\/v2\/users\/2"}],"replies":[{"embeddable":true,"href":"https:\/\/www.europesays.com\/fr\/wp-json\/wp\/v2\/comments?post=656775"}],"version-history":[{"count":0,"href":"https:\/\/www.europesays.com\/fr\/wp-json\/wp\/v2\/posts\/656775\/revisions"}],"wp:featuredmedia":[{"embeddable":true,"href":"https:\/\/www.europesays.com\/fr\/wp-json\/wp\/v2\/media\/656776"}],"wp:attachment":[{"href":"https:\/\/www.europesays.com\/fr\/wp-json\/wp\/v2\/media?parent=656775"}],"wp:term":[{"taxonomy":"category","embeddable":true,"href":"https:\/\/www.europesays.com\/fr\/wp-json\/wp\/v2\/categories?post=656775"},{"taxonomy":"post_tag","embeddable":true,"href":"https:\/\/www.europesays.com\/fr\/wp-json\/wp\/v2\/tags?post=656775"}],"curies":[{"name":"wp","href":"https:\/\/api.w.org\/{rel}","templated":true}]}}