{"id":656797,"date":"2026-01-11T19:55:10","date_gmt":"2026-01-11T19:55:10","guid":{"rendered":"https:\/\/www.europesays.com\/fr\/656797\/"},"modified":"2026-01-11T19:55:10","modified_gmt":"2026-01-11T19:55:10","slug":"lequipe-u18-simpose-largement-a-rouen-en-coupe-gambardella","status":"publish","type":"post","link":"https:\/\/www.europesays.com\/fr\/656797\/","title":{"rendered":"L&rsquo;\u00e9quipe U18 s&rsquo;impose largement \u00e0 Rouen en coupe Gambardella"},"content":{"rendered":"<p>Le sc\u00e9nario<\/p>\n<p class=\"typography-paragraph mb-4 md:mb-6 [&amp;:only-of-type]:mb-0 md:[&amp;:only-of-type]:mb-0 [&amp;:last-of-type]:mb-0 md:[&amp;:last-of-type]:mb-0\">Ce dimanche, c&rsquo;\u00e9tait le premier grand rendez-vous de l&rsquo;ann\u00e9e pour les joueurs de Thomas Leyssales. Devant les nombreux spectateurs du stade Robert-Diochon, les jeunes Parisiens avaient parfaitement n\u00e9goci\u00e9 l&rsquo;entame de ce match de coupe, en parvenant \u00e0 ouvrir le score d\u00e8s les premi\u00e8res minutes par l&rsquo;interm\u00e9diaire de Pierre Mounguengue <strong class=\"font-bold\">(0-1, 6e)<\/strong>. Si les locaux parvenaient \u00e0 revenir au score avant la demi-heure de jeu par Kerem Tozlu <strong class=\"font-bold\">(1-1, 25e)<\/strong>, ce sont bien les Rouge et Bleu qui prenaient les devants dans ce premier acte, gr\u00e2ce \u00e0 un doubl\u00e9 de Pierre Mounguengue<strong class=\"font-bold\"> (1-2, 38e)<\/strong>.<\/p>\n<p class=\"typography-paragraph mb-4 md:mb-6 [&amp;:only-of-type]:mb-0 md:[&amp;:only-of-type]:mb-0 [&amp;:last-of-type]:mb-0 md:[&amp;:last-of-type]:mb-0\">En seconde p\u00e9riode, c&rsquo;est Mathis Jangeal qui permettait au club de la capitale de prendre deux longueurs d&rsquo;avance <strong class=\"font-bold\">(1-3, 52e)<\/strong>. Et la t\u00e2che allait se simplifier pour les Titis, qui voyaient deux adversaires \u00e9coper d&rsquo;un carton rouge dans le dernier quart d&rsquo;heure, alors que Samba Coulibaly \u00e9tait lui aussi sanctionn\u00e9 d&rsquo;une exclusion (78e). Les jeunes Parisiens profitaient alors de leur sup\u00e9riorit\u00e9 pour enfoncer le clou en fin de partie avec Adam Ayari, entr\u00e9 \u00e0 l&rsquo;heure de jeu et auteur d&rsquo;un tripl\u00e9 <strong class=\"font-bold\">(1-6, 82e, 85e et 88e)<\/strong>.<\/p>\n<p class=\"typography-paragraph mb-4 md:mb-6 [&amp;:only-of-type]:mb-0 md:[&amp;:only-of-type]:mb-0 [&amp;:last-of-type]:mb-0 md:[&amp;:last-of-type]:mb-0\">Gr\u00e2ce \u00e0 cette victoire en terres normandes, l&rsquo;\u00e9quipe U18 a ainsi d\u00e9croch\u00e9 son ticket pour les 16es de finale de la comp\u00e9tition\u00a0!<\/p>\n","protected":false},"excerpt":{"rendered":"Le sc\u00e9nario Ce dimanche, c&rsquo;\u00e9tait le premier grand rendez-vous de l&rsquo;ann\u00e9e pour les joueurs de Thomas Leyssales. Devant&hellip;\n","protected":false},"author":2,"featured_media":656798,"comment_status":"","ping_status":"","sticky":false,"template":"","format":"standard","meta":{"footnotes":""},"categories":[9587],"tags":[1111,11,1777,674,1011,27,12,5161,25,9590],"class_list":{"0":"post-656797","1":"post","2":"type-post","3":"status-publish","4":"format-standard","5":"has-post-thumbnail","7":"category-rouen","8":"tag-actu","9":"tag-actualites","10":"tag-eu","11":"tag-europe","12":"tag-fr","13":"tag-france","14":"tag-news","15":"tag-normandie","16":"tag-republique-francaise","17":"tag-rouen"},"share_on_mastodon":{"url":"https:\/\/pubeurope.com\/@fr\/115878227144455278","error":""},"_links":{"self":[{"href":"https:\/\/www.europesays.com\/fr\/wp-json\/wp\/v2\/posts\/656797","targetHints":{"allow":["GET"]}}],"collection":[{"href":"https:\/\/www.europesays.com\/fr\/wp-json\/wp\/v2\/posts"}],"about":[{"href":"https:\/\/www.europesays.com\/fr\/wp-json\/wp\/v2\/types\/post"}],"author":[{"embeddable":true,"href":"https:\/\/www.europesays.com\/fr\/wp-json\/wp\/v2\/users\/2"}],"replies":[{"embeddable":true,"href":"https:\/\/www.europesays.com\/fr\/wp-json\/wp\/v2\/comments?post=656797"}],"version-history":[{"count":0,"href":"https:\/\/www.europesays.com\/fr\/wp-json\/wp\/v2\/posts\/656797\/revisions"}],"wp:featuredmedia":[{"embeddable":true,"href":"https:\/\/www.europesays.com\/fr\/wp-json\/wp\/v2\/media\/656798"}],"wp:attachment":[{"href":"https:\/\/www.europesays.com\/fr\/wp-json\/wp\/v2\/media?parent=656797"}],"wp:term":[{"taxonomy":"category","embeddable":true,"href":"https:\/\/www.europesays.com\/fr\/wp-json\/wp\/v2\/categories?post=656797"},{"taxonomy":"post_tag","embeddable":true,"href":"https:\/\/www.europesays.com\/fr\/wp-json\/wp\/v2\/tags?post=656797"}],"curies":[{"name":"wp","href":"https:\/\/api.w.org\/{rel}","templated":true}]}}