{"id":656825,"date":"2026-01-11T20:09:48","date_gmt":"2026-01-11T20:09:48","guid":{"rendered":"https:\/\/www.europesays.com\/fr\/656825\/"},"modified":"2026-01-11T20:09:48","modified_gmt":"2026-01-11T20:09:48","slug":"lamf-sanctionne-le-toulousain-m-capital-partners-qui-prefere-relativiser","status":"publish","type":"post","link":"https:\/\/www.europesays.com\/fr\/656825\/","title":{"rendered":"L&rsquo;AMF sanctionne le toulousain M Capital Partners qui pr\u00e9f\u00e8re relativiser"},"content":{"rendered":"<p>M Capital Partners a termin\u00e9 l\u2019ann\u00e9e 2025 sur une mauvaise nouvelle. L\u2019Autorit\u00e9 des march\u00e9s financiers <a href=\"https:\/\/www.amf-france.org\/fr\" class=\"spip_out\" rel=\"external noopener\" target=\"_blank\">(AMF)<\/a> a en effet <a href=\"https:\/\/www.amf-france.org\/fr\/actualites-publications\/communiques\/communiques-de-la-commission-des-sanctions\/la-commission-des-sanctions-de-lamf-sanctionne-une-societe-de-gestion-de-portefeuille-et-ses-0\" class=\"spip_out\" rel=\"external noopener\" target=\"_blank\">sanctionn\u00e9 dans une d\u00e9cision du 31\u00a0d\u00e9cembre la soci\u00e9t\u00e9 de gestion d\u2019origine toulousaine<\/a> dirig\u00e9e par Rudy Secco et St\u00e9phanie Minissier, pour \u00ab\u00a0des manquements \u00e0 plusieurs obligations professionnelles sur la p\u00e9riode entre ao\u00fbt 2019 et d\u00e9cembre 2023\u00a0\u00bb. Avec, \u00e0 la cl\u00e9, trois sanctions p\u00e9cuniaires s\u2019\u00e9levant respectivement \u00e0 200.000 euros, 70.000 euros et 35.000 euros.<\/p>\n<p>Qu\u2019est-il reproch\u00e9 au fonds occitan anciennement connu sous le nom de Midi Capital\u00a0? Notamment \u00ab\u00a0le caract\u00e8re impr\u00e9cis du processus et des r\u00e8gles de r\u00e9partition des investissements entre les fonds sous gestion\u00a0\u00bb. La commission des sanctions de l\u2019AMF aurait \u00e9galement \u00ab\u00a0constat\u00e9 que la soci\u00e9t\u00e9 de gestion n\u2019\u00e9tait pas en mesure de justifier de la tra\u00e7abilit\u00e9 des v\u00e9rifications r\u00e9alis\u00e9es sur ses proc\u00e9dures d\u2019investissement\u00a0\u00bb.<\/p>\n<p>En outre, la commission aurait relev\u00e9 que M Capital Partners aurait \u00ab\u00a0manqu\u00e9 \u00e0 ses obligations en mati\u00e8re d\u2019identification, de pr\u00e9vention et de gestion des conflits d\u2019int\u00e9r\u00eats\u00a0\u00bb, ou que le dispositif de lutte contre le blanchiment de capitaux et le financement du terrorisme de M Capital Partners serait \u00ab\u00a0lacunaire et non op\u00e9rationnel\u00a0\u00bb.<\/p>\n<p>Le principal grief \u00e9cart\u00e9<\/p>\n<p>Toutefois, un grief point\u00e9 du doigt par le Coll\u00e8ge de l\u2019AMF, le plus important, a finalement \u00e9t\u00e9 \u00e9cart\u00e9 par la commission des sanctions. Ainsi, il \u00e9t\u00e9 reproch\u00e9 \u00e0 M Capital Partners d\u2019avoir \u00ab\u00a0contourn\u00e9 la liste limitative des services d\u2019investissements [en] proposant un service de placement non-garanti\u00a0\u00bb. En l\u2019occurrence, elle servait d\u2019interm\u00e9diaire pour la soci\u00e9t\u00e9 Tylia Invest, via la plateforme d\u2019investissement immobilier Buildr, et avait pour cela proc\u00e9d\u00e9 \u00e0 des envois de mailings en masse aux personnes inscrites sur Buildr. Un service consid\u00e9r\u00e9 comme non autoris\u00e9 par le coll\u00e8ge de l\u2019AMF qui avait r\u00e9clam\u00e9 en novembre des sanctions \u00e0 hauteur de 900.000 euros. La commission des sanctions, apr\u00e8s \u00e9changes avec les \u00e9quipes de la soci\u00e9t\u00e9 toulousaine, n\u2019a finalement pas relev\u00e9 ce manquement.<\/p>\n<p>Si les dirigeants de M Capital Partners n\u2019ont pas appr\u00e9ci\u00e9 la d\u00e9cision du coll\u00e8ge de l\u2019AMF, ils ont toutefois d\u00e9cid\u00e9 de ne pas faire appel. Rudy Secco relativise la port\u00e9e de ces sanctions\u00a0: \u00ab\u00a0Le principal grief point\u00e9 a \u00e9t\u00e9 \u00e9cart\u00e9. Les sanctions sont sur des d\u00e9tails administratifs de moindre d\u2019importance. Les amendes ne repr\u00e9sentent pas grand-chose par rapport aux montants que nous avons en gestion. M\u00eame si nous trouvons les sanctions exag\u00e9r\u00e9es, nous ne ferons pas appel et pr\u00e9f\u00e9rons aller de l\u2019avant\u00a0\u00bb, conclut le PDG de M Capital Partners.<br class=\"autobr\"\/><br \/>\nMatthias Hardoy<\/p>\n<p>Sur la photo\u00a0: Rudy Secco, dirigeant fondateur de M Capital Partners. Cr\u00e9dit\u00a0: DR.<\/p>\n","protected":false},"excerpt":{"rendered":"M Capital Partners a termin\u00e9 l\u2019ann\u00e9e 2025 sur une mauvaise nouvelle. L\u2019Autorit\u00e9 des march\u00e9s financiers (AMF) a en&hellip;\n","protected":false},"author":2,"featured_media":656826,"comment_status":"","ping_status":"","sticky":false,"template":"","format":"standard","meta":{"footnotes":""},"categories":[2816],"tags":[1111,11,1777,674,590,33863,1011,27,75922,75923,12,2680,25,2312],"class_list":{"0":"post-656825","1":"post","2":"type-post","3":"status-publish","4":"format-standard","5":"has-post-thumbnail","7":"category-toulouse","8":"tag-actu","9":"tag-actualites","10":"tag-eu","11":"tag-europe","12":"tag-finance","13":"tag-fonds-dinvestissement","14":"tag-fr","15":"tag-france","16":"tag-m-capital-partners","17":"tag-midi-capital","18":"tag-news","19":"tag-occitanie","20":"tag-republique-francaise","21":"tag-toulouse"},"share_on_mastodon":{"url":"https:\/\/pubeurope.com\/@fr\/115878286059207927","error":""},"_links":{"self":[{"href":"https:\/\/www.europesays.com\/fr\/wp-json\/wp\/v2\/posts\/656825","targetHints":{"allow":["GET"]}}],"collection":[{"href":"https:\/\/www.europesays.com\/fr\/wp-json\/wp\/v2\/posts"}],"about":[{"href":"https:\/\/www.europesays.com\/fr\/wp-json\/wp\/v2\/types\/post"}],"author":[{"embeddable":true,"href":"https:\/\/www.europesays.com\/fr\/wp-json\/wp\/v2\/users\/2"}],"replies":[{"embeddable":true,"href":"https:\/\/www.europesays.com\/fr\/wp-json\/wp\/v2\/comments?post=656825"}],"version-history":[{"count":0,"href":"https:\/\/www.europesays.com\/fr\/wp-json\/wp\/v2\/posts\/656825\/revisions"}],"wp:featuredmedia":[{"embeddable":true,"href":"https:\/\/www.europesays.com\/fr\/wp-json\/wp\/v2\/media\/656826"}],"wp:attachment":[{"href":"https:\/\/www.europesays.com\/fr\/wp-json\/wp\/v2\/media?parent=656825"}],"wp:term":[{"taxonomy":"category","embeddable":true,"href":"https:\/\/www.europesays.com\/fr\/wp-json\/wp\/v2\/categories?post=656825"},{"taxonomy":"post_tag","embeddable":true,"href":"https:\/\/www.europesays.com\/fr\/wp-json\/wp\/v2\/tags?post=656825"}],"curies":[{"name":"wp","href":"https:\/\/api.w.org\/{rel}","templated":true}]}}