{"id":656831,"date":"2026-01-11T20:12:11","date_gmt":"2026-01-11T20:12:11","guid":{"rendered":"https:\/\/www.europesays.com\/fr\/656831\/"},"modified":"2026-01-11T20:12:11","modified_gmt":"2026-01-11T20:12:11","slug":"ol-endrick-lance-dans-le-grand-bain","status":"publish","type":"post","link":"https:\/\/www.europesays.com\/fr\/656831\/","title":{"rendered":"OL : Endrick lanc\u00e9 dans le grand bain"},"content":{"rendered":"<p>                            <img width=\"770\" height=\"433\" src=\"https:\/\/www.europesays.com\/fr\/wp-content\/uploads\/2026\/01\/AFP__20260102__89FB83K__v1__HighRes__FblFraLigue1LyonTraining-770x433.jpg\" class=\"attachment-article size-article wp-post-image\" alt=\"Endrick \u00e0 l'entra\u00eenement de l'OL\" decoding=\"async\" fetchpriority=\"high\"  \/><\/p>\n<p>Endrick \u00e0 l\u2019entra\u00eenement de l\u2019OL (Photo by OLIVIER CHASSIGNOLE \/ AFP)<\/p>\n<p>L&rsquo;attaquant br\u00e9silien est dans le 11 de l&rsquo;OL face \u00e0 Lille en Coupe de France (21 heures). Il est accompagn\u00e9 de Pavel \u0160ulc et Afonso Moreira devant.<\/p>\n<p>Elle \u00e9tait tr\u00e8s attendue cette composition d&rsquo;\u00e9quipe de l&rsquo;OL. <a href=\"https:\/\/www.olympique-et-lyonnais.com\/coupe-de-france-lille-ol-et-lattraction-endrick,388420.html\" target=\"_blank\" rel=\"noopener\">Un nom<\/a> en particulier \u00e9tait scrut\u00e9 pour ce 16e de finale de la Coupe de France contre Lille (21 heures). <strong>Endrick <\/strong>allait-il \u00eatre titulaire face <a href=\"https:\/\/www.olympique-et-lyonnais.com\/lille-ol-le-gros-choc-des-16es-de-finale-de-la-coupe-de-france,388410.html\" target=\"_blank\" rel=\"noopener\">au LOSC<\/a> pour ses grands d\u00e9buts avec son nouveau club ? La r\u00e9ponse est oui. Paulo <strong>Fonseca<\/strong>, bien qu&rsquo;ayant reconnu qu&rsquo;il n&rsquo;avait pas 90 minutes dans les jambes, a choisi de lui faire confiance au coup d&rsquo;envoi. <\/p>\n<p>Descamps plut\u00f4t que Grief <\/p>\n<p>Comme \u00e0 Monaco (1-3), l&rsquo;Olympique lyonnais jouera en losange au milieu contre la formation de Bruno <strong>Genesio<\/strong>. Dans l&rsquo;entrejeu, nous retrouverons Tanner <strong>Tessmann<\/strong>, Tyler <strong>Morton <\/strong>et Corentin <strong>Tolisso<\/strong>. Avec une animation que l&rsquo;on imagine fluctuante. En num\u00e9ro 10, <a href=\"https:\/\/www.olympique-et-lyonnais.com\/implique-sur-16-buts-a-lol-pavel-sulc-ne-sarrete-plus,387860.html\" target=\"_blank\" rel=\"noopener\">l&rsquo;incontournable<\/a> Pavel <strong>\u0160ulc<\/strong>, qui pourrait aussi se d\u00e9caler sur l&rsquo;aile droite. En deuxi\u00e8me attaquant, nous aurons Afonso <strong>Moreira<\/strong>, qui a \u00e9galement la possibilit\u00e9 d&rsquo;\u00e9voluer \u00e0 gauche.<\/p>\n<p>Pas de surprise derri\u00e8re, avec un quatuor Ainsley <strong>Maitland-Niles<\/strong> &#8211; Clinton <strong>Mata <\/strong>&#8211; Ruben <strong>Kluivert <\/strong>&#8211; Nicolas <strong>Tagliafico<\/strong>. Comme au tour pr\u00e9c\u00e9dent face \u00e0 Saint-Cyr Collonges, R\u00e9my <strong>Descamps <\/strong>est pr\u00e9f\u00e9r\u00e9 \u00e0 Dominik <strong>Grief <\/strong>pour la coupe. <\/p>\n<p><strong>La composition lyonnaise :<\/strong> Descamps &#8211; Maitland-Niles, Mata, R. Kluivert, Tagliafico &#8211; Tessmann, Morton, Tolisso (C) &#8211; Sulc &#8211; Endrick, A. Moreira<\/p>\n","protected":false},"excerpt":{"rendered":"Endrick \u00e0 l\u2019entra\u00eenement de l\u2019OL (Photo by OLIVIER CHASSIGNOLE \/ AFP) L&rsquo;attaquant br\u00e9silien est dans le 11 de&hellip;\n","protected":false},"author":2,"featured_media":656832,"comment_status":"","ping_status":"","sticky":false,"template":"","format":"standard","meta":{"footnotes":""},"categories":[2815],"tags":[1111,11,83,64783,1777,674,1011,27,811,1307,12,241,25],"class_list":{"0":"post-656831","1":"post","2":"type-post","3":"status-publish","4":"format-standard","5":"has-post-thumbnail","7":"category-lille","8":"tag-actu","9":"tag-actualites","10":"tag-coupe-de-france","11":"tag-endrick","12":"tag-eu","13":"tag-europe","14":"tag-fr","15":"tag-france","16":"tag-hauts-de-france","17":"tag-lille","18":"tag-news","19":"tag-ol","20":"tag-republique-francaise"},"share_on_mastodon":{"url":"https:\/\/pubeurope.com\/@fr\/115878293952191979","error":""},"_links":{"self":[{"href":"https:\/\/www.europesays.com\/fr\/wp-json\/wp\/v2\/posts\/656831","targetHints":{"allow":["GET"]}}],"collection":[{"href":"https:\/\/www.europesays.com\/fr\/wp-json\/wp\/v2\/posts"}],"about":[{"href":"https:\/\/www.europesays.com\/fr\/wp-json\/wp\/v2\/types\/post"}],"author":[{"embeddable":true,"href":"https:\/\/www.europesays.com\/fr\/wp-json\/wp\/v2\/users\/2"}],"replies":[{"embeddable":true,"href":"https:\/\/www.europesays.com\/fr\/wp-json\/wp\/v2\/comments?post=656831"}],"version-history":[{"count":0,"href":"https:\/\/www.europesays.com\/fr\/wp-json\/wp\/v2\/posts\/656831\/revisions"}],"wp:featuredmedia":[{"embeddable":true,"href":"https:\/\/www.europesays.com\/fr\/wp-json\/wp\/v2\/media\/656832"}],"wp:attachment":[{"href":"https:\/\/www.europesays.com\/fr\/wp-json\/wp\/v2\/media?parent=656831"}],"wp:term":[{"taxonomy":"category","embeddable":true,"href":"https:\/\/www.europesays.com\/fr\/wp-json\/wp\/v2\/categories?post=656831"},{"taxonomy":"post_tag","embeddable":true,"href":"https:\/\/www.europesays.com\/fr\/wp-json\/wp\/v2\/tags?post=656831"}],"curies":[{"name":"wp","href":"https:\/\/api.w.org\/{rel}","templated":true}]}}