{"id":656837,"date":"2026-01-11T20:15:19","date_gmt":"2026-01-11T20:15:19","guid":{"rendered":"https:\/\/www.europesays.com\/fr\/656837\/"},"modified":"2026-01-11T20:15:19","modified_gmt":"2026-01-11T20:15:19","slug":"un-prevenu-contredit-son-avocat-et-reclame-la-prison","status":"publish","type":"post","link":"https:\/\/www.europesays.com\/fr\/656837\/","title":{"rendered":"un pr\u00e9venu contredit son avocat et r\u00e9clame la prison"},"content":{"rendered":"<p itemprop=\"description\"><strong>Une audience mouvement\u00e9e au tribunal de Villefranche-sur-Sa\u00f4ne a vu un homme refuser toute remise en libert\u00e9, au point de s\u2019opposer publiquement \u00e0 sa propre d\u00e9fense.<\/strong><\/p>\n<p>Lors des comparutions imm\u00e9diates cette semaine, un pr\u00e9venu poursuivi pour violences conjugales, d\u00e9gradations et menaces a surpris le tribunal en demandant lui-m\u00eame \u00e0 rester incarc\u00e9r\u00e9.<\/p>\n<p>Alors que son avocate plaidait pour une prise en charge psychiatrique et une lib\u00e9ration encadr\u00e9e, l\u2019homme, visiblement instable, lui a coup\u00e9 la parole et exig\u00e9 son maintien en d\u00e9tention, ce qui a conduit \u00e0 son \u00e9viction temporaire de la salle d\u2019audience.<\/p>\n<p>Quelques jours plus t\u00f4t, face au juge des libert\u00e9s, il avait d\u00e9j\u00e0 tenu le m\u00eame discours, affirmant qu\u2019il risquait de recommencer s\u2019il sortait, ce qui avait motiv\u00e9 son placement imm\u00e9diat en prison.<\/p>\n<p>Les faits \u00e0 l\u2019origine de la proc\u00e9dure remontent \u00e0 la mi-novembre \u00e0 Anse, o\u00f9 il est accus\u00e9 d\u2019avoir agress\u00e9 sa compagne et d\u00e9truit deux de ses t\u00e9l\u00e9phones, avant de prof\u00e9rer des menaces lors de sa pr\u00e9sentation devant la justice.<\/p>\n<p>\u00c0 l\u2019issue de l\u2019audience, l\u2019homme a \u00e9cop\u00e9 comme souhait\u00e9 de 16 mois de prison, dont une partie avec sursis probatoire, assortis d\u2019interdictions de contact, de fr\u00e9quentation de bars et de d\u00e9tention d\u2019armes, et il est rest\u00e9 incarc\u00e9r\u00e9.<\/p>\n","protected":false},"excerpt":{"rendered":"Une audience mouvement\u00e9e au tribunal de Villefranche-sur-Sa\u00f4ne a vu un homme refuser toute remise en libert\u00e9, au point&hellip;\n","protected":false},"author":2,"featured_media":656838,"comment_status":"","ping_status":"","sticky":false,"template":"","format":"standard","meta":{"footnotes":""},"categories":[1889],"tags":[1111,11,2813,2190,2430,1109,251,1112,2811,1777,674,118,1011,27,1922,1110,1114,2428,2810,12,241,316,25,2812,517,800],"class_list":{"0":"post-656837","1":"post","2":"type-post","3":"status-publish","4":"format-standard","5":"has-post-thumbnail","7":"category-lyon","8":"tag-actu","9":"tag-actualites","10":"tag-article","11":"tag-asvel","12":"tag-auvergne-rhone-alpes","13":"tag-breves","14":"tag-culture","15":"tag-depeches","16":"tag-economique","17":"tag-eu","18":"tag-europe","19":"tag-faits-divers","20":"tag-fr","21":"tag-france","22":"tag-info","23":"tag-informations","24":"tag-infos","25":"tag-lyon","26":"tag-lyonmag","27":"tag-news","28":"tag-ol","29":"tag-politique","30":"tag-republique-francaise","31":"tag-sociale","32":"tag-sport","33":"tag-transports"},"share_on_mastodon":{"url":"https:\/\/pubeurope.com\/@fr\/115878306176027180","error":""},"_links":{"self":[{"href":"https:\/\/www.europesays.com\/fr\/wp-json\/wp\/v2\/posts\/656837","targetHints":{"allow":["GET"]}}],"collection":[{"href":"https:\/\/www.europesays.com\/fr\/wp-json\/wp\/v2\/posts"}],"about":[{"href":"https:\/\/www.europesays.com\/fr\/wp-json\/wp\/v2\/types\/post"}],"author":[{"embeddable":true,"href":"https:\/\/www.europesays.com\/fr\/wp-json\/wp\/v2\/users\/2"}],"replies":[{"embeddable":true,"href":"https:\/\/www.europesays.com\/fr\/wp-json\/wp\/v2\/comments?post=656837"}],"version-history":[{"count":0,"href":"https:\/\/www.europesays.com\/fr\/wp-json\/wp\/v2\/posts\/656837\/revisions"}],"wp:featuredmedia":[{"embeddable":true,"href":"https:\/\/www.europesays.com\/fr\/wp-json\/wp\/v2\/media\/656838"}],"wp:attachment":[{"href":"https:\/\/www.europesays.com\/fr\/wp-json\/wp\/v2\/media?parent=656837"}],"wp:term":[{"taxonomy":"category","embeddable":true,"href":"https:\/\/www.europesays.com\/fr\/wp-json\/wp\/v2\/categories?post=656837"},{"taxonomy":"post_tag","embeddable":true,"href":"https:\/\/www.europesays.com\/fr\/wp-json\/wp\/v2\/tags?post=656837"}],"curies":[{"name":"wp","href":"https:\/\/api.w.org\/{rel}","templated":true}]}}