{"id":656839,"date":"2026-01-11T20:16:19","date_gmt":"2026-01-11T20:16:19","guid":{"rendered":"https:\/\/www.europesays.com\/fr\/656839\/"},"modified":"2026-01-11T20:16:19","modified_gmt":"2026-01-11T20:16:19","slug":"a-lyon-jean-michel-aulas-presente-ses-tetes-de-liste-par-arrondissement","status":"publish","type":"post","link":"https:\/\/www.europesays.com\/fr\/656839\/","title":{"rendered":"\u00e0 Lyon, Jean-Michel Aulas pr\u00e9sente ses t\u00eates de liste par arrondissement"},"content":{"rendered":"<p>Au fil des semaines, <a href=\"https:\/\/www.leprogres.fr\/p\/jean-michel-aulas\" target=\"_blank\" rel=\"noopener\">Jean-Michel Aulas<\/a>, candidat sans \u00e9tiquette soutenu par la droite et le centre, contraint ses adversaires, et notamment le premier d\u2019entre eux &#8211; le maire \u00e9cologiste sortant <a href=\"https:\/\/www.leprogres.fr\/p\/gregory-doucet\" target=\"_blank\" rel=\"noopener\">Gr\u00e9gory Doucet<\/a> &#8211; \u00e0 jouer en d\u00e9fense.<\/p>\n<p>\u00c0 chaque jour (ou presque) son annonce. Jouant \u00e0 la fois sur le terrain m\u00e9tropolitain &#8211; un tunnel sous Fourvi\u00e8re &#8211; et municipal &#8211; la v\u00e9g\u00e9talisation de la place Bellecour -, <a href=\"https:\/\/www.leprogres.fr\/elections\/2026\/01\/11\/un-debat-entre-doucet-et-aulas-bien-sur-mais-aussi-avec-d-autres-candidats-repond-l-ancien-patron-de-l-ol\" target=\"_blank\" rel=\"noopener\">l\u2019ancien pr\u00e9sident de l\u2019OL<\/a> donne le tempo alors que, selon toute logique, il devrait subir celui de l\u2019actuel pensionnaire de l\u2019h\u00f4tel de ville.<\/p>\n<p>Pourquoi, alors, s\u2019arr\u00eater en si bon chemin\u200a? Le candidat \u00ab\u200asurprise\u200a\u00bb de cette \u00e9lection a choisi ses repr\u00e9sentants \u00e0 la t\u00eate des mairies d\u2019arrondissement et les livre en exclusivit\u00e9 au Progr\u00e8s (lire ci-dessous).<\/p>\n<p>Quatre\u00a0t\u00eates de liste qui regardent \u00e0 droite<\/p>\n<p>Que dire de cette \u00e9quipe\u200a? Elle penche \u00e0 droite (trois t\u00eates de liste LR et une Horizons sur neuf, sans les deux candidats macronistes) et compte des \u00e9lus d\u2019exp\u00e9rience.<\/p>\n<p><a href=\"https:\/\/www.leprogres.fr\/p\/thomas-rudigoz\" target=\"_blank\" rel=\"noopener\">Thomas Rudigoz<\/a>, ancien maire d\u2019arrondissement, ancien d\u00e9put\u00e9 Renaissance, si\u00e8ge \u00e0 la M\u00e9tropole. Lo\u00efc Terrenes a \u00e9t\u00e9 candidat \u00e0 deux reprises aux \u00e9lections l\u00e9gislatives sous la banni\u00e8re macroniste en\u00a02022 et\u00a02024.<\/p>\n<p>B\u00e9atrice de Montille (LR) et \u00c9milie Desrieux (LR) avaient \u00e9t\u00e9 \u00e9lues en 2020 (dans le 3e et le 7e arrondissement) et si\u00e8gent actuellement dans l\u2019opposition avec <a href=\"https:\/\/www.leprogres.fr\/p\/pierre-oliver\" target=\"_blank\" rel=\"noopener\">Pierre Oliver<\/a> (LR), maire du 2e et chef de file de la droite au conseil municipal. Mais une bonne \u00e9quipe doit rassembler, sur un terrain de football comme en politique, des talents prometteurs avec des joueurs d\u2019exp\u00e9rience. Ici, la moyenne d\u2019\u00e2ge est de 40 ans (29 ans pour les plus jeunes et 55 ans pour le plus \u00e2g\u00e9) avec une majorit\u00e9 de femmes (cinq sur neuf). De quoi donner une tendance de ce que souhaite la t\u00eate de liste C\u0153ur Lyonnais.<\/p>\n<p>\u00ab\u200aAutour de Jean-Michel Aulas, (ils) incarnent une nouvelle g\u00e9n\u00e9ration de responsables locaux, ancr\u00e9s dans la r\u00e9alit\u00e9 lyonnaise, aux parcours compl\u00e9mentaires et solidement ancr\u00e9s dans l\u2019action\u200a\u00bb, pr\u00e9cise son entourage. \u00ab\u200aLeur diversit\u00e9 de parcours est une force. Elle permet de croiser les regards entre exp\u00e9rience institutionnelle, culture entrepreneuriale, expertise des politiques publiques et engagement citoyen. Elle traduit une ambition commune\u200a: d\u00e9passer les clivages, sortir des postures id\u00e9ologiques et remettre l\u2019action publique au service des habitants, du d\u00e9veloppement \u00e9conomique et de la coh\u00e9sion sociale\u200a\u00bb.<\/p>\n<p>Des femmes et de nouveaux visages<\/p>\n<p>On retrouve donc sans surprise Laure C\u00e9dat, 47 ans, pr\u00e9sidente du comit\u00e9 de soutien de Jean-Michel Aulas, pour le 1er arrondissement. Samuel Soulier, 29 ans, actuel adjoint au maire DVD du 6e, sera, cette fois, t\u00eate de liste. Barbara V\u00e9lon, 39 ans, tr\u00e8s investie dans le tissu associatif local, sera candidate dans le 8e arrondissement. Enfin, Laila Khallouk, 32 ans, issue de la soci\u00e9t\u00e9 civile, essaiera de succ\u00e9der \u00e0 celui qui fut maire du 9e arrondissement de 1995 \u00e0 2001\u200a: un certain <a href=\"https:\/\/www.leprogres.fr\/p\/gerard-collomb\" target=\"_blank\" rel=\"noopener\">G\u00e9rard Collomb<\/a>.<\/p>\n<p>  &#13;<br \/>\n      <a href=\"https:\/\/cdn-s-www.leprogres.fr\/images\/978d2b7b-cd46-41f0-876d-caaff6d648c2\/NW_raw\/laure-cedat-photo-fournie-1768156034.jpg\" title=\"Laure C\u00e9dat. Photo fournie\" class=\"chocolat-image GA-tracking\" data-ga_type=\"click\" data-ga_category=\"D\u00e9tail\" data-ga_action=\"zoomer\" data-ga_label=\"agrandir image\" target=\"_blank\" rel=\"noopener\">&#13;<br \/>\n          <img loading=\"lazy\" decoding=\"async\" src=\"https:\/\/www.europesays.com\/fr\/wp-content\/uploads\/2026\/01\/laure-cedat-photo-fournie-1768156034.jpg\" data-mobile=\"NW_listC_M|1768156034\" data-base=\"NW_listC|1768156034\" alt=\"Laure C\u00e9dat. Photo fournie\"\/>&#13;<br \/>\n      <\/a>&#13;<\/p>\n<p>Laure C\u00e9dat. Photo fournie<\/p>\n<p>&#13;<\/p>\n<p>  1er arrondissement<\/p>\n<p><strong>Laure C\u00e9dat<\/strong><\/p>\n<p>47 ans, entrepreneure culturelle et \u00ab citoyenne engag\u00e9e \u00bb. Elle oeuvre \u00ab depuis 25 ans au service de projets artistiques, culturels et citoyens. Elle travaille avec son mari, Christophe C\u00e9dat, au sein du restaurant Caf\u00e9 203. Elle est pr\u00e9sidente de l\u2019association Quartier Saint-Georges et vice-pr\u00e9sidente du conseil de quartier des Quartiers Anciens.<\/p>\n<p>  &#13;<br \/>\n      <a href=\"https:\/\/cdn-s-www.leprogres.fr\/images\/082ee0a5-297f-4ed2-b841-74129dc46497\/NW_raw\/pierre-oliver-photo-d-archives-maxime-jegat-1768155849.jpg\" title=\"Pierre Oliver. Photo d&#039;archives Maxime Jegat\" class=\"chocolat-image GA-tracking\" data-ga_type=\"click\" data-ga_category=\"D\u00e9tail\" data-ga_action=\"zoomer\" data-ga_label=\"agrandir image\" target=\"_blank\" rel=\"noopener\">&#13;<br \/>\n          <img loading=\"lazy\" decoding=\"async\" src=\"https:\/\/www.europesays.com\/fr\/wp-content\/uploads\/2026\/01\/pierre-oliver-photo-d-archives-maxime-jegat-1768155849.jpg\" data-mobile=\"NW_listC_M|1768155849\" data-base=\"NW_listC|1768155849\" alt=\"Pierre Oliver. Photo d'archives Maxime Jegat\"\/>&#13;<br \/>\n      <\/a>&#13;<\/p>\n<p>Pierre Oliver. Photo d&rsquo;archives Maxime Jegat<\/p>\n<p>&#13;<\/p>\n<p>  2e arrondissement<\/p>\n<p><strong>Pierre Oliver<\/strong><\/p>\n<p>33 ans, maire (Les R\u00e9publicains) du 2e arrondissement et conseiller r\u00e9gional Auvergne-Rh\u00f4ne-Alpes. N\u00e9 \u00e0 Lyon dans le 9e arrondissement, il a travaill\u00e9 avant de s\u2019engager en politique dans un groupe de promotion immobili\u00e8re.<br \/>Un temps candidat \u00e0 la candidature, il s\u2019est finalement rang\u00e9 derri\u00e8re Jean-Michel Aulas.<\/p>\n<p>  &#13;<br \/>\n      <a href=\"https:\/\/cdn-s-www.leprogres.fr\/images\/356640d9-28d7-4348-b777-6566545764f5\/NW_raw\/beatrice-de-montille-photo-d-archives-joel-philippon-1763678892.jpg\" title=\"B\u00e9atrice De Montille.\u00a0 Photo d&#039;archives Jo\u00ebl Philippon\" class=\"chocolat-image GA-tracking\" data-ga_type=\"click\" data-ga_category=\"D\u00e9tail\" data-ga_action=\"zoomer\" data-ga_label=\"agrandir image\" target=\"_blank\" rel=\"noopener\">&#13;<br \/>\n          <img loading=\"lazy\" decoding=\"async\" src=\"https:\/\/www.europesays.com\/fr\/wp-content\/uploads\/2026\/01\/beatrice-de-montille-photo-d-archives-joel-philippon-1763678892.jpg\" data-mobile=\"NW_listC_M|1763678892\" data-base=\"NW_listC|1763678892\" alt=\"B\u00e9atrice De Montille.\u00a0 Photo d'archives Jo\u00ebl Philippon\"\/>&#13;<br \/>\n      <\/a>&#13;<\/p>\n<p>B\u00e9atrice De Montille.\u00a0 Photo d&rsquo;archives Jo\u00ebl Philippon<\/p>\n<p>&#13;<\/p>\n<p>  3e arrondissement<\/p>\n<p><strong>B\u00e9atrice de Montille<\/strong><\/p>\n<p>48 ans, entrepreneure et fondatrice de Merci Maman, marque de bijoux de 25 salari\u00e9s pour un CA de 5\u00a0millions d\u2019euros. Ancienne pr\u00e9sidente du R\u00e9seau Entreprendre, elle est conseill\u00e8re municipale d\u2019opposition (LR) depuis 2020 et candidate malheureuse aux l\u00e9gislatives de 2024. Elle est actuellement co-directrice de campagne de Jean-Michel Aulas.<\/p>\n<p>  &#13;<br \/>\n      <a href=\"https:\/\/cdn-s-www.leprogres.fr\/images\/684d1b01-d05b-4ad3-b7b5-c762aa4e8371\/NW_raw\/loic-terrenes-photo-d-archives-joel-philippon-1720430901.jpg\" title=\"Lo\u00efc Terrenes. Photo d&#039;archives Jo\u00ebl Philippon\" class=\"chocolat-image GA-tracking\" data-ga_type=\"click\" data-ga_category=\"D\u00e9tail\" data-ga_action=\"zoomer\" data-ga_label=\"agrandir image\" target=\"_blank\" rel=\"noopener\">&#13;<br \/>\n          <img loading=\"lazy\" decoding=\"async\" src=\"https:\/\/www.europesays.com\/fr\/wp-content\/uploads\/2026\/01\/loic-terrenes-photo-d-archives-joel-philippon-1720430901.jpg\" data-mobile=\"NW_listC_M|1720430901\" data-base=\"NW_listC|1720430901\" alt=\"Lo\u00efc Terrenes. Photo d'archives Jo\u00ebl Philippon\"\/>&#13;<br \/>\n      <\/a>&#13;<\/p>\n<p>Lo\u00efc Terrenes. Photo d&rsquo;archives Jo\u00ebl Philippon<\/p>\n<p>&#13;<\/p>\n<p>  4e arrondissement<\/p>\n<p><strong>Lo\u00efc Terrenes<\/strong><\/p>\n<p>29 ans, vit et travaille dans le 4e arrondissement. \u00ab Directeur r\u00e9gional d\u2019une start up sp\u00e9cialis\u00e9e dans les domaines de l\u2019\u00e9ducation et de l\u2019emploi \u00bb, deux fois candidats aux l\u00e9gislatives (2020 et 2022), il a \u00ab exerc\u00e9 au sein de la M\u00e9tropole de Lyon, \u00e0 l\u2019Assembl\u00e9e nationale et comme conseiller minist\u00e9riel \u00bb et pr\u00e9side l\u2019association Confluences : Lyon Nous depuis 2022.<\/p>\n<p>  &#13;<br \/>\n      <a href=\"https:\/\/cdn-s-www.leprogres.fr\/images\/f87a562f-1817-49f6-8211-2f3c05db16c3\/NW_raw\/thomas-rudigoz-photo-d-archives-maxime-jegat-1750259908.jpg\" title=\"Thomas Rudigoz. Photo d&#039;archives Maxime Jegat\" class=\"chocolat-image GA-tracking\" data-ga_type=\"click\" data-ga_category=\"D\u00e9tail\" data-ga_action=\"zoomer\" data-ga_label=\"agrandir image\" target=\"_blank\" rel=\"noopener\">&#13;<br \/>\n          <img loading=\"lazy\" decoding=\"async\" src=\"https:\/\/www.europesays.com\/fr\/wp-content\/uploads\/2026\/01\/thomas-rudigoz-photo-d-archives-maxime-jegat-1750259908.jpg\" data-mobile=\"NW_listC_M|1750259908\" data-base=\"NW_listC|1750259908\" alt=\"Thomas Rudigoz. Photo d'archives Maxime Jegat\"\/>&#13;<br \/>\n      <\/a>&#13;<\/p>\n<p>Thomas Rudigoz. Photo d&rsquo;archives Maxime Jegat<\/p>\n<p>&#13;<\/p>\n<p>  5e arrondissement<\/p>\n<p><strong>Thomas Rudigoz<\/strong><\/p>\n<p>55 ans, a d\u00e9but\u00e9 au service de presse de la ville de Lyon, sous le mandat de Raymond Barre avant de rejoindre le cabinet d\u2019Anne-Marie Comparini, puis de devenir conseiller municipal de G\u00e9rard Collomb en 2008. Conseiller g\u00e9n\u00e9ral, il fut ensuite \u00e9lu maire du 5e. D\u00e9put\u00e9 En marche en 2017 puis en 2022, battu en 2024, il est conseiller m\u00e9tropolitain.<\/p>\n<p>  &#13;<br \/>\n      <a href=\"https:\/\/cdn-s-www.leprogres.fr\/images\/be259d4a-5bd4-4079-8f60-858443f36772\/NW_raw\/samuel-soulier-photo-d-archives-nicolas-liponne-1768159833.jpg\" title=\"Samuel Soulier. Photo d&#039;archives Nicolas Liponne\" class=\"chocolat-image GA-tracking\" data-ga_type=\"click\" data-ga_category=\"D\u00e9tail\" data-ga_action=\"zoomer\" data-ga_label=\"agrandir image\" target=\"_blank\" rel=\"noopener\">&#13;<br \/>\n          <img loading=\"lazy\" decoding=\"async\" src=\"https:\/\/www.europesays.com\/fr\/wp-content\/uploads\/2026\/01\/samuel-soulier-photo-d-archives-nicolas-liponne-1768159833.jpg\" data-mobile=\"NW_listC_M|1768159833\" data-base=\"NW_listC|1768159833\" alt=\"Samuel Soulier. Photo d'archives Nicolas Liponne\"\/>&#13;<br \/>\n      <\/a>&#13;<\/p>\n<p>Samuel Soulier. Photo d&rsquo;archives Nicolas Liponne<\/p>\n<p>&#13;<\/p>\n<p>  6e arrondissement<\/p>\n<p><strong>Samuel Soulier<\/strong><\/p>\n<p>29 ans et un nom connu \u00e0 Lyon. Adjoint au mairie DVD du 6e arrondissement, il est en charge des seniors et du lien interg\u00e9n\u00e9rationnel et de la jeunesse. Il a exerc\u00e9 pendant 10 ans au sein du groupe GL Events &#8211; Profil. Il exerce comme ind\u00e9pendant dans le conseil en communication et l\u2019organisation d\u2019\u00e9v\u00e9nements.<\/p>\n<p>  &#13;<br \/>\n      <a href=\"https:\/\/cdn-s-www.leprogres.fr\/images\/c932191d-50db-4235-8048-7ea920e41d29\/NW_raw\/emilie-desrieux-photo-fournie-1768159834.jpg\" title=\"\u00c9milie Desrieux. Photo fournie\" class=\"chocolat-image GA-tracking\" data-ga_type=\"click\" data-ga_category=\"D\u00e9tail\" data-ga_action=\"zoomer\" data-ga_label=\"agrandir image\" target=\"_blank\" rel=\"noopener\">&#13;<br \/>\n          <img loading=\"lazy\" decoding=\"async\" src=\"https:\/\/www.europesays.com\/fr\/wp-content\/uploads\/2026\/01\/emilie-desrieux-photo-fournie-1768159834.jpg\" data-mobile=\"NW_listC_M|1768159834\" data-base=\"NW_listC|1768159834\" alt=\"\u00c9milie Desrieux. Photo fournie\"\/>&#13;<br \/>\n      <\/a>&#13;<\/p>\n<p>\u00c9milie Desrieux. Photo fournie<\/p>\n<p>&#13;<\/p>\n<p>  7e arrondissement\u00a0<\/p>\n<p><strong>Emilie Desrieux<\/strong><\/p>\n<p>47 ans, docteure en pharmacie, cheffe d\u2019entreprise dans le 7e arrondissement. Conseill\u00e8re municipale et conseill\u00e8re de Lyon (LR) depuis 2023, elle est \u00ab particuli\u00e8rement investie dans les enjeux de renouveau urbain, de sant\u00e9, de proximit\u00e9 et de la qualit\u00e9 de vie dans le quartier de la <a href=\"https:\/\/www.leprogres.fr\/p\/la-guillotiere\" target=\"_blank\" rel=\"noopener\">Guilloti\u00e8re<\/a> \u00bb.<\/p>\n<p>  &#13;<br \/>\n      <a href=\"https:\/\/cdn-s-www.leprogres.fr\/images\/65d2051e-bffe-4502-899c-6fbf31d8041a\/NW_raw\/barbara-velon-photo-fournie-1768159834.jpg\" title=\"Barbara V\u00e9lon. Photo fournie\" class=\"chocolat-image GA-tracking\" data-ga_type=\"click\" data-ga_category=\"D\u00e9tail\" data-ga_action=\"zoomer\" data-ga_label=\"agrandir image\" target=\"_blank\" rel=\"noopener\">&#13;<br \/>\n          <img loading=\"lazy\" decoding=\"async\" src=\"https:\/\/www.europesays.com\/fr\/wp-content\/uploads\/2026\/01\/barbara-velon-photo-fournie-1768159834.jpg\" data-mobile=\"NW_listC_M|1768159834\" data-base=\"NW_listC|1768159834\" alt=\"Barbara V\u00e9lon. Photo fournie\"\/>&#13;<br \/>\n      <\/a>&#13;<\/p>\n<p>Barbara V\u00e9lon. Photo fournie<\/p>\n<p>&#13;<\/p>\n<p>  8e arrondissement<\/p>\n<p><strong>Barbara V\u00e9lon<\/strong><\/p>\n<p>39 ans, infirmi\u00e8re lib\u00e9rale, originaire de Lyon. Elle r\u00e9side dans le 8e arrondissement et est tr\u00e8s impliqu\u00e9e \u00ab dans le tissu associatif \u00bb. Investie dans le conseil de quartier de Monplaisir, elle se dit \u00ab sensible aux r\u00e9alit\u00e9s sociales de l\u2019arrondissement, qui conna\u00eet \u00e0 la fois le taux de ch\u00f4mage le plus \u00e9lev\u00e9 et le revenu par habitant le plus faible de la ville \u00bb.<\/p>\n<p>  &#13;<br \/>\n      <a href=\"https:\/\/cdn-s-www.leprogres.fr\/images\/71b60c08-0250-44b7-be92-75c8a00dbab4\/NW_raw\/laila-khallouk-photo-fournie-1768159834.jpg\" title=\"Laila Khallouk. Photo fournie\" class=\"chocolat-image GA-tracking\" data-ga_type=\"click\" data-ga_category=\"D\u00e9tail\" data-ga_action=\"zoomer\" data-ga_label=\"agrandir image\" target=\"_blank\" rel=\"noopener\">&#13;<br \/>\n          <img loading=\"lazy\" decoding=\"async\" src=\"https:\/\/www.europesays.com\/fr\/wp-content\/uploads\/2026\/01\/laila-khallouk-photo-fournie-1768159834.jpg\" data-mobile=\"NW_listC_M|1768159834\" data-base=\"NW_listC|1768159834\" alt=\"Laila Khallouk. Photo fournie\"\/>&#13;<br \/>\n      <\/a>&#13;<\/p>\n<p>Laila Khallouk. Photo fournie<\/p>\n<p>&#13;<\/p>\n<p>  9e arrondissement<\/p>\n<p><strong>Laila Khallouk<\/strong><\/p>\n<p>32 ans, n\u00e9e \u00e0 Lyon. \u00ab Ancienne cadre de promotion immobili\u00e8re, elle est aujourd\u2019hui marchande de biens, engag\u00e9e depuis deux ans dans l\u2019entrepreneuriat immobilier \u00bb. Elle est \u00ab l\u2019une des jeunes fondatrices du collectif G\u00e9n\u00e9ration Aulas, mouvement citoyen \u00e0 l\u2019origine de l\u2019appel \u00e0 candidature de Jean-Michel Aulas \u00bb.<\/p>\n","protected":false},"excerpt":{"rendered":"Au fil des semaines, Jean-Michel Aulas, candidat sans \u00e9tiquette soutenu par la droite et le centre, contraint ses&hellip;\n","protected":false},"author":2,"featured_media":656840,"comment_status":"","ping_status":"","sticky":false,"template":"","format":"standard","meta":{"footnotes":""},"categories":[1889],"tags":[1111,11,2430,2757,4188,1777,674,107,1011,27,3540,2428,12,316,25,2429],"class_list":{"0":"post-656839","1":"post","2":"type-post","3":"status-publish","4":"format-standard","5":"has-post-thumbnail","7":"category-lyon","8":"tag-actu","9":"tag-actualites","10":"tag-auvergne-rhone-alpes","11":"tag-edition-lyon-villeurbanne","12":"tag-elections-municipales","13":"tag-eu","14":"tag-europe","15":"tag-fil-info","16":"tag-fr","17":"tag-france","18":"tag-horizons","19":"tag-lyon","20":"tag-news","21":"tag-politique","22":"tag-republique-francaise","23":"tag-rhone"},"share_on_mastodon":{"url":"https:\/\/pubeurope.com\/@fr\/115878309945157645","error":""},"_links":{"self":[{"href":"https:\/\/www.europesays.com\/fr\/wp-json\/wp\/v2\/posts\/656839","targetHints":{"allow":["GET"]}}],"collection":[{"href":"https:\/\/www.europesays.com\/fr\/wp-json\/wp\/v2\/posts"}],"about":[{"href":"https:\/\/www.europesays.com\/fr\/wp-json\/wp\/v2\/types\/post"}],"author":[{"embeddable":true,"href":"https:\/\/www.europesays.com\/fr\/wp-json\/wp\/v2\/users\/2"}],"replies":[{"embeddable":true,"href":"https:\/\/www.europesays.com\/fr\/wp-json\/wp\/v2\/comments?post=656839"}],"version-history":[{"count":0,"href":"https:\/\/www.europesays.com\/fr\/wp-json\/wp\/v2\/posts\/656839\/revisions"}],"wp:featuredmedia":[{"embeddable":true,"href":"https:\/\/www.europesays.com\/fr\/wp-json\/wp\/v2\/media\/656840"}],"wp:attachment":[{"href":"https:\/\/www.europesays.com\/fr\/wp-json\/wp\/v2\/media?parent=656839"}],"wp:term":[{"taxonomy":"category","embeddable":true,"href":"https:\/\/www.europesays.com\/fr\/wp-json\/wp\/v2\/categories?post=656839"},{"taxonomy":"post_tag","embeddable":true,"href":"https:\/\/www.europesays.com\/fr\/wp-json\/wp\/v2\/tags?post=656839"}],"curies":[{"name":"wp","href":"https:\/\/api.w.org\/{rel}","templated":true}]}}