{"id":656849,"date":"2026-01-11T20:22:11","date_gmt":"2026-01-11T20:22:11","guid":{"rendered":"https:\/\/www.europesays.com\/fr\/656849\/"},"modified":"2026-01-11T20:22:11","modified_gmt":"2026-01-11T20:22:11","slug":"paris-une-studette-de-6-metres-carres-vendue-pour-la-coquette-somme-de-60-700-euros","status":"publish","type":"post","link":"https:\/\/www.europesays.com\/fr\/656849\/","title":{"rendered":"Paris : une studette de 6 m\u00e8tres carr\u00e9s vendue pour la coquette somme de 60 700 euros"},"content":{"rendered":"<p>Un appartement \u00e0 vendre avec vue directe sur Montmartre. C\u2019est une annonce qui a de quoi donner envie \u00e0 plus d\u2019un d\u2019investir dans l\u2019immobilier, et encore plus si c\u2019est pour avoir une vue sur l\u2019un des plus beaux monuments de <a href=\"https:\/\/www.capital.fr\/immobilier\/logement-etudiant-jusqua-1-400-demandes-pour-un-studio-a-paris-1515174\" target=\"_blank\" rel=\"noopener\">la capitale<\/a>. Mis en vente dans le 18e arrondissement de Paris, le bien est pr\u00e9sent\u00e9 comme une \u00abstudette pr\u00eate \u00e0 vivre\u00bb avec un \u00abacc\u00e8s \u00e0 un jardin partag\u00e9 pour garer son v\u00e9lo\u00bb, <strong>le tout pour la somme de 60 700 euros.<\/strong><\/p>\n<p>Alors que l\u2019annonce, post\u00e9e sur Facebook au d\u00e9but du mois de janvier, a d\u00e9j\u00e0 attir\u00e9 de nombreux curieux, tr\u00e8s vite, ces derniers se sont vite rendu compte de <strong>la face cach\u00e9e de cette offre<\/strong>. En effet, comme le rapporte <a href=\"https:\/\/www.bfmtv.com\/immobilier\/60-700-euros-pour-cette-studette-de-6-metres-carres-prete-a-vivre-mais-seulement-4-81-metres-a-cause-du-ballon-d-eau-chaude-peut-on-vraiment-vendre-des-logements-aussi-petits_AN-202601110243.html\" target=\"_blank\" rel=\"noopener\">BFMTV<\/a>, le bien affiche une superficie d\u2019un peu moins de<strong> 6 <\/strong><a href=\"https:\/\/www.capital.fr\/immobilier\/achat-immobilier-que-faire-si-les-metres-carres-sur-lannonce-sont-errones-1449858\" target=\"_blank\" rel=\"noopener\"><strong>m\u00e8tres carr\u00e9s<\/strong><\/a>, 5,82 m\u00e8tres plus pr\u00e9cis\u00e9ment. Et lorsque l\u2019on s\u2019attarde encore plus sur cette surface, on s\u2019aper\u00e7oit m\u00eame que celle-ci n\u2019est en r\u00e9alit\u00e9 que de <strong>4,81 m\u00e8tres carr\u00e9s<\/strong> lorsque l\u2019on retire les espaces occup\u00e9s par le ballon d\u2019eau chaude ou encore le frigo.<\/p>\n<p><strong>Un bien dans la moyenne des prix parisiens<\/strong><\/p>\n<p>Vendue pour <strong>un peu plus de 10 000 euros le m\u00e8tre carr\u00e9<\/strong>, l\u2019offre, qui au premier regard pourrait s\u2019apparenter \u00e0 une v\u00e9ritable aubaine pour les potentiels acqu\u00e9reurs, est donc en r\u00e9alit\u00e9 dans la moyenne du march\u00e9 de l\u2019immobilier parisien. Pour autant, une question se pose : ce bien est-il l\u00e9gal \u00e0 la vente ? Tout d\u2019abord, il est important de noter qu\u2019<strong>il n\u2019existe aujourd\u2019hui aucune surface dite \u00ab<\/strong><strong>plancher<\/strong><strong>\u00bb pour pouvoir vendre un bien immobilier<\/strong>. Il peut ainsi s\u2019agir d\u2019une place de parking, d\u2019un box ou m\u00eame d\u2019une cave pour lesquels aucune surface minimale n\u2019est \u00e0 respecter et <strong>seuls les biens \u00e0 partir de 8 m\u00e8tres carr\u00e9s obligent le vendeur \u00e0 mentionner les surfaces pr\u00e9cises.<\/strong><\/p>\n<p>Toutefois, bien qu\u2019il soit possible de vendre de petites surfaces, celui-ci ne peut \u00eatre qualifi\u00e9 de \u00ablogement\u00bb lorsque sa surface est inf\u00e9rieure \u00e0 8 m\u00e8tres carr\u00e9s, ce qui est le cas pour cette annonce. Dans le cas contraire, <strong>le vendeur s\u2019expose \u00e0 des poursuites judiciaires tant sur le plan civil que sur le plan p\u00e9nal.<\/strong> Aujourd\u2019hui, en France, pas moins de 400 000 logements sont ainsi consid\u00e9r\u00e9s comme indignes, que ce soit en raison de leur taille, pour des raisons d\u2019<a href=\"https:\/\/www.capital.fr\/immobilier\/mon-logement-est-insalubre-puis-je-arreter-de-payer-mon-loyer-1508471\" target=\"_blank\" rel=\"noopener\">insalubrit\u00e9<\/a> ou en l\u2019absence de tout confort minimal.<\/p>\n","protected":false},"excerpt":{"rendered":"Un appartement \u00e0 vendre avec vue directe sur Montmartre. C\u2019est une annonce qui a de quoi donner envie&hellip;\n","protected":false},"author":2,"featured_media":656850,"comment_status":"","ping_status":"","sticky":false,"template":"","format":"standard","meta":{"footnotes":""},"categories":[1888],"tags":[5189,11,1777,674,1011,27,12,626,5188,25,4100],"class_list":{"0":"post-656849","1":"post","2":"type-post","3":"status-publish","4":"format-standard","5":"has-post-thumbnail","7":"category-paris","8":"tag-achat-immobilier","9":"tag-actualites","10":"tag-eu","11":"tag-europe","12":"tag-fr","13":"tag-france","14":"tag-news","15":"tag-paris","16":"tag-prix-immobilier","17":"tag-republique-francaise","18":"tag-vente"},"share_on_mastodon":{"url":"https:\/\/pubeurope.com\/@fr\/115878333233606570","error":""},"_links":{"self":[{"href":"https:\/\/www.europesays.com\/fr\/wp-json\/wp\/v2\/posts\/656849","targetHints":{"allow":["GET"]}}],"collection":[{"href":"https:\/\/www.europesays.com\/fr\/wp-json\/wp\/v2\/posts"}],"about":[{"href":"https:\/\/www.europesays.com\/fr\/wp-json\/wp\/v2\/types\/post"}],"author":[{"embeddable":true,"href":"https:\/\/www.europesays.com\/fr\/wp-json\/wp\/v2\/users\/2"}],"replies":[{"embeddable":true,"href":"https:\/\/www.europesays.com\/fr\/wp-json\/wp\/v2\/comments?post=656849"}],"version-history":[{"count":0,"href":"https:\/\/www.europesays.com\/fr\/wp-json\/wp\/v2\/posts\/656849\/revisions"}],"wp:featuredmedia":[{"embeddable":true,"href":"https:\/\/www.europesays.com\/fr\/wp-json\/wp\/v2\/media\/656850"}],"wp:attachment":[{"href":"https:\/\/www.europesays.com\/fr\/wp-json\/wp\/v2\/media?parent=656849"}],"wp:term":[{"taxonomy":"category","embeddable":true,"href":"https:\/\/www.europesays.com\/fr\/wp-json\/wp\/v2\/categories?post=656849"},{"taxonomy":"post_tag","embeddable":true,"href":"https:\/\/www.europesays.com\/fr\/wp-json\/wp\/v2\/tags?post=656849"}],"curies":[{"name":"wp","href":"https:\/\/api.w.org\/{rel}","templated":true}]}}