{"id":656853,"date":"2026-01-11T20:24:11","date_gmt":"2026-01-11T20:24:11","guid":{"rendered":"https:\/\/www.europesays.com\/fr\/656853\/"},"modified":"2026-01-11T20:24:11","modified_gmt":"2026-01-11T20:24:11","slug":"guerre-en-ukraine-jusqua-20-c-un-million-de-civils-prives-de-chauffage-cet-hiver-est-il-le-plus-rude-depuis-le-debut-de-linvasion-russe","status":"publish","type":"post","link":"https:\/\/www.europesays.com\/fr\/656853\/","title":{"rendered":"Guerre en Ukraine\u00a0: jusqu\u2019\u00e0 \u2013 20\u00a0\u00b0C, un million de civils priv\u00e9s de chauffage\u2026 cet hiver est-il le plus rude depuis le d\u00e9but de l\u2019invasion russe\u00a0?"},"content":{"rendered":"<p>\n                                                                    l&rsquo;essentiel<br \/>\n                                                                Voil\u00e0 plusieurs semaines que les infrastructures \u00e9nerg\u00e9tiques ukrainiennes sont vis\u00e9es par les forces arm\u00e9es russes. Pr\u00e8s d\u2019un million d\u2019Ukrainiens \u00e9taient priv\u00e9s de solutions de chauffage en cette fin de semaine, alors que le thermom\u00e8tre affichait \u2013 15\u00a0\u00b0C par endroits.\n                            <\/p>\n<p>Les forces arm\u00e9es russes frappent l\u00e0 o\u00f9 \u00e7a fait mal\u2026 Voil\u00e0 plusieurs semaines que la Russie cible obstin\u00e9ment les infrastructures \u00e9nerg\u00e9tiques ukrainiennes, alors que le territoire ukrainien est en proie \u00e0 une vague de froid glacial\u00a0: des temp\u00e9ratures allant jusqu\u2019\u00e0 \u2013 15\u00a0\u00b0C ont \u00e9t\u00e9 recens\u00e9es par endroits.\u00a0\u00ab\u00a0Pas un seul jour ne s\u2019est \u00e9coul\u00e9 cette semaine sans attaques contre des installations \u00e9nerg\u00e9tiques et des infrastructures critiques. Au total, 44 attaques ont \u00e9t\u00e9 recens\u00e9es\u00a0\u00bb, a d\u00e9clar\u00e9\u00a0Yulia Svyrydenko, Premi\u00e8re ministre ukrainienne, ce dimanche 11\u00a0janvier.<\/p>\n<p>Selon nos confr\u00e8res britanniques de <a href=\"https:\/\/www.independent.co.uk\/news\/world\/europe\/ukraine-russia-war-trump-putin-zelensky-oreshnik-missile-latest-news-b2898234.html\" target=\"_blank\" rel=\"noopener\">The Independent<\/a>, pas moins d\u2019un million\u00a0d\u2019Ukrainiens luttent contre le manque de chauffage et d\u2019eau apr\u00e8s les attaques russes. La D\u00e9p\u00eache du Midi fait le point.<\/p>\n<p>Kiev et l\u2019oblast de Zaporijia touch\u00e9s<\/p>\n<p>En fin de semaine, des bombardements\u00a0ont fait au moins quatre morts et priv\u00e9 de chauffage la moiti\u00e9 des immeubles r\u00e9sidentiels de la capitale ukrainienne. En effet, la Russie aurait endommag\u00e9 les installations de production et de distribution de chaleur \u00e0 Kiev et dans ses environs. Ces frappes ont\u00a0pouss\u00e9 le maire de la ville, Vitaly Klitschko, \u00e0 appeler vendredi la population \u00e0 \u00e9vacuer \u00ab\u00a0temporairement\u00a0\u00bb. Pr\u00e8s de\u00a06\u00a0000 b\u00e2timents \u00e9taient alors \u00ab\u00a0priv\u00e9s de chauffage\u00a0\u00bb, s\u2019\u00e9tait alarm\u00e9 l\u2019\u00e9dile. Ce dimanche soir, ce sont pr\u00e8s de 1\u00a0000 b\u00e2timents qui restent priv\u00e9s de chauffage selon le <a href=\"https:\/\/kyivindependent.com\/thousand-buildings-in-kyiv-still-without-heat-as-difficult-conditions-set-to-continue\/\" target=\"_blank\" rel=\"noopener\">Kyiv Independent<\/a>. \u00ab\u00a0La situation de l\u2019approvisionnement \u00e9nerg\u00e9tique dans la capitale demeure tr\u00e8s difficile\u00a0\u00bb, a comment\u00e9 le maire, Vitaly Klitschko, ce dimanche.<\/p>\n<blockquote data-class=\"twitter-tweet\">\n<p lang=\"en\" dir=\"ltr\">Blackout in Kyiv. Our capital, a multimillion\u2011person metropolis, has been plunged into darkness amidst the freezing cold. It is a humanitarian disaster caused by russia.<\/p>\n<p>\\ud83d\\udcf8: Yan Dobronosov <a href=\"https:\/\/t.co\/rbO4NhDBTG\">pic.twitter.com\/rbO4NhDBTG<\/a><\/p>\n<p>\u2014 Kate from Kharkiv (@BohuslavskaKate) <a href=\"https:\/\/twitter.com\/BohuslavskaKate\/status\/2010050923364790421?ref_src=twsrc%5Etfw\" target=\"_blank\" rel=\"noopener\">January 10, 2026<\/a><\/p><\/blockquote>\n<p>Dans la nuit de samedi \u00e0 dimanche, les forces russes ont de nouveau attaqu\u00e9 le r\u00e9seau \u00e9lectrique du pays, coupant bri\u00e8vement l\u2019\u00e9lectricit\u00e9 dans les r\u00e9gions de Dnipropetrovsk et de Zaporijia, dans le sud-est du pays. C\u2019est la seconde fois en une semaine que l\u2019oblast de Zaporjia subit de telles coupures. Plusieurs centaines de milliers de foyers ont \u00e9t\u00e9 impact\u00e9s. Dans la r\u00e9gion de Dnipro, le maire\u00a0Borys Filatov parle \u00ab\u00a0d\u2019urgence nationale\u00a0\u00bb.<\/p>\n<p>Jusqu\u2019\u00e0 \u2013 20\u00a0\u00b0C\u00a0: un froid de plus en plus intense<\/p>\n<p>Les autorit\u00e9s ukrainiennes s\u2019inqui\u00e8tent entre autres de potentiels d\u00e9c\u00e8s li\u00e9s au froid, d\u2019autant que plusieurs h\u00f4pitaux sont aussi impact\u00e9s par ces coupures d\u2019\u00e9lectricit\u00e9. Le quatri\u00e8me hiver de cette guerre entre l\u2019Ukraine et la Russie pourrait en effet \u00eatre le plus froid et le plus sombre. Les d\u00e9g\u00e2ts accumul\u00e9s sur le r\u00e9seau \u00e9nerg\u00e9tique ukrainien mettent en effet les compagnies d\u2019\u00e9lectricit\u00e9 au bord de la rupture\u00a0: \u00ab\u00a0Actuellement, la situation en mati\u00e8re d\u2019\u00e9lectricit\u00e9 est la plus difficile de cet hiver\u00a0\u00bb, estime la plus grande entreprise \u00e9nerg\u00e9tique priv\u00e9e d\u2019Ukraine, DTEK.<\/p>\n<blockquote data-class=\"twitter-tweet\">\n<p lang=\"en\" dir=\"ltr\">Greetings from Kyiv<br \/>and our \u201311 \u00b0C.<\/p>\n<p>Filmed this earlier today, when I finally decided it was time to go out and buy some food.<\/p>\n<p>We still have only rare hours with electricity and minimal heating. <br \/>Now an air raid alert has joined the list. <a href=\"https:\/\/t.co\/gDfNyjxbYH\">pic.twitter.com\/gDfNyjxbYH<\/a><\/p>\n<p>\u2014 Yaroslava (@strategywoman) <a href=\"https:\/\/twitter.com\/strategywoman\/status\/2010372610790445393?ref_src=twsrc%5Etfw\" target=\"_blank\" rel=\"noopener\">January 11, 2026<\/a><\/p><\/blockquote>\n<p>Sur le plan m\u00e9t\u00e9orologique, les conditions s\u2019annoncent extr\u00eames. Les temp\u00e9ratures, d\u00e9j\u00e0 inf\u00e9rieures \u00e0 \u2013 12\u00a0\u00b0C, doivent chuter \u00e0 \u2013 20\u00a0\u00b0C la semaine prochaine. De son c\u00f4t\u00e9, la Premi\u00e8re ministre Yuliia Svyrydenko a d\u00e9clar\u00e9 que des am\u00e9liorations significatives de la situation en mati\u00e8re d\u2019approvisionnement \u00e9nerg\u00e9tique sont attendues d\u2019ici le 15\u00a0janvier.<\/p>\n<p>Des frappes condamn\u00e9es<\/p>\n<p>\u00ab\u00a0La Russie a atteint un nouveau niveau effroyable de crimes de guerre et de crimes contre l\u2019humanit\u00e9 dans ses attaques contre les civils et infrastructures civiles en Ukraine\u00a0\u00bb, d\u00e9nonce l\u2019ambassadeur d\u2019Ukraine \u00e0 l\u2019ONU Andri\u00ef Melnyk dans une lettre.\u00a0Le secr\u00e9taire g\u00e9n\u00e9ral de l\u2019ONU Antonio Guterres a condamn\u00e9 ces frappes\u00a0: \u00ab\u00a0Les attaques contre des civils et des infrastructures civiles violent le droit international humanitaire. Peu importe o\u00f9 elles se produisent, elles sont inacceptables et doivent cesser imm\u00e9diatement\u00a0\u00bb, a-t-il d\u00e9clar\u00e9 selon son porte-parole.<\/p>\n<p>                                                                                                                                                                                                        <script async src=\"https:\/\/platform.twitter.com\/widgets.js\" charset=\"utf-8\"><\/script><\/p>\n","protected":false},"excerpt":{"rendered":"l&rsquo;essentiel Voil\u00e0 plusieurs semaines que les infrastructures \u00e9nerg\u00e9tiques ukrainiennes sont vis\u00e9es par les forces arm\u00e9es russes. Pr\u00e8s d\u2019un&hellip;\n","protected":false},"author":2,"featured_media":656854,"comment_status":"","ping_status":"","sticky":false,"template":"","format":"standard","meta":{"footnotes":""},"categories":[1590],"tags":[11,1777,674,329,131,14,12,220],"class_list":{"0":"post-656853","1":"post","2":"type-post","3":"status-publish","4":"format-standard","5":"has-post-thumbnail","7":"category-ukraine","8":"tag-actualites","9":"tag-eu","10":"tag-europe","11":"tag-france-monde","12":"tag-guerre-en-ukraine","13":"tag-international","14":"tag-news","15":"tag-ukraine"},"share_on_mastodon":{"url":"https:\/\/pubeurope.com\/@fr\/115878341078118483","error":""},"_links":{"self":[{"href":"https:\/\/www.europesays.com\/fr\/wp-json\/wp\/v2\/posts\/656853","targetHints":{"allow":["GET"]}}],"collection":[{"href":"https:\/\/www.europesays.com\/fr\/wp-json\/wp\/v2\/posts"}],"about":[{"href":"https:\/\/www.europesays.com\/fr\/wp-json\/wp\/v2\/types\/post"}],"author":[{"embeddable":true,"href":"https:\/\/www.europesays.com\/fr\/wp-json\/wp\/v2\/users\/2"}],"replies":[{"embeddable":true,"href":"https:\/\/www.europesays.com\/fr\/wp-json\/wp\/v2\/comments?post=656853"}],"version-history":[{"count":0,"href":"https:\/\/www.europesays.com\/fr\/wp-json\/wp\/v2\/posts\/656853\/revisions"}],"wp:featuredmedia":[{"embeddable":true,"href":"https:\/\/www.europesays.com\/fr\/wp-json\/wp\/v2\/media\/656854"}],"wp:attachment":[{"href":"https:\/\/www.europesays.com\/fr\/wp-json\/wp\/v2\/media?parent=656853"}],"wp:term":[{"taxonomy":"category","embeddable":true,"href":"https:\/\/www.europesays.com\/fr\/wp-json\/wp\/v2\/categories?post=656853"},{"taxonomy":"post_tag","embeddable":true,"href":"https:\/\/www.europesays.com\/fr\/wp-json\/wp\/v2\/tags?post=656853"}],"curies":[{"name":"wp","href":"https:\/\/api.w.org\/{rel}","templated":true}]}}