{"id":656855,"date":"2026-01-11T20:25:13","date_gmt":"2026-01-11T20:25:13","guid":{"rendered":"https:\/\/www.europesays.com\/fr\/656855\/"},"modified":"2026-01-11T20:25:13","modified_gmt":"2026-01-11T20:25:13","slug":"les-usa-ont-mene-des-frappes-a-grande-echelle-contre-daech-en-syrie","status":"publish","type":"post","link":"https:\/\/www.europesays.com\/fr\/656855\/","title":{"rendered":"Les USA ont men\u00e9 des frappes \u00ab \u00e0 grande \u00e9chelle \u00bb contre Daech en Syrie\u00a0"},"content":{"rendered":"<p>Apr\u00e8s avoir men\u00e9 une op\u00e9ration surr\u00e9aliste au Venezuela d\u00e9but janvier, qui s\u2019est sold\u00e9e par la capture du pr\u00e9sident Nicol\u00e1s Maduro, les \u00c9tats-Unis de Donald Trump poursuivent les op\u00e9rations militaires \u00e0 l\u2019ext\u00e9rieur de leurs fronti\u00e8res.<\/p>\n<p>Et au moment o\u00f9 Donald Trump a r\u00e9p\u00e9t\u00e9 que les \u00c9tats-Unis \u00ab se tenaient pr\u00eats \u00e0 aider \u00bb le peuple iranien ce samedi 10 janvier, l\u2019arm\u00e9e am\u00e9ricaine menait des frappes \u00ab \u00e0 grande \u00e9chelle \u00bb contre le groupe jihadiste \u00c9tat islamique (EI)(Daech) en Syrie.<\/p>\n<p>La raison de cette nouvelle op\u00e9ration militaire ? Il s\u2019agit d\u2019une r\u00e9ponse \u00e0 une attaque ayant tu\u00e9 deux militaires am\u00e9ricains et un traducteur en d\u00e9cembre sur le sol syrien. Dans un communiqu\u00e9, le commandement militaire am\u00e9ricain pour le Moyen-Orient a expliqu\u00e9 sur X avoir men\u00e9, \u00ab en collaboration avec des forces partenaires, des frappes \u00e0 grande \u00e9chelle contre plusieurs cibles de l\u2019EI \u00e0 travers la Syrie \u00bb.<\/p>\n<p>Les \u00c9tats-Unis ont d\u00e9j\u00e0 cibl\u00e9 le groupe jihadiste depuis l\u2019attaque meurtri\u00e8re du 13 d\u00e9cembre dans la r\u00e9gion de Palmyre, qui avait \u00e9t\u00e9 contr\u00f4l\u00e9e par l\u2019EI avant qu\u2019il ne soit d\u00e9fait en Syrie par une coalition internationale en 2019. Ses combattants repli\u00e9s dans le vaste d\u00e9sert syrien continuent \u00e9pisodiquement de mener des attaques.<\/p>\n<p>CNN pr\u00e9cise, en citant un responsable am\u00e9ricain, que l\u2019op\u00e9ration lanc\u00e9e ce samedi a entra\u00een\u00e9 le tir de \u00ab plus de 90 munitions de pr\u00e9cision pour atteindre plus de 35 cibles, \u00e0 l\u2019aide de plus de deux douzaines d\u2019avions \u00bb.<\/p>\n<p>Comme l\u2019explique le commandement militaire am\u00e9ricain \u00ab ces frappes s\u2019inscrivent dans le cadre de l\u2019op\u00e9ration Hawkeye, lanc\u00e9e et annonc\u00e9e le 19 d\u00e9cembre 2025 sur ordre du pr\u00e9sident Trump \u00bb. Les frappes men\u00e9es ce samedi \u00ab visaient Daech \u00e0 travers la Syrie \u00bb, est-il \u00e9galement pr\u00e9cis\u00e9.<\/p>\n<p>&#8211; Publicit\u00e9-<\/p>\n","protected":false},"excerpt":{"rendered":"Apr\u00e8s avoir men\u00e9 une op\u00e9ration surr\u00e9aliste au Venezuela d\u00e9but janvier, qui s\u2019est sold\u00e9e par la capture du pr\u00e9sident&hellip;\n","protected":false},"author":2,"featured_media":506202,"comment_status":"","ping_status":"","sticky":false,"template":"","format":"standard","meta":{"footnotes":""},"categories":[1589],"tags":[11,73,1866,12,1864,1865,1863,308],"class_list":{"0":"post-656855","1":"post","2":"type-post","3":"status-publish","4":"format-standard","5":"has-post-thumbnail","7":"category-etats-unis","8":"tag-actualites","9":"tag-etats-unis","10":"tag-etats-unis-damerique","11":"tag-news","12":"tag-united-states","13":"tag-united-states-of-america","14":"tag-us","15":"tag-usa"},"share_on_mastodon":{"url":"https:\/\/pubeurope.com\/@fr\/115878345001244106","error":""},"_links":{"self":[{"href":"https:\/\/www.europesays.com\/fr\/wp-json\/wp\/v2\/posts\/656855","targetHints":{"allow":["GET"]}}],"collection":[{"href":"https:\/\/www.europesays.com\/fr\/wp-json\/wp\/v2\/posts"}],"about":[{"href":"https:\/\/www.europesays.com\/fr\/wp-json\/wp\/v2\/types\/post"}],"author":[{"embeddable":true,"href":"https:\/\/www.europesays.com\/fr\/wp-json\/wp\/v2\/users\/2"}],"replies":[{"embeddable":true,"href":"https:\/\/www.europesays.com\/fr\/wp-json\/wp\/v2\/comments?post=656855"}],"version-history":[{"count":0,"href":"https:\/\/www.europesays.com\/fr\/wp-json\/wp\/v2\/posts\/656855\/revisions"}],"wp:featuredmedia":[{"embeddable":true,"href":"https:\/\/www.europesays.com\/fr\/wp-json\/wp\/v2\/media\/506202"}],"wp:attachment":[{"href":"https:\/\/www.europesays.com\/fr\/wp-json\/wp\/v2\/media?parent=656855"}],"wp:term":[{"taxonomy":"category","embeddable":true,"href":"https:\/\/www.europesays.com\/fr\/wp-json\/wp\/v2\/categories?post=656855"},{"taxonomy":"post_tag","embeddable":true,"href":"https:\/\/www.europesays.com\/fr\/wp-json\/wp\/v2\/tags?post=656855"}],"curies":[{"name":"wp","href":"https:\/\/api.w.org\/{rel}","templated":true}]}}