{"id":656858,"date":"2026-01-11T20:27:11","date_gmt":"2026-01-11T20:27:11","guid":{"rendered":"https:\/\/www.europesays.com\/fr\/656858\/"},"modified":"2026-01-11T20:27:11","modified_gmt":"2026-01-11T20:27:11","slug":"allemagne-la-promenade-glaciale-du-bayern-contre-wolfsburg-pour-lancer-2026","status":"publish","type":"post","link":"https:\/\/www.europesays.com\/fr\/656858\/","title":{"rendered":"Allemagne: la promenade glaciale du Bayern contre Wolfsburg pour lancer 2026"},"content":{"rendered":"<p class=\"mb-4 text-lg md:leading-8 break-words\">Pour son premier match en 2026, le Bayern a repris ses bonnes habitudes de la fin 2025, en corrigeant Wolfsburg 8 \u00e0 1 dimanche en cl\u00f4ture de la 16e journ\u00e9e de Bundesliga, un succ\u00e8s qui lui permet de s&rsquo;envoler en t\u00eate.<\/p>\n<p class=\"mb-4 text-lg md:leading-8 break-words\">Les hommes de Vincent Kompany r\u00e9alisent une phase aller quasiment parfaite avec 14 victoires pour deux matches nuls conc\u00e9d\u00e9s -\u00e0 Berlin contre l&rsquo;Union et contre Mayence, \u00e0 chaque fois 2-2.<\/p>\n<p class=\"mb-4 text-lg md:leading-8 break-words\">Avec 44 points, ils comptent d\u00e9sormais 11 points d&rsquo;avance sur le Borussia Dortmund (33), tenu en \u00e9chec vendredi sur la pelouse de l&rsquo;Eintracht Francfort (3-3). Derri\u00e8re Dortmund, Leipzig, Leverkusen et Stuttgart sont \u00e0 \u00e9galit\u00e9 \u00e0 29 points, mais Leipzig a jou\u00e9 un match en moins apr\u00e8s le report de sa rencontre \u00e0 St. Pauli samedi.<\/p>\n<p class=\"mb-4 text-lg md:leading-8 break-words\">En cas de victoire mercredi (20h30) \u00e0 Cologne, ils \u00e9galeront la meilleure phase aller de l&rsquo;histoire de la Bundesliga. Lors de la saison 2013\/14, les Munichois avaient pris 47 points (15 victoires, 2 matches nuls) pour le premier exercice de Pep Guardiola en Bavi\u00e8re.<\/p>\n<p class=\"mb-4 text-lg md:leading-8 break-words\">Mais la machine \u00e0 marquer fonctionne \u00e0 un r\u00e9gime in\u00e9dit cette saison pour le Bayern, avec d\u00e9j\u00e0 63 buts inscrits en 16 journ\u00e9es, bien au-dessus des 44 marqu\u00e9s il y a 12 ans par le \u00ab\u00a0Rekordmeister\u00a0\u00bb (d\u00e9tenteur du record de titre de champion) \u00e0 ce stade de la saison.<\/p>\n<p class=\"mb-4 text-lg md:leading-8 break-words\">&#8211; Superbe lucarne de Kane &#8211;<\/p>\n<p class=\"mb-4 text-lg md:leading-8 break-words\">Dimanche, sur son aile gauche, le Colombien Luis Diaz a encore une fois \u00e9t\u00e9 omnipr\u00e9sent. C&rsquo;est lui qui a \u00e9t\u00e9 \u00e0 l&rsquo;origine de l&rsquo;ouverture du score d\u00e8s la 5e minute. Apr\u00e8s avoir d\u00e9bord\u00e9, il a centr\u00e9 fort et le d\u00e9fenseur de Wolfsburg Kililan Fischer, sous pression de Michael Olise, a marqu\u00e9 contre son camp.<\/p>\n<p class=\"mb-4 text-lg md:leading-8 break-words\">A la demi-heure de jeu, et alors que Wolsfburg avait \u00e9galis\u00e9 par Dzenan Pejcinovic, Diaz a parfaitement repris de la t\u00eate un centre d&rsquo;Olise.<\/p>\n<p class=\"mb-4 text-lg md:leading-8 break-words\">Dans une Allianz Arena transform\u00e9e en gla\u00e7on (-5 degr\u00e9s au coup d&rsquo;envoi), Olise a assur\u00e9 le spectacle \u00e0 la 50e minute. Parti de son aile droite, il s&rsquo;est recentr\u00e9 en dribblant plusieurs joueurs de Wolfsburg, et a enroul\u00e9 une frappe du pied gauche hors de port\u00e9e du gardien de Wolfsburg.<\/p>\n<p class=\"mb-4 text-lg md:leading-8 break-words\">Trois minutes plus tard, Kane a trouv\u00e9 Olise sur une passe transversale somptueuse. L&rsquo;international fran\u00e7ais a centr\u00e9 pour Diaz, qui y a pouss\u00e9 le d\u00e9fenseur Moritz Jenz \u00e0 marquer contre son camp.<\/p>\n<p class=\"mb-4 text-lg md:leading-8 break-words\">En l&rsquo;espace de quelques dizaines de secondes, Kane a ensuite d\u00e9livr\u00e9 une passe d\u00e9cisive pour Rapha\u00ebl Guerreiro (68e), avant d&rsquo;aller nettoyer la lucarne de Wolfsburg (69e), pour signer son 20e but de la saison en Bundesliga, le 31e toutes comp\u00e9titions confondues.<\/p>\n<p class=\"mb-4 text-lg md:leading-8 break-words\">Olise y est all\u00e9 de son doubl\u00e9 \u00e0 la 76e minute, son 11e but de la saison toutes comp\u00e9titions confondues, pour 15 passes d\u00e9cisives. Et Leon Goretzka a conclu la d\u00e9monstration \u00e0 la 88e minute.<\/p>\n<p class=\"mb-4 text-lg md:leading-8 break-words\">tba\/ah<\/p>\n","protected":false},"excerpt":{"rendered":"Pour son premier match en 2026, le Bayern a repris ses bonnes habitudes de la fin 2025, en&hellip;\n","protected":false},"author":2,"featured_media":656859,"comment_status":"","ping_status":"","sticky":false,"template":"","format":"standard","meta":{"footnotes":""},"categories":[1587],"tags":[11,672,4782,5696,69,1804,1805,1803,1777,674,1801,75924,203,17527,4785,75926,12,75925,1802,12500,54897,7068],"class_list":{"0":"post-656858","1":"post","2":"type-post","3":"status-publish","4":"format-standard","5":"has-post-thumbnail","7":"category-allemagne","8":"tag-actualites","9":"tag-allemagne","10":"tag-bayern-munich","11":"tag-borussia-dortmund","12":"tag-bundesliga","13":"tag-bundesrepublik-deutschland","14":"tag-de","15":"tag-deutschland","16":"tag-eu","17":"tag-europe","18":"tag-germany","19":"tag-kane","20":"tag-la-tete","21":"tag-leon-goretzka","22":"tag-michael-olise","23":"tag-moritz-jenz","24":"tag-news","25":"tag-raphael-guerreiro","26":"tag-republique-federale-dallemagne","27":"tag-stuttgart","28":"tag-vincent-kompany","29":"tag-wolfsburg"},"share_on_mastodon":{"url":"https:\/\/pubeurope.com\/@fr\/115878353002783481","error":""},"_links":{"self":[{"href":"https:\/\/www.europesays.com\/fr\/wp-json\/wp\/v2\/posts\/656858","targetHints":{"allow":["GET"]}}],"collection":[{"href":"https:\/\/www.europesays.com\/fr\/wp-json\/wp\/v2\/posts"}],"about":[{"href":"https:\/\/www.europesays.com\/fr\/wp-json\/wp\/v2\/types\/post"}],"author":[{"embeddable":true,"href":"https:\/\/www.europesays.com\/fr\/wp-json\/wp\/v2\/users\/2"}],"replies":[{"embeddable":true,"href":"https:\/\/www.europesays.com\/fr\/wp-json\/wp\/v2\/comments?post=656858"}],"version-history":[{"count":0,"href":"https:\/\/www.europesays.com\/fr\/wp-json\/wp\/v2\/posts\/656858\/revisions"}],"wp:featuredmedia":[{"embeddable":true,"href":"https:\/\/www.europesays.com\/fr\/wp-json\/wp\/v2\/media\/656859"}],"wp:attachment":[{"href":"https:\/\/www.europesays.com\/fr\/wp-json\/wp\/v2\/media?parent=656858"}],"wp:term":[{"taxonomy":"category","embeddable":true,"href":"https:\/\/www.europesays.com\/fr\/wp-json\/wp\/v2\/categories?post=656858"},{"taxonomy":"post_tag","embeddable":true,"href":"https:\/\/www.europesays.com\/fr\/wp-json\/wp\/v2\/tags?post=656858"}],"curies":[{"name":"wp","href":"https:\/\/api.w.org\/{rel}","templated":true}]}}