{"id":656860,"date":"2026-01-11T20:28:24","date_gmt":"2026-01-11T20:28:24","guid":{"rendered":"https:\/\/www.europesays.com\/fr\/656860\/"},"modified":"2026-01-11T20:28:24","modified_gmt":"2026-01-11T20:28:24","slug":"les-champions-deurope-richard-vogel-et-united-touch-s-retrouvent-leur-eclat-en-la-ville-trinationale-de-bale","status":"publish","type":"post","link":"https:\/\/www.europesays.com\/fr\/656860\/","title":{"rendered":"Les champions d\u2019Europe Richard Vogel et United Touch S retrouvent leur \u00e9clat en la ville trinationale de B\u00e2le"},"content":{"rendered":"<p class=\"alith_post_except\">Richard Vogel et United Touch S ont \u00e9merveill\u00e9 le public b\u00e2lois avec un barrage d\u2019anthologie qui leur a permis de remporter la huiti\u00e8me \u00e9tape de la Ligue d\u2019Europe occidentale Longines de la Coupe du monde, cet apr\u00e8s-midi en Suisse. Dans cette ville trinationale, les champions d\u2019Europe en titre ont devanc\u00e9 Kim Emmen et Imagine, vainqueurs de l\u2019\u00e9preuve majeure de vendredi. Johan-Sebastian Gulliksen a compl\u00e9t\u00e9 le podium avec Equine America Harwich VDL, tandis que Julien \u00c9paillard, double tenant du titre \u00e0 B\u00e2le, s\u2019est class\u00e9 cinqui\u00e8me sur Donatello d\u2019Auge.<\/p>\n<p id=\"isPasted\">Quelle ville eut \u00e9t\u00e9 plus adapt\u00e9e que la trinationale cit\u00e9 de B\u00e2le pour accueillir un exploit des champions d\u2019Europe sacr\u00e9s l\u2019\u00e9t\u00e9 dernier \u00e0 La Corogne? Situ\u00e9e dans un pays non-membre de l\u2019Union europ\u00e9enne, cette ville situ\u00e9e aux fronti\u00e8res de la Suisse, l\u2019Allemagne et la France est r\u00e9solument tourn\u00e9e vers l\u2019Europe, dont elle est devenue un v\u00e9ritable carrefour culturel. Chaque ann\u00e9e, sa Halle Saint-Jacques accueille un CHI d\u00e9but janvier, o\u00f9 se pressent certains des meilleurs cavaliers de la plan\u00e8te. Cet apr\u00e8s-midi encore, le Grand Prix du CSI 5*-W b\u00e2lois a offert du tr\u00e8s beau sport \u00e0 ses spectateurs et t\u00e9l\u00e9spectateurs. S\u2019il comportait quatorze obstacles, le parcours imagin\u00e9 par G\u00e9rard Lachat pour cette occasion laissait de la place aux couples pour galoper en d\u00e9but d\u2019exercice malgr\u00e9 l\u2019\u00e9troitesse de la piste. L\u2019oxer num\u00e9ro 2, bleu et assez creux, s\u2019est r\u00e9v\u00e9l\u00e9 assez redoutable, tout comme le triple vertical &#8211; vertical &#8211; oxer aux couleurs tr\u00e8s p\u00e2les plac\u00e9 en num\u00e9ro 12.<\/p>\n<p>Seuls sept des quarante couples au d\u00e9part se sont qualifi\u00e9s pour le barrage, mais dix-sept duos ont quitt\u00e9 la piste avec une seule faute au compteur. Le plus rapide des parcours \u00e0 quatre points a \u00e9t\u00e9 l\u2019\u0153uvre du Fran\u00e7ais Marc Dilasser et de son Arioto du G\u00e8vres, seulement pi\u00e9g\u00e9s sur l\u2019obstacle xx. D\u00e9j\u00e0 sixi\u00e8me du Grand Prix Rolex du CSI 5* de Gen\u00e8ve mi-d\u00e9cembre dernier, le couple s\u2019est cette fois class\u00e9 huiti\u00e8me, ce qui leur a rapport\u00e9 neuf points au classement g\u00e9n\u00e9ral de la Ligue d\u2019Europe occidentale, dont ils occupent d\u00e9sormais la seizi\u00e8me place ex aequo avec vingt-cinq unit\u00e9s. Associ\u00e9s \u00e0 Visconti du Telman et Iglesias D.V., Kevin Staut et Olivier Robert ont \u00e9galement quitt\u00e9 la piste avec quatre points apr\u00e8s avoir \u00e9t\u00e9 respectivement battus \u00e0 l\u2019entr\u00e9e et \u00e0 la sortie du triple. Ils ont termin\u00e9 quinze et vingt-troisi\u00e8me. \u00c9galement engag\u00e9 dans ce Grand Prix avec Delph de Denat*HDC, Roger-Yves Bost a pr\u00e9f\u00e9r\u00e9 abandonner apr\u00e8s quatre fautes du fils d\u2019Air Jordan. Un seul Tricolore s\u2019est qualifi\u00e9 pour le barrage de cette huiti\u00e8me \u00e9tape de la Ligue d\u2019Europe occidentale Longines de la Coupe du monde: Julien \u00c9paillard.<\/p>\n<p id=\"isPasted\">L\u2019Augeron \u00e9tait en selle sur Donatello d\u2019Auge, qui a fait de B\u00e2le son jardin en 2025, o\u00f9 il a remport\u00e9 l\u2019\u00e9tape de la Coupe du monde en janvier puis la finale du circuit indoor en avril. Tous deux \u00e9taient les cinqui\u00e8mes \u00e0 s\u2019\u00e9lancer au barrage cet apr\u00e8s-midi. Avant leur passage, ce sont Johan-Sebastian Gulliksen et Equine America Harwich VDL qui avaient sign\u00e9 le premier double sans-faute. Le Norv\u00e9gien ayant perdu une r\u00eane en cours d\u2019exercice, il n\u2019a pu franchir la ligne d\u2019arriv\u00e9e en moins de 46\u2019\u201985. Juste apr\u00e8s, la N\u00e9erlandaise Kim Emmen et son Imagine, vainqueurs du Grand Prix Longines de vendredi, ont am\u00e9lior\u00e9 cette marque pour la porter \u00e0 41\u2019\u201955. Associ\u00e9 au vif et l\u00e9ger L&amp;L Lorde, le Suisse Martin Fuch a r\u00e9alis\u00e9 un excellent d\u00e9but de barrage, mais son alezan a mis \u00e0 terre le vertical num\u00e9ro 13, constituant la quatri\u00e8me difficult\u00e9 du parcours raccourci. Ils se sont class\u00e9s quatri\u00e8mes, juste devant Julien \u00c9paillard et Donatello qui, apr\u00e8s une entame d\u2019anthologie, ont \u00e9t\u00e9 pi\u00e9g\u00e9s \u00e0 la sortie du triple transform\u00e9 en double.<\/p>\n<p>\u00c0 l\u2019issue de leur passage, deux cavaliers devaient encore s\u2019\u00e9lancer, \u00e0 commencer par Richard Vogel, qui montait pour la premi\u00e8re fois son champion d\u2019Europe United Touch S avec un hackamore pr\u00eat\u00e9 par Julien \u00c9paillard. Profitant de l\u2019immense amplitude de son \u00e9talon, l\u2019Allemand a coup\u00e9 ses virages comme personne d\u2019autre n\u2019a pu le faire, et sans m\u00eame donner l\u2019impression d\u2019aller tr\u00e8s vite, il a coup\u00e9 la ligne d\u2019arriv\u00e9e en 40\u2019\u201912. Dernier au d\u00e9part, le jeune Helv\u00e8te Gaetan Joliat a conclu son barrage avec deux fautes sur Just Special VK, mais il \u00e9tait \u00e9videmment d\u00e9j\u00e0 tr\u00e8s heureux de s\u2019\u00eatre invit\u00e9 au second acte. Quant \u00e0 Richard Vogel, il a indiqu\u00e9 qu&rsquo;il ne viserait pas la finale Longines de la Coupe du monde avec United Touch mais une autre monture, pr\u00e9f\u00e9rant se concentrer sur les Mondiaux d\u2019Aix-la-Chapelle avec son \u00e9talon.<\/p>\n<p><strong id=\"isPasted\"><a href=\"https:\/\/www.longinestiming.com\/equestrian\/2026\/longines-chi-classics-basel-basel\/resultlist_13.html\" rel=\"noopener noreferrer\" target=\"_blank\">Les r\u00e9sultats<\/a><\/strong><strong><a href=\"https:\/\/results.hippodata.de\/2026\/2623\/docs\/longines_fei_world_cup_wel_2025_2026_standings_basel.pdf\" target=\"_blank\" rel=\"noopener noreferrer\"><\/strong><br \/><strong><a href=\"https:\/\/results.hippodata.de\/2026\/2623\/docs\/longines_fei_world_cup_wel_2025_2026_standings_basel.pdf\" rel=\"noopener noreferrer\" target=\"_blank\">Le classement g\u00e9n\u00e9ral de la Ligue d\u2019Europe occidentale<\/a><\/strong><strong><a href=\"https:\/\/www.clipmyhorse.tv\/fi_FI\/events\/17447\" target=\"_blank\" rel=\"noopener noreferrer\"><\/strong><br \/><strong><a href=\"https:\/\/www.clipmyhorse.tv\/fi_FI\/events\/17447\" rel=\"noopener noreferrer\" target=\"_blank\">Toutes les \u00e9preuves du CHI-W de B\u00e2le sont disponibles \u00e0 la demande sur ClipMyHorse.tv<\/a><\/strong><\/p>\n<p>                                &#13;<\/p>\n<p>                                                        Retrouvez<\/p>\n<p>                                                        RICHARD VOGEL<\/p>\n<p>                                                        en vid\u00e9os sur<\/p>\n<p>                                                        <img decoding=\"async\" src=\"https:\/\/www.europesays.com\/fr\/wp-content\/uploads\/2025\/05\/logo.png\" alt=\"logo grandprix.tv\" class=\"dklr-gpe-gpetv-logo\"\/><\/p>\n<p>                                                    <img decoding=\"async\" src=\"https:\/\/www.europesays.com\/fr\/wp-content\/uploads\/2026\/01\/1768163304_225_miniature.jpg\" alt=\"Image Julien \u00c9paillard et Donatello d'Auge\" class=\"dkr-gpe-img\"\/><\/p>\n<p>                                                        Retrouvez<\/p>\n<p>                                                        UNITED TOUCH S<\/p>\n<p>                                                        en vid\u00e9os sur<\/p>\n<p>                                                        <img decoding=\"async\" src=\"https:\/\/www.europesays.com\/fr\/wp-content\/uploads\/2025\/05\/logo.png\" alt=\"logo grandprix.tv\" class=\"dklr-gpe-gpetv-logo\"\/><\/p>\n<p>                                                    <img decoding=\"async\" src=\"https:\/\/www.europesays.com\/fr\/wp-content\/uploads\/2026\/01\/1768163304_225_miniature.jpg\" alt=\"Image Julien \u00c9paillard et Donatello d'Auge\" class=\"dkr-gpe-img\"\/><\/p>\n<p>                                    &#13;<br \/>\n&#13;<\/p>\n","protected":false},"excerpt":{"rendered":"Richard Vogel et United Touch S ont \u00e9merveill\u00e9 le public b\u00e2lois avec un barrage d\u2019anthologie qui leur a&hellip;\n","protected":false},"author":2,"featured_media":656861,"comment_status":"","ping_status":"","sticky":false,"template":"","format":"standard","meta":{"footnotes":""},"categories":[1586],"tags":[11,1777,674,1011,27,12,25],"class_list":{"0":"post-656860","1":"post","2":"type-post","3":"status-publish","4":"format-standard","5":"has-post-thumbnail","7":"category-europe","8":"tag-actualites","9":"tag-eu","10":"tag-europe","11":"tag-fr","12":"tag-france","13":"tag-news","14":"tag-republique-francaise"},"share_on_mastodon":{"url":"https:\/\/pubeurope.com\/@fr\/115878357049360039","error":""},"_links":{"self":[{"href":"https:\/\/www.europesays.com\/fr\/wp-json\/wp\/v2\/posts\/656860","targetHints":{"allow":["GET"]}}],"collection":[{"href":"https:\/\/www.europesays.com\/fr\/wp-json\/wp\/v2\/posts"}],"about":[{"href":"https:\/\/www.europesays.com\/fr\/wp-json\/wp\/v2\/types\/post"}],"author":[{"embeddable":true,"href":"https:\/\/www.europesays.com\/fr\/wp-json\/wp\/v2\/users\/2"}],"replies":[{"embeddable":true,"href":"https:\/\/www.europesays.com\/fr\/wp-json\/wp\/v2\/comments?post=656860"}],"version-history":[{"count":0,"href":"https:\/\/www.europesays.com\/fr\/wp-json\/wp\/v2\/posts\/656860\/revisions"}],"wp:featuredmedia":[{"embeddable":true,"href":"https:\/\/www.europesays.com\/fr\/wp-json\/wp\/v2\/media\/656861"}],"wp:attachment":[{"href":"https:\/\/www.europesays.com\/fr\/wp-json\/wp\/v2\/media?parent=656860"}],"wp:term":[{"taxonomy":"category","embeddable":true,"href":"https:\/\/www.europesays.com\/fr\/wp-json\/wp\/v2\/categories?post=656860"},{"taxonomy":"post_tag","embeddable":true,"href":"https:\/\/www.europesays.com\/fr\/wp-json\/wp\/v2\/tags?post=656860"}],"curies":[{"name":"wp","href":"https:\/\/api.w.org\/{rel}","templated":true}]}}