{"id":656862,"date":"2026-01-11T20:29:10","date_gmt":"2026-01-11T20:29:10","guid":{"rendered":"https:\/\/www.europesays.com\/fr\/656862\/"},"modified":"2026-01-11T20:29:10","modified_gmt":"2026-01-11T20:29:10","slug":"lue-confirme-la-signature-samedi-du-traite","status":"publish","type":"post","link":"https:\/\/www.europesays.com\/fr\/656862\/","title":{"rendered":"l&rsquo;UE confirme la signature samedi du trait\u00e9"},"content":{"rendered":"<p class=\"fig-paragraph\">La pr\u00e9sidente de la commission europ\u00e9enne\u00a0<a href=\"http:\/\/www.lefigaro.fr\/vox\/monde\/nicolas-baverez-et-si-on-remplacait-ursula-von-der-leyen-par-mario-draghi-20251221\" target=\"_blank\" data-fig-type=\"Article\" rel=\"noopener\" data-gtm-custom-categorie=\"navigation\" data-gtm-custom-action=\"crossclick\" data-gtm-custom-label=\"Contextuel\" data-gtm-event=\"customEventSPE\" data-fig-domain=\"LEFIGARO\">Ursula von\u00a0der\u00a0Leyen<\/a>\u00a0signera samedi 17 janvier le\u00a0<a href=\"http:\/\/www.lefigaro.fr\/international\/sans-la-france-l-ue-donne-son-feu-vert-a-l-accord-avec-le-mercosur-20260109\" target=\"_blank\" data-fig-type=\"Article\" rel=\"noopener\" data-gtm-custom-categorie=\"navigation\" data-gtm-custom-action=\"crossclick\" data-gtm-custom-label=\"Contextuel\" data-gtm-event=\"customEventSPE\" data-fig-domain=\"LEFIGARO\">trait\u00e9 de libre-\u00e9change avec le Mercosur<\/a>, a annonc\u00e9 Bruxelles dimanche.<\/p>\n<p class=\"fig-paragraph\">L&rsquo;UE a donn\u00e9 son feu vert vendredi \u00e0 cet important accord commercial avec le bloc sud-am\u00e9ricain, malgr\u00e9 l&rsquo;opposition de plusieurs pays dont la France.<\/p>\n<p>                                            <a class=\"fig-a11y-skip\" href=\"#fig-a11y-skip-main-inarticle\" data-module=\"a11y-skip\" data-context=\"was @visible\"><br \/>\n    Passer la publicit\u00e9<br \/>\n<\/a>            <\/p>\n<p>                                            25 ans de n\u00e9gociations<\/p>\n<p class=\"fig-paragraph\">Fruit de plus de 25 ans de n\u00e9gociations, cet accord est consid\u00e9r\u00e9 par ses partisans comme essentiel pour stimuler les exportations, soutenir l&rsquo;\u00e9conomie du continent et renforcer les liens diplomatiques dans un contexte d&rsquo;incertitude mondiale.<\/p>\n<p class=\"fig-paragraph\">L&rsquo;accord a cependant suscit\u00e9 des protestations de la part d&rsquo;agriculteurs qui craignent un afflux de viande bovine et d&rsquo;autres produits bon march\u00e9 en provenance d&rsquo;Am\u00e9rique du Sud.<\/p>\n<p class=\"fig-paragraph\">Le ministre argentin des Affaires \u00e9trang\u00e8res, Pablo Quirno, avait d\u00e9j\u00e0 annonc\u00e9 que l&rsquo;accord serait sign\u00e9 samedi prochain. Le Paraguay assure actuellement la pr\u00e9sidence tournante du Mercosur.<\/p>\n","protected":false},"excerpt":{"rendered":"La pr\u00e9sidente de la commission europ\u00e9enne\u00a0Ursula von\u00a0der\u00a0Leyen\u00a0signera samedi 17 janvier le\u00a0trait\u00e9 de libre-\u00e9change avec le Mercosur, a annonc\u00e9&hellip;\n","protected":false},"author":2,"featured_media":656863,"comment_status":"","ping_status":"","sticky":false,"template":"","format":"standard","meta":{"footnotes":""},"categories":[1586],"tags":[11,1777,674,1779,1011,27,21426,12,25,1778,364],"class_list":{"0":"post-656862","1":"post","2":"type-post","3":"status-publish","4":"format-standard","5":"has-post-thumbnail","7":"category-europe","8":"tag-actualites","9":"tag-eu","10":"tag-europe","11":"tag-european-union","12":"tag-fr","13":"tag-france","14":"tag-mercosur","15":"tag-news","16":"tag-republique-francaise","17":"tag-ue","18":"tag-union-europeenne"},"share_on_mastodon":{"url":"https:\/\/pubeurope.com\/@fr\/115878360798437482","error":""},"_links":{"self":[{"href":"https:\/\/www.europesays.com\/fr\/wp-json\/wp\/v2\/posts\/656862","targetHints":{"allow":["GET"]}}],"collection":[{"href":"https:\/\/www.europesays.com\/fr\/wp-json\/wp\/v2\/posts"}],"about":[{"href":"https:\/\/www.europesays.com\/fr\/wp-json\/wp\/v2\/types\/post"}],"author":[{"embeddable":true,"href":"https:\/\/www.europesays.com\/fr\/wp-json\/wp\/v2\/users\/2"}],"replies":[{"embeddable":true,"href":"https:\/\/www.europesays.com\/fr\/wp-json\/wp\/v2\/comments?post=656862"}],"version-history":[{"count":0,"href":"https:\/\/www.europesays.com\/fr\/wp-json\/wp\/v2\/posts\/656862\/revisions"}],"wp:featuredmedia":[{"embeddable":true,"href":"https:\/\/www.europesays.com\/fr\/wp-json\/wp\/v2\/media\/656863"}],"wp:attachment":[{"href":"https:\/\/www.europesays.com\/fr\/wp-json\/wp\/v2\/media?parent=656862"}],"wp:term":[{"taxonomy":"category","embeddable":true,"href":"https:\/\/www.europesays.com\/fr\/wp-json\/wp\/v2\/categories?post=656862"},{"taxonomy":"post_tag","embeddable":true,"href":"https:\/\/www.europesays.com\/fr\/wp-json\/wp\/v2\/tags?post=656862"}],"curies":[{"name":"wp","href":"https:\/\/api.w.org\/{rel}","templated":true}]}}