{"id":656868,"date":"2026-01-11T20:32:23","date_gmt":"2026-01-11T20:32:23","guid":{"rendered":"https:\/\/www.europesays.com\/fr\/656868\/"},"modified":"2026-01-11T20:32:23","modified_gmt":"2026-01-11T20:32:23","slug":"direct-16e-de-finale-coupe-de-france-lille-1-1-lyon","status":"publish","type":"post","link":"https:\/\/www.europesays.com\/fr\/656868\/","title":{"rendered":"DIRECT &#8211; 16e de finale Coupe de France\u00a0: Lille 1-1 Lyon"},"content":{"rendered":"<p>Une sortie rat\u00e9e de Bodart et une mauvaise couverture d&rsquo;Ngoy ont offert l&rsquo;ouverture du score \u00e0 Moreira apr\u00e8s 46 secondes de jeu. Heureusement, Ngoy s&rsquo;est bien rattrap\u00e9 en \u00e9galisant \u00e0 la 28e minute sur une passe d\u00e9cisive d&rsquo;Haraldsson.<\/p>\n<p>Aujourd&rsquo;hui, le LOSC doit avancer sportivement dans une confrontation face \u00e0 une top \u00e9quipe de la Ligue 1. <strong>La rencontre est \u00e0 suivre en direct et en int\u00e9gralit\u00e9 sur Ici Nord avec les commentaires de Mathieu Dervaux et Chebdin Insi.<\/strong><\/p>\n<p>loading<\/p>\n<p>Mbemba et Mukau op\u00e9rationnels<\/p>\n<p>Pour ce 16\u1d49\u00a0de finale, le coach lillois doit faire <strong>sans Alexsandro donc, suspendu, mais aussi sans les bless\u00e9s Tour\u00e9, Andr\u00e9 Gomes, Verdonk et Raghouber<\/strong>. De retour de la CAN apr\u00e8s l&rsquo;\u00e9limination de la R\u00e9publique d\u00e9mocratique du Congo en 8\u1d49\u00a0de finale face \u00e0 l&rsquo;Alg\u00e9rie (1-0), Mbemba et Mukau viennent renforcer le groupe et \u00ab\u00a0sont op\u00e9rationnels\u00a0\u00bb.<\/p>\n<p>loading<\/p>\n<p>loading<\/p>\n","protected":false},"excerpt":{"rendered":"Une sortie rat\u00e9e de Bodart et une mauvaise couverture d&rsquo;Ngoy ont offert l&rsquo;ouverture du score \u00e0 Moreira apr\u00e8s&hellip;\n","protected":false},"author":2,"featured_media":656869,"comment_status":"","ping_status":"","sticky":false,"template":"","format":"standard","meta":{"footnotes":""},"categories":[4],"tags":[11,1011,27,12,25],"class_list":{"0":"post-656868","1":"post","2":"type-post","3":"status-publish","4":"format-standard","5":"has-post-thumbnail","7":"category-france","8":"tag-actualites","9":"tag-fr","10":"tag-france","11":"tag-news","12":"tag-republique-francaise"},"share_on_mastodon":{"url":"https:\/\/pubeurope.com\/@fr\/115878372465485756","error":""},"_links":{"self":[{"href":"https:\/\/www.europesays.com\/fr\/wp-json\/wp\/v2\/posts\/656868","targetHints":{"allow":["GET"]}}],"collection":[{"href":"https:\/\/www.europesays.com\/fr\/wp-json\/wp\/v2\/posts"}],"about":[{"href":"https:\/\/www.europesays.com\/fr\/wp-json\/wp\/v2\/types\/post"}],"author":[{"embeddable":true,"href":"https:\/\/www.europesays.com\/fr\/wp-json\/wp\/v2\/users\/2"}],"replies":[{"embeddable":true,"href":"https:\/\/www.europesays.com\/fr\/wp-json\/wp\/v2\/comments?post=656868"}],"version-history":[{"count":0,"href":"https:\/\/www.europesays.com\/fr\/wp-json\/wp\/v2\/posts\/656868\/revisions"}],"wp:featuredmedia":[{"embeddable":true,"href":"https:\/\/www.europesays.com\/fr\/wp-json\/wp\/v2\/media\/656869"}],"wp:attachment":[{"href":"https:\/\/www.europesays.com\/fr\/wp-json\/wp\/v2\/media?parent=656868"}],"wp:term":[{"taxonomy":"category","embeddable":true,"href":"https:\/\/www.europesays.com\/fr\/wp-json\/wp\/v2\/categories?post=656868"},{"taxonomy":"post_tag","embeddable":true,"href":"https:\/\/www.europesays.com\/fr\/wp-json\/wp\/v2\/tags?post=656868"}],"curies":[{"name":"wp","href":"https:\/\/api.w.org\/{rel}","templated":true}]}}