{"id":656880,"date":"2026-01-11T20:43:10","date_gmt":"2026-01-11T20:43:10","guid":{"rendered":"https:\/\/www.europesays.com\/fr\/656880\/"},"modified":"2026-01-11T20:43:10","modified_gmt":"2026-01-11T20:43:10","slug":"pourquoi-votre-maison-ne-peut-plus-sen-passer","status":"publish","type":"post","link":"https:\/\/www.europesays.com\/fr\/656880\/","title":{"rendered":"pourquoi votre maison ne peut plus s\u2019en passer"},"content":{"rendered":"<p>Vous avez repeint vos murs en beige, terracotta ou vert sauge,<br \/>\naccumul\u00e9 les mati\u00e8res naturelles, mais votre salon reste<br \/>\n\u00e9trangement plat, surtout en hiver. Cette sensation revient chez<br \/>\nbeaucoup de d\u00e9corateurs d\u2019int\u00e9rieur : apr\u00e8s les ann\u00e9es gris puis<br \/>\nbeige, les maisons paraissent calmes, mais aussi un peu \u00e9teintes.<br \/>\nEn 2026, les pros parlent d\u2019une nouvelle vague capable de remettre<br \/>\nde la chaleur sans tomber dans l\u2019exc\u00e8s.<\/p>\n<p>Dans les magazines d\u00e9co anglo saxons et les salons comme Maison<br \/>\net Objet, une expression s\u2019impose : <strong>tendance earthy<br \/>\nvibrancy 2026<\/strong>. L\u2019id\u00e9e, m\u00ealer <strong>couleurs<br \/>\nterreuses<\/strong> plus intenses, mati\u00e8res naturelles et lumi\u00e8re<br \/>\nma\u00eetris\u00e9e pour cr\u00e9er des pi\u00e8ces plus pr\u00e9sentes, plus profondes,<br \/>\npens\u00e9es pour durer et pour notre bien \u00eatre quotidien. C\u2019est l\u00e0 que<br \/>\ntout se joue.<\/p>\n<p>Earthy vibrancy, la palette terreuse qui r\u00e9veille les<br \/>\nint\u00e9rieurs trop sages<\/p>\n<p>Selon les sp\u00e9cialistes de l\u2019int\u00e9rieur, l\u2019earthy<br \/>\nvibrancy n\u2019est pas un style fig\u00e9, mais une attitude. Il s\u2019agit<br \/>\nd\u2019introduire couleur et mati\u00e8re avec douceur, sans minimalisme<br \/>\nfroid ni surcharge, en additionnant tons naturels, textures<br \/>\nfranches et objets avec du caract\u00e8re. Le but, des int\u00e9rieurs<br \/>\naccueillants, sophistiqu\u00e9s, actuels, o\u00f9 couleur, mat\u00e9riaux et<br \/>\nlumi\u00e8re travaillent ensemble pour cr\u00e9er des maisons \u00e9quilibr\u00e9es et<br \/>\nagr\u00e9ables \u00e0 vivre.<\/p>\n<p>La coloriste Tash Bradley d\u00e9crit ce mouvement comme une r\u00e9ponse<br \/>\ndirecte aux int\u00e9rieurs gris puis beige de la d\u00e9cennie pass\u00e9e :<br \/>\n\u00ab\u00a0Cette nouvelle vague de couleurs terre, c\u2019est ce que j\u2019appelle une<br \/>\nvibration terreuse : des teintes ancr\u00e9es et inspir\u00e9es de la nature,<br \/>\nmais avec une luminosit\u00e9 subtile qui les emp\u00eache de para\u00eetre<br \/>\nplates. Elles ont de la vie en elles\u00a0\u00bb, explique Tash Bradley,<br \/>\nexperte couleur et directrice de la d\u00e9coration int\u00e9rieure chez<br \/>\nLick, cit\u00e9e par Homes &amp; Gardens. On quitte les beiges gr\u00e8ges<br \/>\npour des bordeaux, bruns \u00e9pic\u00e9s, roses argile, ocres dor\u00e9s et verts<br \/>\nolive ou mousse, parfois proches d\u2019Universal Khaki, Warm Eucalyptus<br \/>\nou Hidden Gem, sur une base neutre chaleureuse type Melodious Ivory<br \/>\nou Mocha Mousse.<\/p>\n<p>Pourquoi la tendance earthy vibrancy 2026 devient<br \/>\nincontournable \u00e0 la maison<\/p>\n<p>Les tendances d\u00e9co ne naissent pas par hasard. En 2026, le<br \/>\nregard se tourne vers le soin apport\u00e9 \u00e0 soi et aux espaces que l\u2019on<br \/>\nhabite. Certains m\u00e9dias pr\u00e9sentent l\u2019earthy vibrancy comme<br \/>\nla tendance la plus importante de 2026 pour la maison, car elle<br \/>\npropose des int\u00e9rieurs qui se voient bien, se sentent mieux et sont<br \/>\npens\u00e9s pour durer. Elle refuse les d\u00e9cors trop neutres comme les<br \/>\nambiances satur\u00e9es, pour un \u00e9quilibre rassurant, mais vivant.<\/p>\n<p>Autre raison de son poids : sa polyvalence. Cette palette<br \/>\nfonctionne dans un salon familial, une cuisine moderne, une chambre<br \/>\nou un petit bureau. Comme le rappelle Maison et Travaux, le vert<br \/>\nsauge star d\u2019hier c\u00e8de la place \u00e0 des teintes terre plus profondes,<br \/>\ndu kaki chaud Universal Khaki aux olives sombres, qui r\u00e9chauffent<br \/>\nles cuisines en un week end. Les mati\u00e8res suivent le mouvement,<br \/>\navec bois \u00e0 veinage visible, pierre naturelle, travertin, c\u00e9ramique<br \/>\nartisanale, terracotta et textiles en lin, coton lav\u00e9 ou laine qui<br \/>\ndeviennent de v\u00e9ritables protagonistes silencieux. \u00ab\u00a0Les tons terre<br \/>\naident \u00e0 ancrer un espace, ils le rendent chaleureux et plein de<br \/>\nprofondeur. Ces nuances paraissent \u00e0 la fois actuelles et<br \/>\nclassiques, ce que j\u2019adore\u00a0\u00bb, explique la d\u00e9coratrice Lauren Robbins<br \/>\ndans Homes &amp; Gardens.<\/p>\n<p>Comment adopter l\u2019earthy vibrancy chez<br \/>\nvous sans gros travaux en 2026<\/p>\n<p>Bonne nouvelle, cette tendance se pr\u00eate aux petits gestes. Dans<br \/>\nle salon, un vert olive ou un bleu ardoise sur un pan de mur, une<br \/>\nbiblioth\u00e8que ou un buffet suffit \u00e0 envelopper la pi\u00e8ce. Les tapis<br \/>\nnouvelle g\u00e9n\u00e9ration, souvent en fibres naturelles ou effet laine<br \/>\nboucl\u00e9e, dans des nuances \u00e9cru, sable, terracotta ou gris ardoise,<br \/>\nr\u00e9chauffent instantan\u00e9ment un carrelage froid \u00e0 budget raisonnable.<br \/>\nTrois gestes reviennent souvent pour faire basculer un s\u00e9jour dans<br \/>\ncette ambiance :<\/p>\n<ul>\n<li>un grand tapis textur\u00e9 dans des tons terre, d\u00e9passant largement<br \/>\ndu canap\u00e9 ;<\/li>\n<li>un meuble accent repeint en vert mousse, bleu nuit ou<br \/>\nterracotta fonc\u00e9e ;<\/li>\n<li>quelques accessoires coordonn\u00e9s, comme vases en c\u00e9ramique,<br \/>\nbougies et paniers en osier.<\/li>\n<\/ul>\n<p>Dans la cuisine, Maison et Travaux met en avant un mur d\u2019accent,<br \/>\nun \u00eelot ou des fa\u00e7ades en kaki chaud ou olive, compl\u00e9t\u00e9s par une<br \/>\ncr\u00e9dence r\u00e9actualis\u00e9e avec des adh\u00e9sifs r\u00e9sistants ou un papier<br \/>\npeint repositionnable, pour un relooking en un week end sans<br \/>\nper\u00e7age. Partout dans la maison, peindre une paroi en ton terre,<br \/>\nargile ou olive, renouveler les textiles par des versions<br \/>\nnaturelles textur\u00e9es, ajouter des lampes \u00e0 lumi\u00e8re chaude, des<br \/>\njarrons et lampes en c\u00e9ramique artisanale suffit \u00e0 transformer<br \/>\nl\u2019atmosph\u00e8re. Un seul changement bien choisi permet d\u00e9j\u00e0 de sentir<br \/>\ncette nouvelle vibration terreuse au quotidien.<\/p>\n","protected":false},"excerpt":{"rendered":"Vous avez repeint vos murs en beige, terracotta ou vert sauge, accumul\u00e9 les mati\u00e8res naturelles, mais votre salon&hellip;\n","protected":false},"author":2,"featured_media":656881,"comment_status":"","ping_status":"","sticky":false,"template":"","format":"standard","meta":{"footnotes":""},"categories":[1358],"tags":[5734,1348,1384,1385,17488,36433,1993,22298,8117,1386,58,75927,59,1011,27,4743,2142,16285,4615,5055,378,7555,24236,70211,8551,75928,15161],"class_list":{"0":"post-656880","1":"post","2":"type-post","3":"status-publish","4":"format-standard","5":"has-post-thumbnail","7":"category-arts-et-design","8":"tag-5734","9":"tag-arts","10":"tag-arts-and-design","11":"tag-arts-et-design","12":"tag-ce","13":"tag-cle","14":"tag-comme","15":"tag-courant","16":"tag-deco","17":"tag-design","18":"tag-divertissement","19":"tag-earthy","20":"tag-entertainment","21":"tag-fr","22":"tag-france","23":"tag-la","24":"tag-maison","25":"tag-ne","26":"tag-passer","27":"tag-peut","28":"tag-plus","29":"tag-pourquoi","30":"tag-sen","31":"tag-sannonce","32":"tag-tendance","33":"tag-vibrancy","34":"tag-votre"},"share_on_mastodon":{"url":"https:\/\/pubeurope.com\/@fr\/115878415736480609","error":""},"_links":{"self":[{"href":"https:\/\/www.europesays.com\/fr\/wp-json\/wp\/v2\/posts\/656880","targetHints":{"allow":["GET"]}}],"collection":[{"href":"https:\/\/www.europesays.com\/fr\/wp-json\/wp\/v2\/posts"}],"about":[{"href":"https:\/\/www.europesays.com\/fr\/wp-json\/wp\/v2\/types\/post"}],"author":[{"embeddable":true,"href":"https:\/\/www.europesays.com\/fr\/wp-json\/wp\/v2\/users\/2"}],"replies":[{"embeddable":true,"href":"https:\/\/www.europesays.com\/fr\/wp-json\/wp\/v2\/comments?post=656880"}],"version-history":[{"count":0,"href":"https:\/\/www.europesays.com\/fr\/wp-json\/wp\/v2\/posts\/656880\/revisions"}],"wp:featuredmedia":[{"embeddable":true,"href":"https:\/\/www.europesays.com\/fr\/wp-json\/wp\/v2\/media\/656881"}],"wp:attachment":[{"href":"https:\/\/www.europesays.com\/fr\/wp-json\/wp\/v2\/media?parent=656880"}],"wp:term":[{"taxonomy":"category","embeddable":true,"href":"https:\/\/www.europesays.com\/fr\/wp-json\/wp\/v2\/categories?post=656880"},{"taxonomy":"post_tag","embeddable":true,"href":"https:\/\/www.europesays.com\/fr\/wp-json\/wp\/v2\/tags?post=656880"}],"curies":[{"name":"wp","href":"https:\/\/api.w.org\/{rel}","templated":true}]}}