{"id":656882,"date":"2026-01-11T20:45:12","date_gmt":"2026-01-11T20:45:12","guid":{"rendered":"https:\/\/www.europesays.com\/fr\/656882\/"},"modified":"2026-01-11T20:45:12","modified_gmt":"2026-01-11T20:45:12","slug":"une-des-dix-meilleures-series-de-lhistoire-disponible-sur-netflix-cette-fiction-est-incontournable-selon-les-abonnes-de-tele-loisirs","status":"publish","type":"post","link":"https:\/\/www.europesays.com\/fr\/656882\/","title":{"rendered":"\u00ab\u00a0Une des dix meilleures s\u00e9ries de l\u2019histoire\u00a0\u00bb : Disponible sur Netflix, cette fiction est incontournable selon les abonn\u00e9s de T\u00e9l\u00e9-Loisirs"},"content":{"rendered":"<p>Disponible sur Netflix, cette s\u00e9rie compos\u00e9e de huit saisons est toujours tr\u00e8s appr\u00e9ci\u00e9e par le public. Pour les abonn\u00e9s de T\u00e9l\u00e9-Loisirs, c\u2019est m\u00eame l\u2019une \u00ab\u00a0des dix meilleures s\u00e9ries de l\u2019histoire\u00a0\u00bb.<\/p>\n<p>Sur Netflix, les programmes originaux cartonnent \u00e0 tous les coups. Dans le classement des s\u00e9ries les plus vues du moment sur la plateforme, on retrouve de nombreuses \u00ab\u00a0productions maison\u00a0\u00bb. C&rsquo;est le cas de la cinqui\u00e8me et derni\u00e8re saison de Stranger Things qui ne cesse de cartonner aupr\u00e8s des abonn\u00e9s. <a href=\"https:\/\/www.programme-tv.net\/news\/series-tv\/395173-ne-t-enfuis-plus-netflix-harlan-coben-s-est-inspire-de-sa-vie-personnelle-pour-creer-l-histoire-de-ce-thriller\/\" data-api-deeplink=\"teleloisirs:\/\/news\/395173\" target=\"_blank\" rel=\"noopener\">La derni\u00e8re s\u00e9rie inspir\u00e9e de la vie d&rsquo;Harlan Coben, Ne t&rsquo;enfuis plus,<\/a> est \u00e9galement couronn\u00e9e de succ\u00e8s. Quant \u00e0 <a href=\"https:\/\/www.programme-tv.net\/news\/series-tv\/395070-bureau-des-coeurs-netflix-commencez-l-annee-en-douceur-avec-cette-nouvelle-serie-feel-good\/\" data-api-deeplink=\"teleloisirs:\/\/news\/395070\" target=\"_blank\" rel=\"noopener\">la s\u00e9rie mexicaine Bureau des c\u0153urs<\/a>, elle fait aussi de jolies performances sur la plateforme de streaming. Si le contenu in\u00e9dit est tr\u00e8s appr\u00e9ci\u00e9 sur Netflix, le g\u00e9ant de la SVOD a \u00e9galement bien compris que les s\u00e9ries initialement diffus\u00e9es \u00e0 la t\u00e9l\u00e9vision sont aussi tr\u00e8s appr\u00e9ci\u00e9es par les abonn\u00e9s, qui les d\u00e9couvrent ou les red\u00e9couvrent sur la plateforme.<\/p>\n<p>                        Cette s\u00e9rie de huit saisons disponible sur Netflix cartonne aupr\u00e8s des abonn\u00e9s de T\u00e9l\u00e9-Loisirs<\/p>\n<p>C&rsquo;est par exemple le cas de Homeland. Diffus\u00e9es entre 2011 et 2020, les huit saisons sont toutes disponibles sur la plateforme.<b> <\/b>L&rsquo;histoire suit Carrie Mathison (Claire Danes, vue r\u00e9cemment dans <a href=\"https:\/\/www.programme-tv.net\/news\/series-tv\/391868-the-beast-in-me-pourquoi-on-n-a-pas-eu-la-reaction-escomptee-devant-le-thriller-bestial-de-netflix\/\" data-api-deeplink=\"teleloisirs:\/\/news\/391868\" target=\"_blank\" rel=\"noopener\">The Beast in Me<\/a>), une agente de la CIA qui souffre secr\u00e8tement d&rsquo;un trouble bipolaire. Cette derni\u00e8re est la seule \u00e0 \u00eatre persuad\u00e9e que Nicholas Brody (Damian Lewis), un marine am\u00e9ricain lib\u00e9r\u00e9 lors d&rsquo;une op\u00e9ration commando en 2011 au terme de huit ans de d\u00e9tention par Al-Qa\u00efda, est radicalis\u00e9. Par cons\u00e9quent, elle est s\u00fbre qu&rsquo;il est un risque pour la s\u00e9curit\u00e9 nationale am\u00e9ricaine. Mais cette histoire va virer \u00e0 l&rsquo;obsession maladive pour Carrie Mathison. Sur le compte Facebook de T\u00e9l\u00e9-Loisirs, les abonn\u00e9s ont r\u00e9cemment pl\u00e9biscit\u00e9 Homeland et sont tr\u00e8s heureux que la s\u00e9rie soit disponible sur Netflix.<\/p>\n<p>Parmi les commentaires qui ont \u00e9t\u00e9 publi\u00e9s, on a pu lire : \u00ab\u00a0Pour moi c&rsquo;est la meilleure s\u00e9rie ! Les acteurs sont tous tr\u00e8s bons, le sc\u00e9nario excellent, tellement bien \u00e9crit qu&rsquo;on pourrait penser que c&rsquo;est tir\u00e9 d&rsquo;un roman\u00a0\u00bb, \u00ab\u00a0S\u00e9rie exceptionnelle\u00a0\u00bb, \u00ab\u00a0Sans h\u00e9siter : foncez. Cette s\u00e9rie est une vraie p\u00e9pite !!\u00a0\u00bb, \u00ab\u00a0Une des dix meilleures s\u00e9ries de l\u2019histoire tout simplement\u00a0\u00bb ou encore \u00ab\u00a0Sans mod\u00e9ration. Extraordinaire s\u00e9rie et excellents acteurs.\u00a0\u00bb<\/p>\n<p>Article \u00e9crit avec la collaboration de 6m\u00e9dias.<\/p>\n","protected":false},"excerpt":{"rendered":"Disponible sur Netflix, cette s\u00e9rie compos\u00e9e de huit saisons est toujours tr\u00e8s appr\u00e9ci\u00e9e par le public. Pour les&hellip;\n","protected":false},"author":2,"featured_media":656883,"comment_status":"","ping_status":"","sticky":false,"template":"","format":"standard","meta":{"footnotes":""},"categories":[1356],"tags":[66047,244,75929,58,59,1011,27,75932,75930,75931,127,1722,129,4582,252,1364,75933],"class_list":{"0":"post-656882","1":"post","2":"type-post","3":"status-publish","4":"format-standard","5":"has-post-thumbnail","7":"category-television","8":"tag-claire-danes","9":"tag-commentaire","10":"tag-damian-lewis","11":"tag-divertissement","12":"tag-entertainment","13":"tag-fr","14":"tag-france","15":"tag-guid_4738577619001","16":"tag-homeland","17":"tag-lexpert-des-su00e9ries","18":"tag-netflix","19":"tag-pub-streaming-netflix","20":"tag-svod","21":"tag-tel","22":"tag-television","23":"tag-tv","24":"tag-uuid_6c99f66a-f25a-4f54-9919-8ec3348fef82"},"share_on_mastodon":{"url":"https:\/\/pubeurope.com\/@fr\/115878423877111638","error":""},"_links":{"self":[{"href":"https:\/\/www.europesays.com\/fr\/wp-json\/wp\/v2\/posts\/656882","targetHints":{"allow":["GET"]}}],"collection":[{"href":"https:\/\/www.europesays.com\/fr\/wp-json\/wp\/v2\/posts"}],"about":[{"href":"https:\/\/www.europesays.com\/fr\/wp-json\/wp\/v2\/types\/post"}],"author":[{"embeddable":true,"href":"https:\/\/www.europesays.com\/fr\/wp-json\/wp\/v2\/users\/2"}],"replies":[{"embeddable":true,"href":"https:\/\/www.europesays.com\/fr\/wp-json\/wp\/v2\/comments?post=656882"}],"version-history":[{"count":0,"href":"https:\/\/www.europesays.com\/fr\/wp-json\/wp\/v2\/posts\/656882\/revisions"}],"wp:featuredmedia":[{"embeddable":true,"href":"https:\/\/www.europesays.com\/fr\/wp-json\/wp\/v2\/media\/656883"}],"wp:attachment":[{"href":"https:\/\/www.europesays.com\/fr\/wp-json\/wp\/v2\/media?parent=656882"}],"wp:term":[{"taxonomy":"category","embeddable":true,"href":"https:\/\/www.europesays.com\/fr\/wp-json\/wp\/v2\/categories?post=656882"},{"taxonomy":"post_tag","embeddable":true,"href":"https:\/\/www.europesays.com\/fr\/wp-json\/wp\/v2\/tags?post=656882"}],"curies":[{"name":"wp","href":"https:\/\/api.w.org\/{rel}","templated":true}]}}