{"id":656884,"date":"2026-01-11T20:46:13","date_gmt":"2026-01-11T20:46:13","guid":{"rendered":"https:\/\/www.europesays.com\/fr\/656884\/"},"modified":"2026-01-11T20:46:13","modified_gmt":"2026-01-11T20:46:13","slug":"qui-fera-les-premieres-parties-de-ses-concerts-au-stade-de-france","status":"publish","type":"post","link":"https:\/\/www.europesays.com\/fr\/656884\/","title":{"rendered":"qui fera les premi\u00e8res parties de ses concerts au Stade de France ?"},"content":{"rendered":"<p>\n        Bruno Mars donnera deux concerts au Stade de France en juin prochain. Ces deux artistes am\u00e9ricains phares feront sa premi\u00e8re partie : toutes les infos sur Purecharts !\n    <\/p>\n<p class=\"content-paragraph\"><img decoding=\"async\" src=\"https:\/\/www.europesays.com\/fr\/wp-content\/uploads\/2026\/01\/photo_1767878764.jpg\" class=\"textcenter img-content\" loading=\"lazy\" style=\"margin-bottom: 0;\"\/>Affiche de la tourn\u00e9e <br \/>C&rsquo;est d&rsquo;ores et d\u00e9j\u00e0 le premier retour \u00e9v\u00e9nement de 2026 ! Introduit par <a href=\"https:\/\/www.chartsinfrance.net\/Bruno-Mars\/news-134902.html\" class=\"articlepage-link\" target=\"_blank\" rel=\"noopener\">un nouveau single tubesque<\/a>, le quatri\u00e8me album de Bruno Mars, \u00ab\u00a0The Romantic\u00a0\u00bb, sortira le 27 f\u00e9vrier prochain. Une attente de 10 ans enfin r\u00e9compens\u00e9e puisque <a href=\"https:\/\/www.chartsinfrance.net\/Bruno-Mars\/news-103006.html\" class=\"articlepage-link\" target=\"_blank\" rel=\"noopener\">\u00ab\u00a024K Magic\u00a0\u00bb<\/a>, dernier disque en date de la popstar, remonte \u00e0 2016. Apr\u00e8s avoir sign\u00e9 les \u00e9normes tubes <a href=\"https:\/\/www.chartsinfrance.net\/Bruno-Mars\/news-129763.html\" class=\"articlepage-link\" target=\"_blank\" rel=\"noopener\">\u00ab\u00a0Die With a Smile\u00a0\u00bb avec Lady Gaga<\/a> et <a href=\"https:\/\/www.chartsinfrance.net\/Bruno-Mars\/news-130407.html\" class=\"articlepage-link\" target=\"_blank\" rel=\"noopener\">\u00ab\u00a0APT.\u00a0\u00bb<\/a> avec Ros\u00e9, Bruno Mars s&rsquo;appr\u00eate donc \u00e0 d\u00e9voiler de nouvelles chansons qui vont elles aussi squatter le sommet des charts mondiaux. Et r\u00e9sonner dans les stades du monde entier.<\/p>\n<p>Les retrouvailles avec Anderson .Paak<\/p>\n<p class=\"content-paragraph\"> D\u00e8s le 10 avril 2026, Bruno Mars se lancera dans une grande tourn\u00e9e mondiale nomm\u00e9e \u00ab\u00a0The Romantic Tour\u00a0\u00bb et qui posera ses valises <a href=\"https:\/\/www.chartsinfrance.net\/Bruno-Mars\/news-134912.html\" class=\"articlepage-link\" target=\"_blank\" rel=\"noopener\">au Stade de France pour deux concerts<\/a> les 20 et 21 juin. Un retour aux choses s\u00e9rieuses pour le faiseur de tubes qui avait d\u00e9j\u00e0 <a href=\"https:\/\/www.chartsinfrance.net\/actualite\/news-105624.html\" class=\"articlepage-link\" target=\"_blank\" rel=\"noopener\">rempli l&rsquo;enceinte de Saint-Denis en 2018<\/a>. Cette fois, ce sont pr\u00e8s de 150.000 fans qui vibreront au son de ses classiques <a href=\"https:\/\/www.chartsinfrance.net\/Bruno-Mars\/news-86420.html\" class=\"articlepage-link\" target=\"_blank\" rel=\"noopener\">\u00ab\u00a0Treasure\u00a0\u00bb<\/a>, <a href=\"https:\/\/www.chartsinfrance.net\/actualite\/news-134140.html\" class=\"articlepage-link\" target=\"_blank\" rel=\"noopener\">\u00ab\u00a0Just the Way You Are\u00a0\u00bb<\/a>, <a href=\"https:\/\/www.chartsinfrance.net\/Bruno-Mars\/news-94281.html\" class=\"articlepage-link\" target=\"_blank\" rel=\"noopener\">\u00ab\u00a0Uptown Funk\u00a0\u00bb<\/a> ou \u00ab\u00a0That&rsquo;s What I Like\u00a0\u00bb. Alors que les places seront disponibles \u00e0 partir du mercredi 14 janvier, Bruno Mars r\u00e9v\u00e8le d\u00e9j\u00e0 quels artistes l&rsquo;accompagneront en premi\u00e8re partie de ses concerts.<\/p>\n<p class=\"content-paragraph\">Si les \u00c9tats-Unis pourront applaudir le chanteur R&amp;B Leon Thomas, interpr\u00e8te du hit \u00ab\u00a0Mutt\u00a0\u00bb, ainsi que le ph\u00e9nom\u00e8ne RAYE, derri\u00e8re le tube viral <a href=\"https:\/\/www.chartsinfrance.net\/actualite\/news-133934.html\" class=\"articlepage-link\" target=\"_blank\" rel=\"noopener\">\u00ab\u00a0Where Is My Husband!\u00a0\u00bb<\/a>, deux artistes ouvriront les shows au Stade de France : tout d&rsquo;abord la star R&amp;B Victoria Mon\u00e9t, sacr\u00e9e Meilleure nouvelle artiste aux Grammy Awards 2024 et qui a collabor\u00e9 avec Ariana Grande et Blackpink. Mais surtout Anderson .Paak, qui se produira sous son alias DJ Pee .Wee pour un DJ set.<\/p>\n<blockquote class=\"twitter-tweet\">\n<p lang=\"fr\" dir=\"ltr\">\ud83c\udf99\ufe0f ANNONCE CONCERT \ud83c\udf99\ufe0fBruno Mars d\u00e9barque avec The Romantic Tour au Stade de France samedi 20 &amp; dimanche 21 juin 2026.La mise en vente g\u00e9n\u00e9rale commence le jeudi 15 janvier \u00e0 12h.\ud83c\udf9f\ufe0f : <a href=\"https:\/\/t.co\/vPCpzcSqxd\">https:\/\/t.co\/vPCpzcSqxd<\/a> <a href=\"https:\/\/t.co\/Ic44tvWKcY\">pic.twitter.com\/Ic44tvWKcY<\/a><\/p>\n<p>\u2014 Stade de France (@StadeFrance) <a href=\"https:\/\/twitter.com\/StadeFrance\/status\/2009249148504031549?ref_src=twsrc%5Etfw\" target=\"_blank\" rel=\"noopener\">January 8, 2026<\/a><\/p><\/blockquote>\n<p class=\"content-paragraph\">La venue du musicien californien n&rsquo;a rien d&rsquo;un hasard puisqu&rsquo;il a form\u00e9 <a href=\"https:\/\/www.chartsinfrance.net\/actualite\/news-119390.html\" class=\"articlepage-link\" target=\"_blank\" rel=\"noopener\">le duo Silk Sonic<\/a> avec Bruno Mars en 2021. Ensemble, ils ont donn\u00e9 naissance \u00e0 un album ravivant la flamme soul-funk des ann\u00e9es 60, fa\u00e7on Motown, avec notamment le succ\u00e8s <a href=\"https:\/\/www.chartsinfrance.net\/Bruno-Mars\/news-116893.html\" class=\"articlepage-link\" target=\"_blank\" rel=\"noopener\">\u00ab\u00a0Leave the Door Open\u00a0\u00bb<\/a>, \u00e9cout\u00e9 1,6 milliards de fois et sacr\u00e9 Enregistrement et Chanson de l&rsquo;ann\u00e9e aux Grammy Awards 2022. \u00c0 noter que le soir du 20 juin, Anderson .Paak \/ DJ Pee .Wee se produira en DJ set au Wanderlust, club situ\u00e9 Quai d&rsquo;Austerlitz dans le 13\u00e8me arrondissement de Paris.<\/p>\n<p>                <img loading=\"lazy\" decoding=\"async\" src=\"https:\/\/www.europesays.com\/fr\/wp-content\/uploads\/2025\/10\/favicon.png\" class=\"author-article-picture\" width=\"35\" height=\"35\"\/><\/p>\n<p>                    Par<\/p>\n<p>                                            <a class=\"author-article-bio-link\" href=\"https:\/\/www.chartsinfrance.net\/auteur\/120\/\" target=\"_blank\" rel=\"noopener\">Th\u00e9au BERTHELOT<\/a><\/p>\n<p>                    |<\/p>\n<p>                                            Journaliste<\/p>\n<p>\n                Passionn\u00e9 par la musique autant que le cin\u00e9ma, la litt\u00e9rature et le journalisme, il est incollable sur la sc\u00e8ne rock ind\u00e9pendante et se prend de passion pour les dessous de l&rsquo;industrie musicale et de l&rsquo;organisation des concerts et festivals, o\u00f9 vous ne manquerez pas de le croiser.\n            <\/p>\n<p>            <script async src=\"https:\/\/platform.twitter.com\/widgets.js\" charset=\"utf-8\"><\/script><\/p>\n","protected":false},"excerpt":{"rendered":"Bruno Mars donnera deux concerts au Stade de France en juin prochain. Ces deux artistes am\u00e9ricains phares feront&hellip;\n","protected":false},"author":2,"featured_media":656885,"comment_status":"","ping_status":"","sticky":false,"template":"","format":"standard","meta":{"footnotes":""},"categories":[1355],"tags":[58,59,1011,27,1361,873],"class_list":{"0":"post-656884","1":"post","2":"type-post","3":"status-publish","4":"format-standard","5":"has-post-thumbnail","7":"category-musique","8":"tag-divertissement","9":"tag-entertainment","10":"tag-fr","11":"tag-france","12":"tag-music","13":"tag-musique"},"share_on_mastodon":{"url":"https:\/\/pubeurope.com\/@fr\/115878427819481928","error":""},"_links":{"self":[{"href":"https:\/\/www.europesays.com\/fr\/wp-json\/wp\/v2\/posts\/656884","targetHints":{"allow":["GET"]}}],"collection":[{"href":"https:\/\/www.europesays.com\/fr\/wp-json\/wp\/v2\/posts"}],"about":[{"href":"https:\/\/www.europesays.com\/fr\/wp-json\/wp\/v2\/types\/post"}],"author":[{"embeddable":true,"href":"https:\/\/www.europesays.com\/fr\/wp-json\/wp\/v2\/users\/2"}],"replies":[{"embeddable":true,"href":"https:\/\/www.europesays.com\/fr\/wp-json\/wp\/v2\/comments?post=656884"}],"version-history":[{"count":0,"href":"https:\/\/www.europesays.com\/fr\/wp-json\/wp\/v2\/posts\/656884\/revisions"}],"wp:featuredmedia":[{"embeddable":true,"href":"https:\/\/www.europesays.com\/fr\/wp-json\/wp\/v2\/media\/656885"}],"wp:attachment":[{"href":"https:\/\/www.europesays.com\/fr\/wp-json\/wp\/v2\/media?parent=656884"}],"wp:term":[{"taxonomy":"category","embeddable":true,"href":"https:\/\/www.europesays.com\/fr\/wp-json\/wp\/v2\/categories?post=656884"},{"taxonomy":"post_tag","embeddable":true,"href":"https:\/\/www.europesays.com\/fr\/wp-json\/wp\/v2\/tags?post=656884"}],"curies":[{"name":"wp","href":"https:\/\/api.w.org\/{rel}","templated":true}]}}