{"id":656896,"date":"2026-01-11T20:52:10","date_gmt":"2026-01-11T20:52:10","guid":{"rendered":"https:\/\/www.europesays.com\/fr\/656896\/"},"modified":"2026-01-11T20:52:10","modified_gmt":"2026-01-11T20:52:10","slug":"google-lance-un-protocole-qui-va-transformer-lachat-en-ligne-carrefour-fait-partie-des-premiers-a-ladopter","status":"publish","type":"post","link":"https:\/\/www.europesays.com\/fr\/656896\/","title":{"rendered":"Google lance un protocole qui va transformer l&rsquo;achat en ligne, Carrefour fait partie des premiers \u00e0 l&rsquo;adopter"},"content":{"rendered":"<p class=\"sc-9e1vpx-0 jVoltE\">Google ne se lance pas tout seul, vous l&rsquo;aurez compris. L&rsquo;entreprise a rassembl\u00e9 une alliance impressionnante pour lancer l&rsquo;UCP. Shopify, Etsy, Wayfair, Target et Walmart ont cocr\u00e9\u00e9 le protocole. Depuis, plus de vingt g\u00e9ants ont rejoint le mouvement : Carrefour, nous le disions, mais aussi Zalando, Best Buy, Macy&rsquo;s et The Home Depot. Cette mobilisation express des poids lourds du e-commerce mondial prouve \u00e0 quel point l&rsquo;enjeu est crucial pour le secteur.<\/p>\n","protected":false},"excerpt":{"rendered":"Google ne se lance pas tout seul, vous l&rsquo;aurez compris. L&rsquo;entreprise a rassembl\u00e9 une alliance impressionnante pour lancer&hellip;\n","protected":false},"author":2,"featured_media":656897,"comment_status":"","ping_status":"","sticky":false,"template":"","format":"standard","meta":{"footnotes":""},"categories":[6],"tags":[35,33,34,1011,27],"class_list":{"0":"post-656896","1":"post","2":"type-post","3":"status-publish","4":"format-standard","5":"has-post-thumbnail","7":"category-economie","8":"tag-business","9":"tag-economie","10":"tag-economy","11":"tag-fr","12":"tag-france"},"share_on_mastodon":{"url":"https:\/\/pubeurope.com\/@fr\/115878451244786606","error":""},"_links":{"self":[{"href":"https:\/\/www.europesays.com\/fr\/wp-json\/wp\/v2\/posts\/656896","targetHints":{"allow":["GET"]}}],"collection":[{"href":"https:\/\/www.europesays.com\/fr\/wp-json\/wp\/v2\/posts"}],"about":[{"href":"https:\/\/www.europesays.com\/fr\/wp-json\/wp\/v2\/types\/post"}],"author":[{"embeddable":true,"href":"https:\/\/www.europesays.com\/fr\/wp-json\/wp\/v2\/users\/2"}],"replies":[{"embeddable":true,"href":"https:\/\/www.europesays.com\/fr\/wp-json\/wp\/v2\/comments?post=656896"}],"version-history":[{"count":0,"href":"https:\/\/www.europesays.com\/fr\/wp-json\/wp\/v2\/posts\/656896\/revisions"}],"wp:featuredmedia":[{"embeddable":true,"href":"https:\/\/www.europesays.com\/fr\/wp-json\/wp\/v2\/media\/656897"}],"wp:attachment":[{"href":"https:\/\/www.europesays.com\/fr\/wp-json\/wp\/v2\/media?parent=656896"}],"wp:term":[{"taxonomy":"category","embeddable":true,"href":"https:\/\/www.europesays.com\/fr\/wp-json\/wp\/v2\/categories?post=656896"},{"taxonomy":"post_tag","embeddable":true,"href":"https:\/\/www.europesays.com\/fr\/wp-json\/wp\/v2\/tags?post=656896"}],"curies":[{"name":"wp","href":"https:\/\/api.w.org\/{rel}","templated":true}]}}