{"id":656898,"date":"2026-01-11T20:53:14","date_gmt":"2026-01-11T20:53:14","guid":{"rendered":"https:\/\/www.europesays.com\/fr\/656898\/"},"modified":"2026-01-11T20:53:14","modified_gmt":"2026-01-11T20:53:14","slug":"des-kieviens-sans-electricite-ni-chauffage-et-ni-eau-le-missile-orechnik-sur-la-table-de-lonu","status":"publish","type":"post","link":"https:\/\/www.europesays.com\/fr\/656898\/","title":{"rendered":"Des Ki\u00e9viens sans \u00ab\u00a0\u00e9lectricit\u00e9, ni chauffage et ni eau\u00a0\u00bb, le missile Orechnik sur la table de l\u2019ONU"},"content":{"rendered":"<p>Vous avez rat\u00e9 les derniers \u00e9v\u00e9nements sur la <a href=\"https:\/\/www.20minutes.fr\/monde\/ukraine\/\" class=\"c-link c-link--is-underlined\" target=\"_blank\" rel=\"noopener\">guerre en Ukraine<\/a>\u00a0? 20 Minutes fait le point pour vous tous les soirs. Voici l\u2019essentiel de ce dimanche 11\u00a0janvier, au 1.417e jour du conflit.<\/p>\n<p>Le fait du jour<\/p>\n<p>Il fait froid en Ukraine. Tr\u00e8s froid. A titre d\u2019exemple \u00e0 Kiev, il faisait aux alentours de \u2013 10\u00b0C ce dimanche. Et apr\u00e8s les frappes russes de vendredi, il y avait toujours 1.000 immeubles \u2013 sur 6.000 initialement- priv\u00e9s de chauffage.<\/p>\n<p>Vitaly Klitschko, maire de la capitale ukrainienne, a reconnu dimanche que l\u2019approvisionnement en \u00e9nergie demeurait dans la capitale \u00ab\u00a0tr\u00e8s difficile\u00a0\u00bb. L\u2019alimentation en chaleur d\u00e9pend de celle d\u2019\u00e9lectricit\u00e9 qui est \u00e9galement fortement perturb\u00e9e \u00e0 cause des frappes russes qui d\u00e9vastent, depuis\u00a02022, le r\u00e9seau \u00e9nerg\u00e9tique ukrainien.<\/p>\n<p>\u00ab\u00a0\u00c7a fait 42 heures qu\u2019on n\u2019a pas d\u2019\u00e9lectricit\u00e9, de chauffage et d\u2019eau\u00a0\u00bb, disait samedi Natalia \u00e0 l\u2019AFP. \u00ab\u00a0On survit comme vous pouvez le voir.\u00a0\u00bb<\/p>\n<\/p>\n<p>Le chiffre du jour<\/p>\n<p>1,4\u00a0milliard d\u2019euros. On aurait aussi pu dire 15\u00a0milliards de couronnes. C\u2019est l\u2019investissement que va faire la Su\u00e8de dans la d\u00e9fense a\u00e9rienne terrestre, notamment pour mieux prot\u00e9ger de potentielles cibles civiles, en s\u2019appuyant sur l\u2019exp\u00e9rience de l\u2019Ukraine face \u00e0 l\u2019invasion russe, a annonc\u00e9 dimanche son gouvernement.<\/p>\n<p>\u00ab\u00a0Avec cet investissement d\u2019ampleur dans la d\u00e9fense a\u00e9rienne, nous prot\u00e9geons l\u2019ensemble de la soci\u00e9t\u00e9, de nos unit\u00e9s militaires aux zones urbaines et aux infrastructures critiques\u00a0\u00bb, a d\u00e9clar\u00e9 le Premier ministre, Ulf Kristersson, cit\u00e9 dans un communiqu\u00e9.<\/p>\n<p>La tendance<\/p>\n<p>Le Conseil de s\u00e9curit\u00e9 de l\u2019ONU se r\u00e9unit ce lundi \u00e0 la demande de l\u2019Ukraine \u00e0 la suite de ces frappes et du recours par Moscou \u00e0 son missile balistique de derni\u00e8re g\u00e9n\u00e9ration <a href=\"https:\/\/www.20minutes.fr\/monde\/ukraine\/4195169-20260109-guerre-ukraine-vengeance-russie-frappe-missile-hypersonique-orechnik\" class=\"c-link c-link--is-underlined\" target=\"_blank\" rel=\"noopener\">Orechnik<\/a>.<\/p>\n<p>\u00ab\u00a0La <a href=\"https:\/\/www.20minutes.fr\/monde\/russie\/\" class=\"c-link c-link--is-underlined\" target=\"_blank\" rel=\"noopener\">Russie<\/a> a atteint un nouveau niveau effroyable de crimes de guerre et de crimes contre l\u2019humanit\u00e9 dans ses attaques contre les civils et infrastructures civiles en Ukraine\u00a0\u00bb, d\u00e9nonce l\u2019ambassadeur d\u2019Ukraine \u00e0 l\u2019ONU Andri\u00ef Melnyk dans sa lettre demandant la r\u00e9union, vue par l\u2019AFP, dans laquelle il affirme que l\u2019utilisation du missile constitue une \u00ab\u00a0menace grave et sans pr\u00e9c\u00e9dent pour la s\u00e9curit\u00e9 du continent europ\u00e9en\u00a0\u00bb.<\/p>\n<p>L\u2019Union europ\u00e9enne, Paris, Berlin et Londres ont d\u00e9nonc\u00e9 une \u00ab\u00a0escalade\u00a0\u00bb de la part de Moscou dans l\u2019utilisation de ce missile de port\u00e9e interm\u00e9diaire (IRBM) capable d\u2019emporter des ogives nucl\u00e9aires.<\/p>\n","protected":false},"excerpt":{"rendered":"Vous avez rat\u00e9 les derniers \u00e9v\u00e9nements sur la guerre en Ukraine\u00a0? 20 Minutes fait le point pour vous&hellip;\n","protected":false},"author":2,"featured_media":656899,"comment_status":"","ping_status":"","sticky":false,"template":"","format":"standard","meta":{"footnotes":""},"categories":[5],"tags":[47,11,27378,1011,27,3447,131,14,3343,74,12,132,7199,2648,28],"class_list":{"0":"post-656898","1":"post","2":"type-post","3":"status-publish","4":"format-standard","5":"has-post-thumbnail","7":"category-international","8":"tag-actualite","9":"tag-actualites","10":"tag-chauffage","11":"tag-fr","12":"tag-france","13":"tag-froid","14":"tag-guerre-en-ukraine","15":"tag-international","16":"tag-missile","17":"tag-monde","18":"tag-news","19":"tag-russie","20":"tag-suede","21":"tag-temperature","22":"tag-world"},"share_on_mastodon":{"url":"https:\/\/pubeurope.com\/@fr\/115878455202592532","error":""},"_links":{"self":[{"href":"https:\/\/www.europesays.com\/fr\/wp-json\/wp\/v2\/posts\/656898","targetHints":{"allow":["GET"]}}],"collection":[{"href":"https:\/\/www.europesays.com\/fr\/wp-json\/wp\/v2\/posts"}],"about":[{"href":"https:\/\/www.europesays.com\/fr\/wp-json\/wp\/v2\/types\/post"}],"author":[{"embeddable":true,"href":"https:\/\/www.europesays.com\/fr\/wp-json\/wp\/v2\/users\/2"}],"replies":[{"embeddable":true,"href":"https:\/\/www.europesays.com\/fr\/wp-json\/wp\/v2\/comments?post=656898"}],"version-history":[{"count":0,"href":"https:\/\/www.europesays.com\/fr\/wp-json\/wp\/v2\/posts\/656898\/revisions"}],"wp:featuredmedia":[{"embeddable":true,"href":"https:\/\/www.europesays.com\/fr\/wp-json\/wp\/v2\/media\/656899"}],"wp:attachment":[{"href":"https:\/\/www.europesays.com\/fr\/wp-json\/wp\/v2\/media?parent=656898"}],"wp:term":[{"taxonomy":"category","embeddable":true,"href":"https:\/\/www.europesays.com\/fr\/wp-json\/wp\/v2\/categories?post=656898"},{"taxonomy":"post_tag","embeddable":true,"href":"https:\/\/www.europesays.com\/fr\/wp-json\/wp\/v2\/tags?post=656898"}],"curies":[{"name":"wp","href":"https:\/\/api.w.org\/{rel}","templated":true}]}}