{"id":656900,"date":"2026-01-11T20:54:15","date_gmt":"2026-01-11T20:54:15","guid":{"rendered":"https:\/\/www.europesays.com\/fr\/656900\/"},"modified":"2026-01-11T20:54:15","modified_gmt":"2026-01-11T20:54:15","slug":"francois-hollande-estime-que-la-menace-de-dissolution-agitee-par-le-gouvernement-en-cas-de-censure-na-aucun-sens","status":"publish","type":"post","link":"https:\/\/www.europesays.com\/fr\/656900\/","title":{"rendered":"Fran\u00e7ois Hollande estime que la menace de dissolution, agit\u00e9e par le gouvernement en cas de censure, \u00ab\u00a0n\u2019a aucun sens\u00a0\u00bb"},"content":{"rendered":"<p>                      <img loading=\"lazy\" decoding=\"async\" src=\"https:\/\/www.europesays.com\/fr\/wp-content\/uploads\/2026\/01\/962e1d9_ftp-1-zrmfjd162jvs-2025-12-23t140330z-976910744-rc2dmiameyz1-rtrmadp-3-france-politics-budge.jpeg\" alt=\"L\u2019ancien pr\u00e9sident et d\u00e9put\u00e9 du groupe Socialistes et apparent\u00e9s, Fran\u00e7ois Hollande, \u00e0 l\u2019Assembl\u00e9e nationale, \u00e0 Paris, le 23\u00a0d\u00e9cembre 2025.\"   width=\"664\" height=\"443\"\/>    L\u2019ancien pr\u00e9sident et d\u00e9put\u00e9 du groupe Socialistes et apparent\u00e9s, Fran\u00e7ois Hollande, \u00e0 l\u2019Assembl\u00e9e nationale, \u00e0 Paris, le 23\u00a0d\u00e9cembre 2025.  STEPHANIE LECOCQ\/REUTERS                        <\/p>\n<p class=\"article__paragraph  \">La menace de dissolution agit\u00e9e par l\u2019ex\u00e9cutif en r\u00e9ponse aux motions de censure de La France insoumise (LFI) et du Rassemblement national (RN) \u00ab\u00a0n\u2019a aucun sens\u00a0\u00bb, a affirm\u00e9 dimanche\u00a011\u00a0janvier Fran\u00e7ois Hollande, qui encourage de nouveau S\u00e9bastien Lecornu \u00e0 faire usage du 49.3 pour faire adopter le budget.<\/p>\n<p class=\"article__paragraph  \">\u00ab\u00a0Le r\u00f4le d\u2019un premier ministre (\u2026) c\u2019est quand m\u00eame de mettre un peu de stabilit\u00e9 l\u00e0 o\u00f9 il y a de l\u2019inqui\u00e9tude\u00a0\u00bb, a affirm\u00e9 l\u2019ancien pr\u00e9sident de la R\u00e9publique, invit\u00e9 de l\u2019\u00e9mission \u00ab\u00a0Questions politiques\u00a0\u00bb sur <a href=\"https:\/\/www.lemonde.fr\/politique\/article\/2026\/01\/11\/francois-hollande-est-l-invite-de-questions-politiques_6661382_823448.html\" target=\"_blank\" rel=\"noopener\">France Inter\/FranceInfo\/Le Monde.<\/a><\/p>\n<p class=\"article__paragraph  \">\u00ab\u00a0On ne doit pas parler de dissolution (\u2026). Les maires qui pr\u00e9parent des \u00e9lections municipales se disent\u00a0: \u201cMais est-ce qu\u2019on ne va pas avoir une interf\u00e9rence des \u00e9lections l\u00e9gislatives sur les \u00e9lections municipales\u00a0?\u201d Donc \u00e7a n\u2019a aucun sens\u00a0\u00bb, a tranch\u00e9 le d\u00e9put\u00e9 socialiste de Corr\u00e8ze. \u00ab\u00a0Ce n\u2019est pas comme \u00e7a qu\u2019il faut proc\u00e9der (\u2026). Il faut chercher la stabilit\u00e9. Et pour trouver la stabilit\u00e9, il faut chercher des compromis\u00a0\u00bb, a-t-il tanc\u00e9.<\/p>\n<p>                  Fran\u00e7ois Hollande plaide pour l\u2019usage du 49.3                  <\/p>\n<p class=\"article__paragraph  \">L\u2019ex\u00e9cutif a agit\u00e9 vendredi <a href=\"https:\/\/www.lemonde.fr\/politique\/article\/2026\/01\/09\/sebastien-lecornu-a-demande-au-ministre-de-l-interieur-d-etudier-l-organisation-de-legislatives-anticipees-aux-dates-des-elections-municipales_6661221_823448.html\" target=\"_blank\" rel=\"noopener\">la menace d\u2019une nouvelle dissolution en cas de censure du gouvernement<\/a>, faisant savoir qu\u2019il se pr\u00e9parait \u00e0 des l\u00e9gislatives anticip\u00e9es en m\u00eame temps que les municipales en mars. Il r\u00e9agissait notamment aux motions de censure promises <a href=\"https:\/\/www.lemonde.fr\/politique\/article\/2026\/01\/09\/lfi-depose-une-motion-de-censure-contre-le-gouvernement-estimant-la-france-humiliee-a-bruxelles-et-a-washington_6661140_823448.html\" target=\"_blank\" rel=\"noopener\">par le RN et LFI<\/a> pour protester contre la signature annonc\u00e9e du trait\u00e9 de libre-\u00e9change avec le Mercosur sud-am\u00e9ricain, malgr\u00e9 le vote contre de la France.<\/p>\n<p>                                     Lire aussi |  Article r\u00e9serv\u00e9 \u00e0 nos abonn\u00e9s  <a href=\"https:\/\/www.lemonde.fr\/economie\/article\/2026\/01\/10\/mercosur-agriculture-minerais-industrie-ce-que-contient-l-accord_6661235_3234.html\" class=\"js-article-read-also catcher--favoris__link\" data-premium=\"1\" id=\"article-title-3451610\" target=\"_blank\" rel=\"noopener\">Mercosur\u00a0: agriculture, minerais, industrie\u2026 Ce que contient l\u2019accord<\/a>    <\/p>\n<p>   Lire plus tard  <\/p>\n<p class=\"article__paragraph  \">Des motions que M. Hollande ne votera pas, les jugeant \u00ab\u00a0inappropri\u00e9es\u00a0\u00bb\u00a0: \u00ab\u00a0parce que la France a vot\u00e9 contre cet accord\u00a0\u00bb comme le lui avait demand\u00e9 l\u2019Assembl\u00e9e nationale et parce que le d\u00e9bat va s\u2019engager \u00ab\u00a0au Parlement europ\u00e9en\u00a0\u00bb.<\/p>\n<p class=\"article__paragraph  \">A l\u2019avant-veille de l\u2019arriv\u00e9e du budget de l\u2019Etat dans l\u2019H\u00e9micycle, Fran\u00e7ois Hollande a de nouveau invit\u00e9 le premier ministre \u00e0 utiliser l\u2019article\u00a049 alin\u00e9a\u00a03 de la Constitution, qui lui permet de faire adopter le texte mais l\u2019expose \u00e0 une censure\u00a0: \u00ab\u00a0On conna\u00eet les conditions du compromis mais je pense que sur le budget, \u00e7a suffit. \u00c7a suffit de laisser passer du temps parce que les Fran\u00e7ais, l\u00e0 aussi, ils attendent un cadre\u00a0\u00bb pour investir ou consommer, a-t-il plaid\u00e9.<\/p>\n<p class=\"article__paragraph  \">M.\u00a0Hollande s\u2019est en revanche dit oppos\u00e9 \u00e0 la voie des ordonnances, pr\u00e9vue par l\u2019article\u00a047 du texte fondamental\u00a0: \u00ab\u00a0Ce n\u2019est pas une bonne proc\u00e9dure et il vaut mieux aller vers la seule qui convienne aujourd\u2019hui\u00a0\u00bb, le 49.3, a-t-il soulign\u00e9. \u00ab\u00a0La d\u00e9claration qu\u2019il doit faire maintenant, demain, c\u2019est celle d\u2019aller vers une solution pour la fin du mois\u00a0\u00bb, a-t-il tranch\u00e9.<\/p>\n<p>                                     Lire aussi |  Article r\u00e9serv\u00e9 \u00e0 nos abonn\u00e9s  <a href=\"https:\/\/www.lemonde.fr\/politique\/article\/2026\/01\/09\/budget-2026-les-deputes-s-eloignent-du-compromis-vise_6661137_823448.html\" class=\"js-article-read-also catcher--favoris__link\" data-premium=\"1\" id=\"article-title-3453876\" target=\"_blank\" rel=\"noopener\">Budget 2026\u00a0: les d\u00e9put\u00e9s s\u2019\u00e9loignent du compromis vis\u00e9<\/a>    <\/p>\n<p>   Lire plus tard  <\/p>\n<p class=\"author__detail\">  Le Monde avec AFP  <\/p>\n","protected":false},"excerpt":{"rendered":"L\u2019ancien pr\u00e9sident et d\u00e9put\u00e9 du groupe Socialistes et apparent\u00e9s, Fran\u00e7ois Hollande, \u00e0 l\u2019Assembl\u00e9e nationale, \u00e0 Paris, le 23\u00a0d\u00e9cembre&hellip;\n","protected":false},"author":2,"featured_media":656901,"comment_status":"","ping_status":"","sticky":false,"template":"","format":"standard","meta":{"footnotes":""},"categories":[4],"tags":[11,1011,27,12,25],"class_list":{"0":"post-656900","1":"post","2":"type-post","3":"status-publish","4":"format-standard","5":"has-post-thumbnail","7":"category-france","8":"tag-actualites","9":"tag-fr","10":"tag-france","11":"tag-news","12":"tag-republique-francaise"},"share_on_mastodon":{"url":"https:\/\/pubeurope.com\/@fr\/115878459739959766","error":""},"_links":{"self":[{"href":"https:\/\/www.europesays.com\/fr\/wp-json\/wp\/v2\/posts\/656900","targetHints":{"allow":["GET"]}}],"collection":[{"href":"https:\/\/www.europesays.com\/fr\/wp-json\/wp\/v2\/posts"}],"about":[{"href":"https:\/\/www.europesays.com\/fr\/wp-json\/wp\/v2\/types\/post"}],"author":[{"embeddable":true,"href":"https:\/\/www.europesays.com\/fr\/wp-json\/wp\/v2\/users\/2"}],"replies":[{"embeddable":true,"href":"https:\/\/www.europesays.com\/fr\/wp-json\/wp\/v2\/comments?post=656900"}],"version-history":[{"count":0,"href":"https:\/\/www.europesays.com\/fr\/wp-json\/wp\/v2\/posts\/656900\/revisions"}],"wp:featuredmedia":[{"embeddable":true,"href":"https:\/\/www.europesays.com\/fr\/wp-json\/wp\/v2\/media\/656901"}],"wp:attachment":[{"href":"https:\/\/www.europesays.com\/fr\/wp-json\/wp\/v2\/media?parent=656900"}],"wp:term":[{"taxonomy":"category","embeddable":true,"href":"https:\/\/www.europesays.com\/fr\/wp-json\/wp\/v2\/categories?post=656900"},{"taxonomy":"post_tag","embeddable":true,"href":"https:\/\/www.europesays.com\/fr\/wp-json\/wp\/v2\/tags?post=656900"}],"curies":[{"name":"wp","href":"https:\/\/api.w.org\/{rel}","templated":true}]}}