{"id":656915,"date":"2026-01-11T21:04:12","date_gmt":"2026-01-11T21:04:12","guid":{"rendered":"https:\/\/www.europesays.com\/fr\/656915\/"},"modified":"2026-01-11T21:04:12","modified_gmt":"2026-01-11T21:04:12","slug":"apres-le-passage-de-la-tempete-goretti-encore-4100-foyers-prives-delectricite-en-seine-maritime","status":"publish","type":"post","link":"https:\/\/www.europesays.com\/fr\/656915\/","title":{"rendered":"Apr\u00e8s le passage de la temp\u00eate Goretti, encore 4100 foyers priv\u00e9s d&rsquo;\u00e9lectricit\u00e9 en Seine-Maritime"},"content":{"rendered":"<p>                    Par<br \/>\n        <strong><br \/>\n            <a href=\"https:\/\/actu.fr\/auteur\/louise-boutard\" title=\"Consulter tous les articles de Louise Boutard\" target=\"_blank\" rel=\"noopener\">Louise Boutard<\/a><br \/>\n                    <\/strong><\/p>\n<p>        Publi\u00e9 le<\/p>\n<p>            11 janv. 2026 \u00e0 10h03        <\/p>\n<p><a href=\"https:\/\/actu.fr\/societe\/tempete-goretti-en-seine-maritime-voici-les-lignes-ferroviaires-qui-doivent-encore-reprendre_63681524.html\" target=\"_blank\" rel=\"noopener\">Tout rentre dans l\u2019ordre<\/a> peu \u00e0 peu apr\u00e8s le <a href=\"https:\/\/actu.fr\/meteo\/tempete-goretti-transports-degats-suivez-en-temps-reel-la-situation-en-seine-maritime_63673772.html\" target=\"_blank\" rel=\"noopener\">passage de la temp\u00eate Goretti,<\/a> dans la nuit du jeudi\u00a08 au vendredi 9\u00a0janvier 2026. Mais l\u2019attente est longue pour les personnes priv\u00e9es d\u2019\u00e9lectricit\u00e9. <strong>4\u2009100 clients d\u2019Enedis<\/strong> sont encore concern\u00e9s en <a href=\"https:\/\/actu.fr\/76actu\/\" target=\"_blank\" rel=\"noopener\">Seine-Maritime<\/a>, dimanche 11\u00a0janvier au matin.<\/p>\n<p>7\u2009000 clients samedi soir, 4\u2009100 dimanche matin<\/p>\n<p class=\" wall-content\">Samedi 10\u00a0janvier au soir, Enedis et la Pr\u00e9fecture de Seine-Maritime annon\u00e7aient encore <strong>7\u2009000 foyers priv\u00e9s d\u2019\u00e9lectricit\u00e9<\/strong> sur le d\u00e9partement. \u00ab\u2009Ce samedi soir \u00e0 18\u2009h, Enedis a r\u00e9aliment\u00e9 90\u2009% des clients priv\u00e9s d\u2019\u00e9lectricit\u00e9\u2009\u00bb, annon\u00e7ait Enedis. Ce dimanche matin, Enedis d\u00e9clare que ce nombre <strong>est descendu \u00e0 4\u2009100 clients.<\/strong><\/p>\n<p class=\" wall-content\">En revanche, concernant la SNCF, la <strong>circulation des trains a repris son cours normal<\/strong> en Normandie. \u00ab\u00a0Quelques adaptations et retards pourront parfois subsister, nous vous recommandons donc de v\u00e9rifier la circulation de votre train avant de vous rendre en gare\u00a0\u00bb, pr\u00e9vient tout de m\u00eame la SNCF sur ses r\u00e9seaux sociaux.\u00a0<\/p>\n<p class=\" wall-content\">Sur les autres d\u00e9partements de Normandie on compte \u00e9galement de nombreux foyers encore priv\u00e9s d\u2019\u00e9lectricit\u00e9\u2009: <strong>9\u2009900 dans la Manche<\/strong>, 4\u2009100 dans le Calvados, 3\u2009800 dans l\u2019Eure et 1\u2009100 dans l\u2019Orne, soit 23\u2009000 clients sans \u00e9lectricit\u00e9 sur la r\u00e9gion ce dimanche matin.<\/p>\n<p class=\" wall-content\">\u00ab\u2009Les \u00e9quipes<a href=\"https:\/\/actu.fr\/societe\/tempete-goretti-en-seine-maritime-15-000-foyers-toujours-sans-electricite-enedis-a-pied-d-oeuvre_63680794.html\" target=\"_blank\" rel=\"noopener\"> d\u2019Enedis sont pleinement mobilis\u00e9es<\/a> et missionnent des<strong> techniciens d\u2019intervention rapide venus de toute la France<\/strong> vers les r\u00e9gions les plus impact\u00e9es jusqu\u2019au retour \u00e0 la normale\u2009\u00bb, indique la Pr\u00e9fecture. \u00ab\u20093\u2009000 techniciens dont 2\u2009200 techniciens Enedis et 800 salari\u00e9s prestataires sont mobilis\u00e9s sur le terrain\u2009\u00bb, pr\u00e9cise Enedis. Sans oublier <strong>850 conseillers client\u00e8le<\/strong> bas\u00e9s en France pour r\u00e9pondre aux clients par t\u00e9l\u00e9phone.<\/p>\n<p>Na jamais toucher aux fils tomb\u00e9s \u00e0 terre<\/p>\n<p class=\" wall-content\">Enedis rappelle les <strong>mesures de s\u00e9curit\u00e9<\/strong> \u00e0 respecter\u2009:<\/p>\n<p>Vid\u00e9os : en ce moment sur Actu<\/p>\n<ul class=\" wall-content\">\n<li>Ne jamais toucher \u00e0 des fils tomb\u00e9s \u00e0 terre,<\/li>\n<li>Signaler toute anomalie (fils \u00e9lectriques trop bas ou \u00e0 terre, poteaux endommag\u00e9s\u2026),<\/li>\n<li>Ne jamais toucher \u00e0 un objet en contact avec une ligne \u00e9lectrique,<\/li>\n<li>Respecter les zones de danger balis\u00e9es<\/li>\n<li>En cas d\u2019utilisation d\u2019un groupe \u00e9lectrog\u00e8ne individuel, le placer \u00e0 l\u2019ext\u00e9rieur de l\u2019habitation et penser \u00e0 couper le disjoncteur<\/li>\n<\/ul>\n<p>En cas d\u2019urgence, le centre d\u2019appel d\u00e9pannage Enedis est joignable en permanence au 09\u2009726\u2009750 76.<\/p>\n<p>Votre r\u00e9gion, votre actu !<\/p>\n<p>Recevez chaque jour les infos qui comptent pour vous.<\/p>\n<p>\t<a href=\"https:\/\/actu.fr\/newsletter\" class=\"ac-btn ac-btn--corner ac-btn--medium ac-btn--blue800\" target=\"_blank\" rel=\"noopener\">S&rsquo;incrire<\/a><br \/>\nSuivez l\u2019actualit\u00e9 de Rouen sur<a href=\"https:\/\/www.whatsapp.com\/channel\/0029VaKfnf99hXF2ddApFB1D\" target=\"_blank\" rel=\"noopener\"> notre cha\u00eene WhatsApp<\/a> et sur <a href=\"https:\/\/www.tiktok.com\/@76actu.fr?lang=fr\" target=\"_blank\" rel=\"noopener\">notre compte TikTok<\/a><\/p>\n<p class=\" wall-content\">Personnalisez votre actualit\u00e9 en ajoutant vos villes et m\u00e9dias en favori avec <a href=\"https:\/\/moncompte.actu.fr\" title=\"D\u00e9couvez Mon Actu\" rel=\"nofollow noopener\" data-trk=\"{&quot;cta&quot;:{&quot;action&quot;:&quot;https:\\\/\\\/moncompte.actu.fr&quot;,&quot;category&quot;:&quot;mon compte&quot;,&quot;from&quot;:&quot;article footer&quot;,&quot;name&quot;:&quot;Mon actu&quot;,&quot;type&quot;:&quot;cta&quot;}}\" target=\"_blank\">Mon Actu<\/a>.<\/p>\n<p>                    <script async src=\"\/\/www.tiktok.com\/embed.js\"><\/script><\/p>\n","protected":false},"excerpt":{"rendered":"Par Louise Boutard Publi\u00e9 le 11 janv. 2026 \u00e0 10h03 Tout rentre dans l\u2019ordre peu \u00e0 peu apr\u00e8s&hellip;\n","protected":false},"author":2,"featured_media":656916,"comment_status":"","ping_status":"","sticky":false,"template":"","format":"standard","meta":{"footnotes":""},"categories":[9587],"tags":[1111,11,579,1777,674,1011,27,2487,12,5161,10899,25,9590,75296],"class_list":{"0":"post-656915","1":"post","2":"type-post","3":"status-publish","4":"format-standard","5":"has-post-thumbnail","7":"category-rouen","8":"tag-actu","9":"tag-actualites","10":"tag-electricite","11":"tag-eu","12":"tag-europe","13":"tag-fr","14":"tag-france","15":"tag-meteo","16":"tag-news","17":"tag-normandie","18":"tag-panne","19":"tag-republique-francaise","20":"tag-rouen","21":"tag-tempete-goretti"},"share_on_mastodon":{"url":"https:\/\/pubeurope.com\/@fr\/115878498434234532","error":""},"_links":{"self":[{"href":"https:\/\/www.europesays.com\/fr\/wp-json\/wp\/v2\/posts\/656915","targetHints":{"allow":["GET"]}}],"collection":[{"href":"https:\/\/www.europesays.com\/fr\/wp-json\/wp\/v2\/posts"}],"about":[{"href":"https:\/\/www.europesays.com\/fr\/wp-json\/wp\/v2\/types\/post"}],"author":[{"embeddable":true,"href":"https:\/\/www.europesays.com\/fr\/wp-json\/wp\/v2\/users\/2"}],"replies":[{"embeddable":true,"href":"https:\/\/www.europesays.com\/fr\/wp-json\/wp\/v2\/comments?post=656915"}],"version-history":[{"count":0,"href":"https:\/\/www.europesays.com\/fr\/wp-json\/wp\/v2\/posts\/656915\/revisions"}],"wp:featuredmedia":[{"embeddable":true,"href":"https:\/\/www.europesays.com\/fr\/wp-json\/wp\/v2\/media\/656916"}],"wp:attachment":[{"href":"https:\/\/www.europesays.com\/fr\/wp-json\/wp\/v2\/media?parent=656915"}],"wp:term":[{"taxonomy":"category","embeddable":true,"href":"https:\/\/www.europesays.com\/fr\/wp-json\/wp\/v2\/categories?post=656915"},{"taxonomy":"post_tag","embeddable":true,"href":"https:\/\/www.europesays.com\/fr\/wp-json\/wp\/v2\/tags?post=656915"}],"curies":[{"name":"wp","href":"https:\/\/api.w.org\/{rel}","templated":true}]}}