{"id":656917,"date":"2026-01-11T21:05:17","date_gmt":"2026-01-11T21:05:17","guid":{"rendered":"https:\/\/www.europesays.com\/fr\/656917\/"},"modified":"2026-01-11T21:05:17","modified_gmt":"2026-01-11T21:05:17","slug":"un-octogenaire-meurt-percute-par-une-voiture-pres-de-rouen","status":"publish","type":"post","link":"https:\/\/www.europesays.com\/fr\/656917\/","title":{"rendered":"Un octog\u00e9naire meurt percut\u00e9 par une voiture pr\u00e8s de Rouen"},"content":{"rendered":"<p class=\"article__intro\">Ce dimanche 11 janvier 2026, dans l&rsquo;apr\u00e8s-midi, un pi\u00e9ton a \u00e9t\u00e9 percut\u00e9 par une voiture au Mesnil-Esnard, pr\u00e8s de Rouen (Seine-Maritime). La victime, un homme de 82 ans, est morte sur le coup.<\/p>\n<p>\n      L\u2019actu des r\u00e9gions\n    <\/p>\n<p>\n      Chaque jour, un tour d\u2019horizon des principales infos de toutes les r\u00e9gions.\n    <\/p>\n<p>    France T\u00e9l\u00e9visions utilise votre adresse e-mail afin de vous envoyer la newsletter \u00ab\u00a0L\u2019actu des r\u00e9gions\u00a0\u00bb. Vous pouvez vous d\u00e9sinscrire \u00e0 tout moment via le lien en bas de cette newsletter. <a target=\"_blank\" href=\"https:\/\/www.francetelevisions.fr\/groupe\/confidentialite\/politique-de-confidentialite\/politique-de-confidentialite-de-france-televisions-6503\" rel=\"noopener\">Notre politique de confidentialit\u00e9<\/a><\/p>\n<p>Les faits se sont produits \u00e0 15h, route de Paris, une art\u00e8re tr\u00e8s fr\u00e9quent\u00e9e du Mesnil-Esnard (Seine-Maritime). Les pompiers ont \u00e9t\u00e9 appel\u00e9s apr\u00e8s un grave accident de la circulation entre une voiture et un pi\u00e9ton.<\/p>\n<\/p>\n<p>Le pi\u00e9ton, un homme \u00e2g\u00e9 de 82 ans, est malheureusement mort sur le coup. <\/p>\n<p>Sur place, 10 sapeurs-pompiers sont intervenus \u00e0 bord de 4 engins, indique le Service d\u00e9partemental d&rsquo;incendie et de secours (SDIS) de Seine-Maritime. <\/p>\n<p>Les circonstances pr\u00e9cises de cet accident sont inconnues \u00e0 ce stade.<\/p>\n","protected":false},"excerpt":{"rendered":"Ce dimanche 11 janvier 2026, dans l&rsquo;apr\u00e8s-midi, un pi\u00e9ton a \u00e9t\u00e9 percut\u00e9 par une voiture au Mesnil-Esnard, pr\u00e8s&hellip;\n","protected":false},"author":2,"featured_media":656918,"comment_status":"","ping_status":"","sticky":false,"template":"","format":"standard","meta":{"footnotes":""},"categories":[9587],"tags":[1111,11,1777,674,1011,27,12,5161,25,9590],"class_list":{"0":"post-656917","1":"post","2":"type-post","3":"status-publish","4":"format-standard","5":"has-post-thumbnail","7":"category-rouen","8":"tag-actu","9":"tag-actualites","10":"tag-eu","11":"tag-europe","12":"tag-fr","13":"tag-france","14":"tag-news","15":"tag-normandie","16":"tag-republique-francaise","17":"tag-rouen"},"share_on_mastodon":{"url":"https:\/\/pubeurope.com\/@fr\/115878502379974367","error":""},"_links":{"self":[{"href":"https:\/\/www.europesays.com\/fr\/wp-json\/wp\/v2\/posts\/656917","targetHints":{"allow":["GET"]}}],"collection":[{"href":"https:\/\/www.europesays.com\/fr\/wp-json\/wp\/v2\/posts"}],"about":[{"href":"https:\/\/www.europesays.com\/fr\/wp-json\/wp\/v2\/types\/post"}],"author":[{"embeddable":true,"href":"https:\/\/www.europesays.com\/fr\/wp-json\/wp\/v2\/users\/2"}],"replies":[{"embeddable":true,"href":"https:\/\/www.europesays.com\/fr\/wp-json\/wp\/v2\/comments?post=656917"}],"version-history":[{"count":0,"href":"https:\/\/www.europesays.com\/fr\/wp-json\/wp\/v2\/posts\/656917\/revisions"}],"wp:featuredmedia":[{"embeddable":true,"href":"https:\/\/www.europesays.com\/fr\/wp-json\/wp\/v2\/media\/656918"}],"wp:attachment":[{"href":"https:\/\/www.europesays.com\/fr\/wp-json\/wp\/v2\/media?parent=656917"}],"wp:term":[{"taxonomy":"category","embeddable":true,"href":"https:\/\/www.europesays.com\/fr\/wp-json\/wp\/v2\/categories?post=656917"},{"taxonomy":"post_tag","embeddable":true,"href":"https:\/\/www.europesays.com\/fr\/wp-json\/wp\/v2\/tags?post=656917"}],"curies":[{"name":"wp","href":"https:\/\/api.w.org\/{rel}","templated":true}]}}