{"id":656925,"date":"2026-01-11T21:11:39","date_gmt":"2026-01-11T21:11:39","guid":{"rendered":"https:\/\/www.europesays.com\/fr\/656925\/"},"modified":"2026-01-11T21:11:39","modified_gmt":"2026-01-11T21:11:39","slug":"la-brasserie-michel-debus-reprend-vie-a-schiltigheim","status":"publish","type":"post","link":"https:\/\/www.europesays.com\/fr\/656925\/","title":{"rendered":"la Brasserie Michel Debus reprend vie \u00e0 Schiltigheim"},"content":{"rendered":"<p><strong>Envie d\u2019un peu de chaleur au milieu de l\u2019hiver ? On part ensemble \u00e0 Schiltigheim, \u00e0 quelques coups de p\u00e9dale du centre-ville de Strasbourg, pour (re)d\u00e9couvrir l\u2019histoire et les attributs de la Brasserie Michel Debus. Des plats r\u00e9confortants dans un d\u00e9cor qui impressionne, de la bonne bi\u00e8re et des grandes tabl\u00e9es de copains, est-ce que ce n\u2019est pas exactement ce dont on a besoin en ce moment ?<\/strong><\/p>\n<p><strong>\u00c0 quelques encablures de la capitale alsacienne<\/strong>, sur la route de Bischwiller \u00e0 Schiltigheim, on croise <strong>la route d\u2019une \u00e9tonnante b\u00e2tisse. <\/strong><strong>Anciennement appel\u00e9e la villa Weber<\/strong>, elle porte depuis 2016 le nom d\u2019un illustre brasseur. Lequel ? <strong>Celui de Michel Debus<\/strong>, grande <strong>figure du monde brassicole alsacien<\/strong> disparu en 2022.<\/p>\n<p><strong>Fondateur de la brasserie Storig en 1996<\/strong> (qui portait autrefois le nom Kohler-Rehm), il \u00e9tait notamment <strong>l\u2019ancien pr\u00e9sident des brasseries Fischer et Adelshoffen<\/strong>, rien que \u00e7a.<\/p>\n<p>                <img width=\"375\" height=\"500\" src=\"https:\/\/www.europesays.com\/fr\/wp-content\/uploads\/2026\/01\/brasserie-debusimg-0072-375x500.jpeg\" class=\"attachment-gallery size-gallery\" alt=\"brasserie debusIMG_0072\" data-full-url=\"https:\/\/pokaa.fr\/wp-content\/uploads\/2026\/01\/08\/brasserie-debusimg-0072.jpeg\" decoding=\"async\" loading=\"lazy\"  \/>            <\/p>\n<p>                <img width=\"487\" height=\"500\" src=\"https:\/\/www.europesays.com\/fr\/wp-content\/uploads\/2026\/01\/capture-decran-2025-08-08-155654-487x500.png\" class=\"attachment-gallery size-gallery\" alt=\"Brasserie Michel Debus Schiltigheim (28)\" data-full-url=\"https:\/\/pokaa.fr\/wp-content\/uploads\/2025\/08\/08\/capture-decran-2025-08-08-155654.png\" decoding=\"async\" loading=\"lazy\"  \/>            <\/p>\n<p>                <img width=\"375\" height=\"500\" src=\"https:\/\/www.europesays.com\/fr\/wp-content\/uploads\/2026\/01\/brasserie-debusimg-0091-375x500.jpeg\" class=\"attachment-gallery size-gallery\" alt=\"brasserie debusIMG_0091\" data-full-url=\"https:\/\/pokaa.fr\/wp-content\/uploads\/2026\/01\/08\/brasserie-debusimg-0091.jpeg\" decoding=\"async\" loading=\"lazy\"  \/>            <\/p>\n<p>                    1. 3. \u00a9 Bastien Pietronave \/ Pokaa ; 2. \u00a9 Site web de la Brasserie Michel Debus \/ Capture d&rsquo;\u00e9cran<\/p>\n<p>Michel Debus a \u00e9galement \u00e9t\u00e9 <strong>l\u2019inventeur de la Desperados,<\/strong>\u00a0et on dit m\u00eame <strong>qu\u2019il aurait remis au go\u00fbt du jour le concept de la bi\u00e8re de No\u00ebl.<\/strong><\/p>\n<p>Aujourd\u2019hui, <strong>la marque Storig continue de produire de la bi\u00e8re<\/strong>, ici \u00e0 la Brasserie Michel Debus. La marque a m\u00eame rachet\u00e9 certaines recettes de son ancienne et illustre voisine, <strong>la brasserie Sch\u00fctzenberger<\/strong>.<\/p>\n<p>Voil\u00e0 pour <strong>l\u2019histoire de ces totems de l\u2019industrie brassicole en Alsace<\/strong>, maintenant, on d\u00e9couvre les lieux !<\/p>\n<p>    <img width=\"800\" height=\"600\" src=\"https:\/\/www.europesays.com\/fr\/wp-content\/uploads\/2026\/01\/brasserie-debusimg-9975-3-800x600.jpeg\" class=\"attachment-image-size-L size-image-size-L\" alt=\"brasserie debusIMG_9975 3\" decoding=\"async\" loading=\"lazy\"  \/>         \u00a9 Bastien Pietronave \/ Pokaa <\/p>\n<p>Un restaurant flambant neuf impressionnant, la modernit\u00e9 avec le charme de l\u2019ancien<\/p>\n<p>La Brasserie Michel Debus, c\u2019est<strong> le genre d\u2019\u00e9tablissement aux volumes g\u00e9n\u00e9reux et imposants<\/strong> qui fait pousser un petit g\u00e9missement lorsque l\u2019on entre pour la premi\u00e8re fois. <strong>C\u2019est grand, c\u2019est beau, c\u2019est neuf, les architectes ont boss\u00e9 !<\/strong><\/p>\n<p><strong>Ferm\u00e9 pour un an de travaux<\/strong> apr\u00e8s un incendie \u00e0 l\u2019\u00e9t\u00e9 2024, <strong>et r\u00e9ouvert en ao\u00fbt 2025<\/strong>, le restaurant a plus que fi\u00e8re allure depuis sa r\u00e9novation. Aujourd\u2019hui, il affiche le visage <strong>d<\/strong>\u2019<strong>un \u00e9tablissement moderne, qui va de l\u2019avant<\/strong>, tout en conservant une partie de <strong>l\u2019esprit d\u2019une brasserie alsacienne typique.<\/strong><\/p>\n<p>                <img width=\"375\" height=\"500\" src=\"https:\/\/www.europesays.com\/fr\/wp-content\/uploads\/2026\/01\/brasserie-debusimg-9984-2-375x500.jpeg\" class=\"attachment-gallery size-gallery\" alt=\"brasserie debusIMG_9984 2\" data-full-url=\"https:\/\/pokaa.fr\/wp-content\/uploads\/2026\/01\/08\/brasserie-debusimg-9984-2.jpeg\" decoding=\"async\" loading=\"lazy\"  \/>            <\/p>\n<p>                <img width=\"375\" height=\"500\" src=\"https:\/\/www.europesays.com\/fr\/wp-content\/uploads\/2026\/01\/brasserie-debusimg-0086-375x500.jpeg\" class=\"attachment-gallery size-gallery\" alt=\"brasserie debusIMG_0086\" data-full-url=\"https:\/\/pokaa.fr\/wp-content\/uploads\/2026\/01\/08\/brasserie-debusimg-0086.jpeg\" decoding=\"async\" loading=\"lazy\"  \/>            <\/p>\n<p>                <img width=\"375\" height=\"500\" src=\"https:\/\/www.europesays.com\/fr\/wp-content\/uploads\/2026\/01\/brasserie-debusimg-9994-375x500.jpeg\" class=\"attachment-gallery size-gallery\" alt=\"brasserie debusIMG_9994\" data-full-url=\"https:\/\/pokaa.fr\/wp-content\/uploads\/2026\/01\/08\/brasserie-debusimg-9994.jpeg\" decoding=\"async\" loading=\"lazy\"  \/>            <\/p>\n<p>                <img width=\"667\" height=\"500\" src=\"https:\/\/www.europesays.com\/fr\/wp-content\/uploads\/2026\/01\/brasserie-debusimg-9993-2-667x500.jpeg\" class=\"attachment-gallery size-gallery\" alt=\"brasserie debusIMG_9993 2\" data-full-url=\"https:\/\/pokaa.fr\/wp-content\/uploads\/2026\/01\/08\/brasserie-debusimg-9993-2.jpeg\" decoding=\"async\" loading=\"lazy\"  \/>            <\/p>\n<p>                    \u00a9 Bastien Pietronave \/ Pokaa<\/p>\n<p><strong>Sous une for\u00eat de poutres en bois qui s\u2019entrem\u00ealent<\/strong>, formant une charpente qui nous fait instantan\u00e9ment lever les yeux, <strong>plusieurs centaines de m2 se d\u00e9voilent.<\/strong><\/p>\n<p>Familial,<strong> con\u00e7u pour accueillir plus de 200 couverts dans trois salles distinctes<\/strong>, le restaurant a son cachet bien \u00e0 lui, aid\u00e9 par <strong>de beaux mat\u00e9riaux et une tr\u00e8s belle luminosit\u00e9.<\/strong><\/p>\n<p>                <img width=\"375\" height=\"500\" src=\"https:\/\/www.europesays.com\/fr\/wp-content\/uploads\/2026\/01\/brasserie-debusimg-0005-2-375x500.jpeg\" class=\"attachment-gallery size-gallery\" alt=\"brasserie debusIMG_0005 2\" data-full-url=\"https:\/\/pokaa.fr\/wp-content\/uploads\/2026\/01\/08\/brasserie-debusimg-0005-2.jpeg\" decoding=\"async\" loading=\"lazy\"  \/>            <\/p>\n<p>                <img width=\"375\" height=\"500\" src=\"https:\/\/www.europesays.com\/fr\/wp-content\/uploads\/2026\/01\/brasserie-debusimg-9983-375x500.jpeg\" class=\"attachment-gallery size-gallery\" alt=\"brasserie debusIMG_9983\" data-full-url=\"https:\/\/pokaa.fr\/wp-content\/uploads\/2026\/01\/08\/brasserie-debusimg-9983.jpeg\" decoding=\"async\" loading=\"lazy\"  \/>            <\/p>\n<p>                <img width=\"375\" height=\"500\" src=\"https:\/\/www.europesays.com\/fr\/wp-content\/uploads\/2026\/01\/brasserie-debusimg-0029-2-375x500.jpeg\" class=\"attachment-gallery size-gallery\" alt=\"brasserie debusIMG_0029 2\" data-full-url=\"https:\/\/pokaa.fr\/wp-content\/uploads\/2026\/01\/08\/brasserie-debusimg-0029-2.jpeg\" decoding=\"async\" loading=\"lazy\"  \/>            <\/p>\n<p>                <img width=\"375\" height=\"500\" src=\"https:\/\/www.europesays.com\/fr\/wp-content\/uploads\/2026\/01\/brasserie-debusimg-9980-4-375x500.jpeg\" class=\"attachment-gallery size-gallery\" alt=\"brasserie debusIMG_9980 4\" data-full-url=\"https:\/\/pokaa.fr\/wp-content\/uploads\/2026\/01\/08\/brasserie-debusimg-9980-4.jpeg\" decoding=\"async\" loading=\"lazy\"  \/>            <\/p>\n<p>                <img width=\"375\" height=\"500\" src=\"https:\/\/www.europesays.com\/fr\/wp-content\/uploads\/2026\/01\/brasserie-debusimg-9984-2-375x500.jpeg\" class=\"attachment-gallery size-gallery\" alt=\"brasserie debusIMG_9984 2\" data-full-url=\"https:\/\/pokaa.fr\/wp-content\/uploads\/2026\/01\/08\/brasserie-debusimg-9984-2.jpeg\" decoding=\"async\" loading=\"lazy\"  \/>            <\/p>\n<p>                    \u00a9 Bastien Pietronave \/ Pokaa<\/p>\n<p><strong>Une terrasse, une v\u00e9randa, et un biergarten<\/strong> se d\u00e9ploieront \u00e9galement \u00e0 l\u2019arriv\u00e9e des beaux jours pour compl\u00e9ter le tableau. Un peu <strong>\u00e0 la mani\u00e8re des grands restaurants traditionnels<\/strong> et populaires qui existent chez nos voisins allemands (et o\u00f9 le 25cl de bi\u00e8re n\u2019existe pas).<\/p>\n<p>                <img width=\"750\" height=\"500\" src=\"https:\/\/www.europesays.com\/fr\/wp-content\/uploads\/2025\/08\/brasserie-michel-debus-schiltigheim-3-750x500.jpg\" class=\"attachment-gallery size-gallery\" alt=\"Brasserie Michel Debus Schiltigheim (3)\" data-full-url=\"https:\/\/pokaa.fr\/wp-content\/uploads\/2025\/08\/08\/brasserie-michel-debus-schiltigheim-3.jpg\" decoding=\"async\" loading=\"lazy\"  \/>            <\/p>\n<p>                <img width=\"750\" height=\"500\" src=\"https:\/\/www.europesays.com\/fr\/wp-content\/uploads\/2025\/08\/brasserie-michel-debus-schiltigheim-5-750x500.jpg\" class=\"attachment-gallery size-gallery\" alt=\"Brasserie Michel Debus Schiltigheim (5)\" data-full-url=\"https:\/\/pokaa.fr\/wp-content\/uploads\/2025\/08\/08\/brasserie-michel-debus-schiltigheim-5.jpg\" decoding=\"async\" loading=\"lazy\"  \/>            <\/p>\n<p>                <img width=\"750\" height=\"500\" src=\"https:\/\/www.europesays.com\/fr\/wp-content\/uploads\/2025\/08\/brasserie-michel-debus-schiltigheim-10-750x500.jpg\" class=\"attachment-gallery size-gallery\" alt=\"Brasserie Michel Debus Schiltigheim (10)\" data-full-url=\"https:\/\/pokaa.fr\/wp-content\/uploads\/2025\/08\/08\/brasserie-michel-debus-schiltigheim-10.jpg\" decoding=\"async\" loading=\"lazy\"  \/>            <\/p>\n<p>                <img width=\"750\" height=\"500\" src=\"https:\/\/www.europesays.com\/fr\/wp-content\/uploads\/2025\/08\/brasserie-michel-debus-schiltigheim-11-750x500.jpg\" class=\"attachment-gallery size-gallery\" alt=\"Brasserie Michel Debus Schiltigheim (11)\" data-full-url=\"https:\/\/pokaa.fr\/wp-content\/uploads\/2025\/08\/08\/brasserie-michel-debus-schiltigheim-11.jpg\" decoding=\"async\" loading=\"lazy\"  \/>            <\/p>\n<p>                    \u00a9 Marie Goehner-David \/ Pokaa<\/p>\n<p>Au coeur de l\u2019hiver, c\u2019est <strong>le grand four \u00e0 bois<\/strong> qui ajoute ce qu\u2019il faut de chaleur <strong>dans un int\u00e9rieur a\u00e9r\u00e9 et confortable, <\/strong>qui donne envie d\u2019organiser de grands banquets.<\/p>\n<p>Bref, vous l\u2019avez compris,<strong> la Brasserie Michel Debus 2.0 a de la gueule<\/strong>, et elle sait accueillir tous les types de mangeurs\/ses et de buveurs\/ses.<\/p>\n<p>                <img width=\"786\" height=\"500\" src=\"https:\/\/www.europesays.com\/fr\/wp-content\/uploads\/2025\/08\/brasserie-michel-debus-2-786x500.png\" class=\"attachment-gallery size-gallery\" alt=\"Brasserie Michel Debus (2)\" data-full-url=\"https:\/\/pokaa.fr\/wp-content\/uploads\/2025\/08\/08\/brasserie-michel-debus-2-1500x955.png\" decoding=\"async\" loading=\"lazy\"  \/>            <\/p>\n<p>                <img width=\"750\" height=\"500\" src=\"https:\/\/www.europesays.com\/fr\/wp-content\/uploads\/2025\/08\/brasserie-michel-debus-schiltigheim-19-750x500.jpg\" class=\"attachment-gallery size-gallery\" alt=\"Brasserie Michel Debus Schiltigheim (19)\" data-full-url=\"https:\/\/pokaa.fr\/wp-content\/uploads\/2025\/08\/08\/brasserie-michel-debus-schiltigheim-19.jpg\" decoding=\"async\" loading=\"lazy\"  \/>            <\/p>\n<p>                <img width=\"749\" height=\"500\" src=\"https:\/\/www.europesays.com\/fr\/wp-content\/uploads\/2025\/08\/brasserie-michel-debus-schiltigheim-9-749x500.jpg\" class=\"attachment-gallery size-gallery\" alt=\"Brasserie Michel Debus Schiltigheim (9)\" data-full-url=\"https:\/\/pokaa.fr\/wp-content\/uploads\/2025\/08\/08\/brasserie-michel-debus-schiltigheim-9.jpg\" decoding=\"async\" loading=\"lazy\"  \/>            <\/p>\n<p>                <img width=\"750\" height=\"500\" src=\"https:\/\/www.europesays.com\/fr\/wp-content\/uploads\/2025\/08\/brasserie-michel-debus-schiltigheim-6-750x500.jpg\" class=\"attachment-gallery size-gallery\" alt=\"Brasserie Michel Debus Schiltigheim (6)\" data-full-url=\"https:\/\/pokaa.fr\/wp-content\/uploads\/2025\/08\/08\/brasserie-michel-debus-schiltigheim-6.jpg\" decoding=\"async\" loading=\"lazy\"  \/>            <\/p>\n<p>                    1. \u00a9 Site web de la Brasserie Michel Debus \/ Capture d&rsquo;\u00e9cran ; 2. \u00e0 4. \u00a9 Marie Goehner-David \/ Pokaa<\/p>\n<p>Les grands classiques alsaciens et de tr\u00e8s belles surprises <\/p>\n<p>Vous imaginez peut-\u00eatre d\u00e9j\u00e0 les contours de la carte. Ici, on boit de la bi\u00e8re,<strong> fra\u00eechement tir\u00e9e des cuves situ\u00e9es \u00e0 quelques pas de l\u00e0<\/strong>, et on mange <strong>ce que l\u2019Alsace fait de meilleur. <\/strong>Oui, mais pas que !<\/p>\n<p><strong>Au niveau des classiques alsaciens<\/strong>, on trouve l\u2019immanquable jarret brais\u00e9 au Picon et ses spaetzles, et <strong>la tarte flamb\u00e9e au feu de bois<\/strong> (servie uniquement le soir).<\/p>\n<p>Le cordon bleu se fraye un chemin<strong> entre les k\u00e4sespaetzles en plusieurs fa\u00e7ons<\/strong>, l\u2019\u00e9minc\u00e9 de volaille, le burger ou encore l\u2019onglet de boeuf.<\/p>\n<p>                <img width=\"375\" height=\"500\" src=\"https:\/\/www.europesays.com\/fr\/wp-content\/uploads\/2026\/01\/brasserie-debusimg-0106-375x500.jpeg\" class=\"attachment-gallery size-gallery\" alt=\"brasserie debusIMG_0106\" data-full-url=\"https:\/\/pokaa.fr\/wp-content\/uploads\/2026\/01\/08\/brasserie-debusimg-0106.jpeg\" decoding=\"async\" loading=\"lazy\"  \/>            <\/p>\n<p>                <img width=\"313\" height=\"500\" src=\"https:\/\/www.europesays.com\/fr\/wp-content\/uploads\/2026\/01\/brasserie-debusimg-2387-313x500.jpeg\" class=\"attachment-gallery size-gallery\" alt=\"brasserie debusIMG_2387\" data-full-url=\"https:\/\/pokaa.fr\/wp-content\/uploads\/2026\/01\/08\/brasserie-debusimg-2387.jpeg\" decoding=\"async\" loading=\"lazy\"  \/>            <\/p>\n<p>                <img width=\"375\" height=\"500\" src=\"https:\/\/www.europesays.com\/fr\/wp-content\/uploads\/2026\/01\/brasserie-debusimg-0110-375x500.jpeg\" class=\"attachment-gallery size-gallery\" alt=\"brasserie debusIMG_0110\" data-full-url=\"https:\/\/pokaa.fr\/wp-content\/uploads\/2026\/01\/08\/brasserie-debusimg-0110.jpeg\" decoding=\"async\" loading=\"lazy\"  \/>            <\/p>\n<p>                <img width=\"375\" height=\"500\" src=\"https:\/\/www.europesays.com\/fr\/wp-content\/uploads\/2026\/01\/brasserie-debusimg-0137-375x500.jpeg\" class=\"attachment-gallery size-gallery\" alt=\"brasserie debusIMG_0137\" data-full-url=\"https:\/\/pokaa.fr\/wp-content\/uploads\/2026\/01\/08\/brasserie-debusimg-0137.jpeg\" decoding=\"async\" loading=\"lazy\"  \/>            <\/p>\n<p>                <img width=\"398\" height=\"500\" src=\"https:\/\/www.europesays.com\/fr\/wp-content\/uploads\/2026\/01\/brasserie-debusimg-2389-398x500.jpeg\" class=\"attachment-gallery size-gallery\" alt=\"brasserie debusIMG_2389\" data-full-url=\"https:\/\/pokaa.fr\/wp-content\/uploads\/2026\/01\/08\/brasserie-debusimg-2389.jpeg\" decoding=\"async\" loading=\"lazy\"  \/>            <\/p>\n<p>                    \u00a9 Bastien Pietronave \/ Pokaa<\/p>\n<p>Plus original, on taille le bout de gras avec <strong>un coquelet en crapaudine cuit au feu de bois<\/strong>, des ribs caram\u00e9lis\u00e9s ou avec <strong>la cocotte de joues de porc brais\u00e9es<\/strong> \u00e0 la bi\u00e8re et au miel.<\/p>\n<p><strong>Les galettes de pommes de terre garnies<\/strong> se font \u00e9galement une belle place \u00e0 table. Des suggestions app\u00e9tissantes comme<strong> le magret de canard ou le civet de cerf<\/strong> nous font de l\u2019\u0153il.<\/p>\n<p><strong>La carte est compl\u00e8te, diversifi\u00e9e,<\/strong> il y a de la gourmandise et de la g\u00e9n\u00e9rosit\u00e9 dans les assiettes, <strong>et on tombe sur de belles originalit\u00e9s.<\/strong><\/p>\n<p>                <img width=\"375\" height=\"500\" src=\"https:\/\/www.europesays.com\/fr\/wp-content\/uploads\/2026\/01\/brasserie-debusimg-0126-2-375x500.jpeg\" class=\"attachment-gallery size-gallery\" alt=\"brasserie debusIMG_0126 2\" data-full-url=\"https:\/\/pokaa.fr\/wp-content\/uploads\/2026\/01\/08\/brasserie-debusimg-0126-2.jpeg\" decoding=\"async\" loading=\"lazy\"  \/>            <\/p>\n<p>                <img width=\"375\" height=\"500\" src=\"https:\/\/www.europesays.com\/fr\/wp-content\/uploads\/2026\/01\/brasserie-michel-debus-2-img-2416-375x500.jpg\" class=\"attachment-gallery size-gallery\" alt=\"brasserie Michel Debus 2 IMG_2416\" data-full-url=\"https:\/\/pokaa.fr\/wp-content\/uploads\/2026\/01\/09\/brasserie-michel-debus-2-img-2416.jpg\" decoding=\"async\" loading=\"lazy\"  \/>            <\/p>\n<p>                <img width=\"375\" height=\"500\" src=\"https:\/\/www.europesays.com\/fr\/wp-content\/uploads\/2026\/01\/brasserie-michel-debus-2-img-2413-375x500.jpg\" class=\"attachment-gallery size-gallery\" alt=\"brasserie Michel Debus 2 IMG_2413\" data-full-url=\"https:\/\/pokaa.fr\/wp-content\/uploads\/2026\/01\/09\/brasserie-michel-debus-2-img-2413.jpg\" decoding=\"async\" loading=\"lazy\"  \/>            <\/p>\n<p>                <img width=\"375\" height=\"500\" src=\"https:\/\/www.europesays.com\/fr\/wp-content\/uploads\/2026\/01\/brasserie-michel-debus-2-img-2414-375x500.jpg\" class=\"attachment-gallery size-gallery\" alt=\"brasserie Michel Debus 2 IMG_2414\" data-full-url=\"https:\/\/pokaa.fr\/wp-content\/uploads\/2026\/01\/09\/brasserie-michel-debus-2-img-2414.jpg\" decoding=\"async\" loading=\"lazy\"  \/>            <\/p>\n<p>                <img width=\"375\" height=\"500\" src=\"https:\/\/www.europesays.com\/fr\/wp-content\/uploads\/2026\/01\/brasserie-michel-debus-2-img-2415-375x500.jpg\" class=\"attachment-gallery size-gallery\" alt=\"brasserie Michel Debus 2 IMG_2415\" data-full-url=\"https:\/\/pokaa.fr\/wp-content\/uploads\/2026\/01\/09\/brasserie-michel-debus-2-img-2415.jpg\" decoding=\"async\" loading=\"lazy\"  \/>            <\/p>\n<p>                    1. \u00a9 Bastien Pietronave \/ Pokaa ; 2. \u00e0 5. \u00a9 Vivien Latuner \/ Pokaa<\/p>\n<p>La carte des desserts se d\u00e9fend \u00e9galement avec<strong> la brioche maison fa\u00e7on pain perdu<\/strong>, la cr\u00e8me br\u00fbl\u00e9e ou le tiramisu. Et on prendrait bien <strong>une tarte flamb\u00e9e sucr\u00e9e<\/strong> (arros\u00e9e ou non) pour finir le d\u00eener en beaut\u00e9.<\/p>\n<p>Au final, la Brasserie Michel Debus peut devenir une alli\u00e9e de <strong>vos repas entre potes, entre coll\u00e8gues ou en famille<\/strong>, et elle a des arguments pour cela.<\/p>\n<p>Le cadre est agr\u00e9able,<strong> la carte est bien pens\u00e9e, les mousses sont de qualit\u00e9<\/strong>, une grande stammtisch est en place, et la grande salle dispose m\u00eame <strong>d\u2019un petit coin pour faire jouer les enfants. <\/strong>Et vous, <strong>vous connaissiez cette adresse ?\u00a0<\/strong><\/p>\n<p>                <img width=\"375\" height=\"500\" src=\"https:\/\/www.europesays.com\/fr\/wp-content\/uploads\/2026\/01\/brasserie-debusimg-9994-375x500.jpeg\" class=\"attachment-gallery size-gallery\" alt=\"brasserie debusIMG_9994\" data-full-url=\"https:\/\/pokaa.fr\/wp-content\/uploads\/2026\/01\/08\/brasserie-debusimg-9994.jpeg\" decoding=\"async\" loading=\"lazy\"  \/>            <\/p>\n<p>                <img width=\"375\" height=\"500\" src=\"https:\/\/www.europesays.com\/fr\/wp-content\/uploads\/2026\/01\/brasserie-debusimg-9992-3-375x500.jpeg\" class=\"attachment-gallery size-gallery\" alt=\"brasserie debusIMG_9992 3\" data-full-url=\"https:\/\/pokaa.fr\/wp-content\/uploads\/2026\/01\/08\/brasserie-debusimg-9992-3.jpeg\" decoding=\"async\" loading=\"lazy\"  \/>            <\/p>\n<p>                <img width=\"318\" height=\"500\" src=\"https:\/\/www.europesays.com\/fr\/wp-content\/uploads\/2026\/01\/brasserie-debusimg-2386-318x500.jpeg\" class=\"attachment-gallery size-gallery\" alt=\"brasserie debusIMG_2386\" data-full-url=\"https:\/\/pokaa.fr\/wp-content\/uploads\/2026\/01\/08\/brasserie-debusimg-2386.jpeg\" decoding=\"async\" loading=\"lazy\"  \/>            <\/p>\n<p>                <img width=\"375\" height=\"500\" src=\"https:\/\/www.europesays.com\/fr\/wp-content\/uploads\/2026\/01\/brasserie-debusimg-0116-375x500.jpeg\" class=\"attachment-gallery size-gallery\" alt=\"brasserie debusIMG_0116\" data-full-url=\"https:\/\/pokaa.fr\/wp-content\/uploads\/2026\/01\/08\/brasserie-debusimg-0116.jpeg\" decoding=\"async\" loading=\"lazy\"  \/>            <\/p>\n<p>                <img width=\"667\" height=\"500\" src=\"https:\/\/www.europesays.com\/fr\/wp-content\/uploads\/2026\/01\/brasserie-debusimg-0134-667x500.jpeg\" class=\"attachment-gallery size-gallery\" alt=\"brasserie debusIMG_0134\" data-full-url=\"https:\/\/pokaa.fr\/wp-content\/uploads\/2026\/01\/08\/brasserie-debusimg-0134.jpeg\" decoding=\"async\" loading=\"lazy\"  \/>            <\/p>\n<p>                    \u00a9 Bastien Pietronave \/ Pokaa<\/p>\n<p>Les petits et gros +<\/p>\n<ul>\n<li><strong>Il y a eu un vrai travail d\u2019agencement et de d\u00e9co, et c\u2019est tr\u00e8s r\u00e9ussi.<\/strong><\/li>\n<li>Le lieu est privatisable, enti\u00e8rement et partiellement.<\/li>\n<li><strong>Les tartes flamb\u00e9es au feu de bois, c\u2019est un grand oui.<\/strong><\/li>\n<li><strong>Les plats sont g\u00e9n\u00e9reux, certains sont vraiment tr\u00e8s r\u00e9ussis, et on aime la diversit\u00e9 des propositions.<\/strong><\/li>\n<li><strong>En \u00e9t\u00e9, le resto change de visage et se tourne vers l\u2019ext\u00e9rieur, on a d\u00e9j\u00e0 h\u00e2te d\u2019y retourner.<\/strong><\/li>\n<li>Le resto est ouvert tous les jours midi et soir, dimanche compris.<\/li>\n<\/ul>\n<p>            Brasserie Michel Debus<\/p>\n<p>            Quoi ?<br \/>\n            Brasserie \/ restaurant \/ biergarten         <\/p>\n<p>            o\u00f9 ?<br \/>\n            85 route de Bischwiller, \u00e0 Schiltigheim        <\/p>\n<p>                Plus d&rsquo;infos ?<\/p>\n<p style=\"text-align: left;\"><strong><a href=\"https:\/\/www.google.com\/url?sa=t&amp;source=web&amp;rct=j&amp;opi=89978449&amp;url=https:\/\/www.brasserie-michel-debus.com\/&amp;ved=2ahUKEwjt_fvs__uRAxVuUaQEHXbpF9QQFnoECEoQAQ&amp;usg=AOvVaw0Om9UdgHTWTjLpjEtSDe3-\" target=\"_blank\" rel=\"noopener\">Le site web de la brasserie<\/a><\/strong><\/p>\n<p style=\"text-align: left;\"><strong><a href=\"https:\/\/www.google.com\/url?sa=t&amp;source=web&amp;rct=j&amp;opi=89978449&amp;url=https:\/\/www.instagram.com\/brasseriemicheldebus\/&amp;ved=2ahUKEwjt_fvs__uRAxVuUaQEHXbpF9QQFnoECFgQAQ&amp;usg=AOvVaw3ZPUyXdacwGJWySKua4uLM\" target=\"_blank\" rel=\"noopener\">La page Instagram<\/a><\/strong><\/p>\n<p style=\"text-align: left;\"><strong>T\u00e9l : 03 88 62 13 56\u00a0<\/strong><\/p>\n<p>                <img width=\"375\" height=\"500\" src=\"https:\/\/www.europesays.com\/fr\/wp-content\/uploads\/2026\/01\/brasserie-debusimg-0029-2-375x500.jpeg\" class=\"attachment-gallery size-gallery\" alt=\"brasserie debusIMG_0029 2\" data-full-url=\"https:\/\/pokaa.fr\/wp-content\/uploads\/2026\/01\/08\/brasserie-debusimg-0029-2.jpeg\" decoding=\"async\" loading=\"lazy\"  \/>            <\/p>\n<p>                <img width=\"375\" height=\"500\" src=\"https:\/\/www.europesays.com\/fr\/wp-content\/uploads\/2026\/01\/brasserie-debusimg-0111-375x500.jpeg\" class=\"attachment-gallery size-gallery\" alt=\"brasserie debusIMG_0111\" data-full-url=\"https:\/\/pokaa.fr\/wp-content\/uploads\/2026\/01\/08\/brasserie-debusimg-0111.jpeg\" decoding=\"async\" loading=\"lazy\"  \/>            <\/p>\n<p>                <img width=\"667\" height=\"500\" src=\"https:\/\/www.europesays.com\/fr\/wp-content\/uploads\/2026\/01\/brasserie-debusimg-0014-667x500.jpeg\" class=\"attachment-gallery size-gallery\" alt=\"brasserie debusIMG_0014\" data-full-url=\"https:\/\/pokaa.fr\/wp-content\/uploads\/2026\/01\/08\/brasserie-debusimg-0014.jpeg\" decoding=\"async\" loading=\"lazy\"  \/>            <\/p>\n<p>                    \u00a9 Bastien Pietronave \/ Pokaa<\/p>\n<p><script async src=\"\/\/www.instagram.com\/embed.js\"><\/script><\/p>\n","protected":false},"excerpt":{"rendered":"Envie d\u2019un peu de chaleur au milieu de l\u2019hiver ? On part ensemble \u00e0 Schiltigheim, \u00e0 quelques coups&hellip;\n","protected":false},"author":2,"featured_media":656926,"comment_status":"","ping_status":"","sticky":false,"template":"","format":"standard","meta":{"footnotes":""},"categories":[2820],"tags":[1111,11,7400,4305,75935,1777,674,1011,27,775,12,70670,65895,25,5512,640],"class_list":{"0":"post-656925","1":"post","2":"type-post","3":"status-publish","4":"format-standard","5":"has-post-thumbnail","7":"category-strasbourg","8":"tag-actu","9":"tag-actualites","10":"tag-bonnes-adresses","11":"tag-brasserie","12":"tag-debus","13":"tag-eu","14":"tag-europe","15":"tag-fr","16":"tag-france","17":"tag-grand-est","18":"tag-news","19":"tag-ou-boire","20":"tag-ou-manger","21":"tag-republique-francaise","22":"tag-schiltigheim","23":"tag-strasbourg"},"share_on_mastodon":{"url":"https:\/\/pubeurope.com\/@fr\/115878527562825292","error":""},"_links":{"self":[{"href":"https:\/\/www.europesays.com\/fr\/wp-json\/wp\/v2\/posts\/656925","targetHints":{"allow":["GET"]}}],"collection":[{"href":"https:\/\/www.europesays.com\/fr\/wp-json\/wp\/v2\/posts"}],"about":[{"href":"https:\/\/www.europesays.com\/fr\/wp-json\/wp\/v2\/types\/post"}],"author":[{"embeddable":true,"href":"https:\/\/www.europesays.com\/fr\/wp-json\/wp\/v2\/users\/2"}],"replies":[{"embeddable":true,"href":"https:\/\/www.europesays.com\/fr\/wp-json\/wp\/v2\/comments?post=656925"}],"version-history":[{"count":0,"href":"https:\/\/www.europesays.com\/fr\/wp-json\/wp\/v2\/posts\/656925\/revisions"}],"wp:featuredmedia":[{"embeddable":true,"href":"https:\/\/www.europesays.com\/fr\/wp-json\/wp\/v2\/media\/656926"}],"wp:attachment":[{"href":"https:\/\/www.europesays.com\/fr\/wp-json\/wp\/v2\/media?parent=656925"}],"wp:term":[{"taxonomy":"category","embeddable":true,"href":"https:\/\/www.europesays.com\/fr\/wp-json\/wp\/v2\/categories?post=656925"},{"taxonomy":"post_tag","embeddable":true,"href":"https:\/\/www.europesays.com\/fr\/wp-json\/wp\/v2\/tags?post=656925"}],"curies":[{"name":"wp","href":"https:\/\/api.w.org\/{rel}","templated":true}]}}