{"id":656939,"date":"2026-01-11T21:19:09","date_gmt":"2026-01-11T21:19:09","guid":{"rendered":"https:\/\/www.europesays.com\/fr\/656939\/"},"modified":"2026-01-11T21:19:09","modified_gmt":"2026-01-11T21:19:09","slug":"arme-dun-couteau-il-vole-des-commercants-au-marche-des-carmes-mais-sa-fuite-tourne-court","status":"publish","type":"post","link":"https:\/\/www.europesays.com\/fr\/656939\/","title":{"rendered":"arm\u00e9 d&rsquo;un couteau, il vole des commer\u00e7ants au march\u00e9 des Carmes, mais sa fuite tourne court"},"content":{"rendered":"<p>                    Par<br \/>\n        <strong><br \/>\n            <a href=\"https:\/\/actu.fr\/auteur\/guillaume-laurens\" title=\"Consulter tous les articles de Guillaume Laurens\" target=\"_blank\" rel=\"noopener\">Guillaume Laurens<\/a><br \/>\n                    <\/strong><\/p>\n<p>        Publi\u00e9 le<\/p>\n<p>            11 janv. 2026 \u00e0 20h33        <\/p>\n<p>Petite agitation samedi 10\u00a0janvier 2026 \u00e0 la mi-journ\u00e9e, au <strong>march\u00e9 des Carmes<\/strong>, v\u00e9ritable institution du quartier \u00e9ponyme \u00e0 <a href=\"https:\/\/actu.fr\/toulouse\/\" target=\"_blank\" rel=\"noopener\"><strong>Toulouse<\/strong><\/a>. Deux vols ont \u00e9t\u00e9 signal\u00e9s sur <strong>des commer\u00e7ants<\/strong> du site, dont un avec <strong>arme blanche<\/strong>, avant que le malfaiteur ne s\u2019\u00e9vapore\u2026 Sans s\u2019imaginer qu\u2019il \u00e9tait suivi \u00e0 la trace par <strong>les cam\u00e9ras<\/strong> de la ville.<\/p>\n<p>Il brandit un couteau pour d\u00e9pouiller le commer\u00e7ant<\/p>\n<p class=\" wall-content\">Peu avant 13\u00a0heures, cet homme a <strong>brandi un couteau<\/strong> pour menacer un commer\u00e7ant du march\u00e9 couvert, afin de le d\u00e9pouiller. Quelques instants plus t\u00f4t, un <strong>premier vol<\/strong> avait \u00e9t\u00e9 commis au sein de ce m\u00eame site, o\u00f9 un autre commer\u00e7ant s\u2019est fait subtiliser son portefeuille dans sa loge.<\/p>\n<p>Il se fond dans la masse et se faufile dans le m\u00e9tro<\/p>\n<p class=\" wall-content\">Rapidement alert\u00e9e, la police a sollicit\u00e9 les <strong>op\u00e9rateurs de vid\u00e9oprotection<\/strong> de la ville, qui ont <strong>retrouv\u00e9 le suspect<\/strong> et l\u2019ont suivi\u2026 de cam\u00e9ra en cam\u00e9ra. Parti des Carmes, il s\u2019est enfui \u00e0 pied afin de se fondre dans la masse, avant de se faufiler dans une bouche de m\u00e9tro, o\u00f9 il a \u00e9t\u00e9 rep\u00e9r\u00e9 d\u2019abord station Capitole, puis station Bagatelle. C\u2019est l\u00e0 qu\u2019il a \u00e9t\u00e9 vu en train de monter dans un v\u00e9hicule o\u00f9 l\u2019attendaient <strong>deux individus<\/strong>, rue Henri Desbals.<\/p>\n<p>Intercept\u00e9s route de Seysses<\/p>\n<p class=\" wall-content\">Trois \u00e9quipages de police municipale ont intercept\u00e9 la voiture en question route de Seysses. Et les forces de l\u2019ordre ont \u00e9galement retrouv\u00e9 \u00e0 l\u2019int\u00e9rieur du v\u00e9hicule une importante somme d\u2019argent liquide. Le mis en cause, \u00e2g\u00e9 de <strong>32\u00a0ans,<\/strong> ainsi que ses deux comparses, ont \u00e9t\u00e9 plac\u00e9s en garde \u00e0 vue au commissariat central de Toulouse.<\/p>\n<p>Vid\u00e9os : en ce moment sur Actu<\/p>\n<p class=\" wall-content\">Adjoint au maire en charge de la s\u00e9curit\u00e9, <strong>\u00c9milion Esnault<\/strong> salue \u00ab\u2009l\u2019efficacit\u00e9 des agents municipaux\u2009\u00bb, mais aussi \u00ab\u2009la coordination avec la police nationale et Tiss\u00e9o, dont le renvoi d\u2019images vers le PC vid\u00e9o de la police municipale prouve \u00e0 nouveau son utilit\u00e9\u2009\u00bb.<\/p>\n<p class=\" wall-content\">\n<p>    <a href=\"https:\/\/www.google.com\/maps\/embed?pb=!1m18!1m12!1m3!1d5778.850536095681!2d1.4422532752722554!3d43.59768625602095!2m3!1f0!2f0!3f0!3m2!1i1024!2i768!4f13.1!3m3!1m2!1s0x12aebd9ba9b0c3f7%3A0x7eded57d163bc2e1!2sMarch%C3%A9%20couvert%20des%20Carmes!5e0!3m2!1sfr!2sfr!4v1768158828827!5m2!1sfr!2sfr\" title=\"Ouvrie le lien\" target=\"_blank\" rel=\"noopener\">Cliquez ici pour visualiser le contenu<\/a><\/p>\n<p class=\" wall-content\">Personnalisez votre actualit\u00e9 en ajoutant vos villes et m\u00e9dias en favori avec <a href=\"https:\/\/moncompte.actu.fr\" title=\"D\u00e9couvez Mon Actu\" rel=\"nofollow noopener\" data-trk=\"{&quot;cta&quot;:{&quot;action&quot;:&quot;https:\\\/\\\/moncompte.actu.fr&quot;,&quot;category&quot;:&quot;mon compte&quot;,&quot;from&quot;:&quot;article footer&quot;,&quot;name&quot;:&quot;Mon actu&quot;,&quot;type&quot;:&quot;cta&quot;}}\" target=\"_blank\">Mon Actu<\/a>.<\/p>\n","protected":false},"excerpt":{"rendered":"Par Guillaume Laurens Publi\u00e9 le 11 janv. 2026 \u00e0 20h33 Petite agitation samedi 10\u00a0janvier 2026 \u00e0 la mi-journ\u00e9e,&hellip;\n","protected":false},"author":2,"featured_media":656940,"comment_status":"","ping_status":"","sticky":false,"template":"","format":"standard","meta":{"footnotes":""},"categories":[2816],"tags":[1111,11,1777,674,1011,27,12,2680,25,104,2312],"class_list":{"0":"post-656939","1":"post","2":"type-post","3":"status-publish","4":"format-standard","5":"has-post-thumbnail","7":"category-toulouse","8":"tag-actu","9":"tag-actualites","10":"tag-eu","11":"tag-europe","12":"tag-fr","13":"tag-france","14":"tag-news","15":"tag-occitanie","16":"tag-republique-francaise","17":"tag-societe","18":"tag-toulouse"},"share_on_mastodon":{"url":"https:\/\/pubeurope.com\/@fr\/115878557379679614","error":""},"_links":{"self":[{"href":"https:\/\/www.europesays.com\/fr\/wp-json\/wp\/v2\/posts\/656939","targetHints":{"allow":["GET"]}}],"collection":[{"href":"https:\/\/www.europesays.com\/fr\/wp-json\/wp\/v2\/posts"}],"about":[{"href":"https:\/\/www.europesays.com\/fr\/wp-json\/wp\/v2\/types\/post"}],"author":[{"embeddable":true,"href":"https:\/\/www.europesays.com\/fr\/wp-json\/wp\/v2\/users\/2"}],"replies":[{"embeddable":true,"href":"https:\/\/www.europesays.com\/fr\/wp-json\/wp\/v2\/comments?post=656939"}],"version-history":[{"count":0,"href":"https:\/\/www.europesays.com\/fr\/wp-json\/wp\/v2\/posts\/656939\/revisions"}],"wp:featuredmedia":[{"embeddable":true,"href":"https:\/\/www.europesays.com\/fr\/wp-json\/wp\/v2\/media\/656940"}],"wp:attachment":[{"href":"https:\/\/www.europesays.com\/fr\/wp-json\/wp\/v2\/media?parent=656939"}],"wp:term":[{"taxonomy":"category","embeddable":true,"href":"https:\/\/www.europesays.com\/fr\/wp-json\/wp\/v2\/categories?post=656939"},{"taxonomy":"post_tag","embeddable":true,"href":"https:\/\/www.europesays.com\/fr\/wp-json\/wp\/v2\/tags?post=656939"}],"curies":[{"name":"wp","href":"https:\/\/api.w.org\/{rel}","templated":true}]}}