{"id":656947,"date":"2026-01-11T21:23:15","date_gmt":"2026-01-11T21:23:15","guid":{"rendered":"https:\/\/www.europesays.com\/fr\/656947\/"},"modified":"2026-01-11T21:23:15","modified_gmt":"2026-01-11T21:23:15","slug":"rendez-vous-en-prefecture-pour-plombieres","status":"publish","type":"post","link":"https:\/\/www.europesays.com\/fr\/656947\/","title":{"rendered":"Rendez-vous en pr\u00e9fecture pour Plombi\u00e8res"},"content":{"rendered":"\n<p>R\u00e9unis en association, copropri\u00e9taires et locataires de la r\u00e9sidence qui d\u00e9non\u00e7aient une situation glaciale apr\u00e8s une fuite dans le r\u00e9seau de chauffage ont \u00e9t\u00e9 re\u00e7us \u00e0 l\u2019h\u00f4tel de Ville. Derri\u00e8re la panne, une situation tendue avec l\u2019administrateur provisoire devra s\u2019\u00e9claircir en pr\u00e9fecture o\u00f9 une r\u00e9union doit \u00eatre programm\u00e9e la semaine prochaine.<\/p>\n<p>Mi-d\u00e9cembre, deux appartements inond\u00e9s r\u00e9v\u00e8lent une fuite dans le r\u00e9seau de chauffage collectif. Depuis le 22\u00a0d\u00e9cembre, tout a \u00e9t\u00e9 coup\u00e9. \u00ab\u00a0Voil\u00e0 un mois que \u00e7a dure et nous n\u2019avons aucune garantie de r\u00e9tablissement rapide. Pire, d\u00e9plorent les copropri\u00e9taires, l\u2019entretien se d\u00e9grade, les espaces verts sont \u00e0 l\u2019abandon, le passage pi\u00e9ton pour acc\u00e9der \u00e0 l\u2019\u00e9cole est verrouill\u00e9, et on subit une explosion des montants des appels de fonds, on n\u2019obtient ni les devis ni les factures des travaux, qui sont d\u00e9cid\u00e9s sans concertation.\u00a0\u00bb Dans le b\u00e2timent C2, deux dames accusent \u00e9galement le coup\u00a0: \u00ab\u00a0L\u2019ascenseur qui dessert les 12 \u00e9tages est en panne depuis deux mois.\u00a0\u00bb L\u2019administrateur provisoire de l\u2019agence Perier-Giraud, qui a repris il y a 5\u00a0ans la gestion de la r\u00e9sidence apr\u00e8s la d\u00e9faillance du syndic Citya, \u00e9tait autour de la table \u00e0 l\u2019h\u00f4tel de Ville. La r\u00e9union en pr\u00e9fecture, dont la date reste \u00e0 fixer, devra permettre de lever l\u2019opacit\u00e9 sur cette gestion et de restaurer la confiance des copropri\u00e9taires. Soud\u00e9s, ils pr\u00e9viennent : \u00ab\u00a0Si rien ne bouge, on bloque le boulevard de Plombi\u00e8res.\u00a0\u00bb<\/p>\n","protected":false},"excerpt":{"rendered":"R\u00e9unis en association, copropri\u00e9taires et locataires de la r\u00e9sidence qui d\u00e9non\u00e7aient une situation glaciale apr\u00e8s une fuite dans&hellip;\n","protected":false},"author":2,"featured_media":656948,"comment_status":"","ping_status":"","sticky":false,"template":"","format":"standard","meta":{"footnotes":""},"categories":[2814],"tags":[1111,11,1777,674,1011,27,2861,884,12,882,25],"class_list":{"0":"post-656947","1":"post","2":"type-post","3":"status-publish","4":"format-standard","5":"has-post-thumbnail","7":"category-marseille","8":"tag-actu","9":"tag-actualites","10":"tag-eu","11":"tag-europe","12":"tag-fr","13":"tag-france","14":"tag-gestion","15":"tag-marseille","16":"tag-news","17":"tag-provence-alpes-cote-dazur","18":"tag-republique-francaise"},"share_on_mastodon":{"url":"https:\/\/pubeurope.com\/@fr\/115878573144519575","error":""},"_links":{"self":[{"href":"https:\/\/www.europesays.com\/fr\/wp-json\/wp\/v2\/posts\/656947","targetHints":{"allow":["GET"]}}],"collection":[{"href":"https:\/\/www.europesays.com\/fr\/wp-json\/wp\/v2\/posts"}],"about":[{"href":"https:\/\/www.europesays.com\/fr\/wp-json\/wp\/v2\/types\/post"}],"author":[{"embeddable":true,"href":"https:\/\/www.europesays.com\/fr\/wp-json\/wp\/v2\/users\/2"}],"replies":[{"embeddable":true,"href":"https:\/\/www.europesays.com\/fr\/wp-json\/wp\/v2\/comments?post=656947"}],"version-history":[{"count":0,"href":"https:\/\/www.europesays.com\/fr\/wp-json\/wp\/v2\/posts\/656947\/revisions"}],"wp:featuredmedia":[{"embeddable":true,"href":"https:\/\/www.europesays.com\/fr\/wp-json\/wp\/v2\/media\/656948"}],"wp:attachment":[{"href":"https:\/\/www.europesays.com\/fr\/wp-json\/wp\/v2\/media?parent=656947"}],"wp:term":[{"taxonomy":"category","embeddable":true,"href":"https:\/\/www.europesays.com\/fr\/wp-json\/wp\/v2\/categories?post=656947"},{"taxonomy":"post_tag","embeddable":true,"href":"https:\/\/www.europesays.com\/fr\/wp-json\/wp\/v2\/tags?post=656947"}],"curies":[{"name":"wp","href":"https:\/\/api.w.org\/{rel}","templated":true}]}}