{"id":656949,"date":"2026-01-11T21:24:10","date_gmt":"2026-01-11T21:24:10","guid":{"rendered":"https:\/\/www.europesays.com\/fr\/656949\/"},"modified":"2026-01-11T21:24:10","modified_gmt":"2026-01-11T21:24:10","slug":"24h-de-complications-pour-des-passagers-dun-vol-air-corsica-bloque-a-marseille","status":"publish","type":"post","link":"https:\/\/www.europesays.com\/fr\/656949\/","title":{"rendered":"24h de complications pour des passagers d\u2019un vol Air Corsica bloqu\u00e9 \u00e0 Marseille"},"content":{"rendered":"<p><strong>Morgane Rocchi<\/strong>, son mari et sa fille \u00e2g\u00e9e de<strong> 5\u00a0ans<\/strong> avaient pr\u00e9vu de rentrer \u00e0 Bastia par le dernier vol au d\u00e9part de <a href=\"https:\/\/www.laprovence.com\/bouches-du-rhone\/marseille-13055\" target=\"_blank\" rel=\"noopener\">Marseille<\/a>. \u00c0 l\u2019a\u00e9roport, la m\u00e8re de famille apprend que l\u2019avion qui aurait d\u00fb effectuer le trajet n\u2019a pas pu d\u00e9coller de Corse. \u00ab\u00a0Des conditions d\u00e9givrantes \u00e0 Bastia n\u2019ont pas permis \u00e0 l\u2019A320 initialement programm\u00e9 pour la rotation Bastia \u2013 Marseille \u2013 Bastia de d\u00e9coller\u00a0\u00bb, <a href=\"https:\/\/www.corsematin.com\/article\/faits-diversjustice\/2987809242387815\/une-nuit-interminable-pour-les-passagers-dun-vol-air-corsica-bloques-a-marseille-a-cause-dun-avion-endommage\" target=\"_blank\" rel=\"noopener\">expliquent les services d\u2019Air Corsica \u00e0 nos confr\u00e8res<\/a>.<\/p>\n<p>\u00ab\u00a0On a attendu 2\u00a0heures enferm\u00e9s dans l\u2019avion\u00a0\u00bb<\/p>\n<p>Une solution est alors trouv\u00e9e\u00a0: le dernier vol en partance de Paris-Orly fait escale \u00e0 <a href=\"https:\/\/www.laprovence.com\/bouches-du-rhone\/marseille-13055\" target=\"_blank\" rel=\"noopener\">Marseille<\/a> pour r\u00e9cup\u00e9rer les passagers, dont Morgane et sa famille. \u00ab\u00a0Le commandant de bord nous a expliqu\u00e9 qu\u2019au lieu d\u2019atterrir \u00e0 Poretta \u00e0 22 h 40, nous y serions vers 23\u00a0heures\u00a0\u00bb, <a href=\"https:\/\/www.corsematin.com\/article\/faits-diversjustice\/2987809242387815\/une-nuit-interminable-pour-les-passagers-dun-vol-air-corsica-bloques-a-marseille-a-cause-dun-avion-endommage\" target=\"_blank\" rel=\"noopener\">raconte \u00e0 Corse Matin Charles<\/a>, un occupant du vol d\u2019Orly.<\/p>\n<p>L\u2019embarquement des nouveaux passagers d\u00e9bute<strong> vers 22 h<\/strong>, mais les complications arrivent. \u00ab\u00a0On a attendu 2\u00a0heures enferm\u00e9s dans l\u2019avion avant que l\u2019on nous explique ce qu\u2019il s\u2019\u00e9tait pass\u00e9\u00a0\u00bb, affirme Morgane. Les voyageurs apprennent <strong>vers 0 h 30<\/strong> que leur vol ne d\u00e9collera finalement pas.<\/p>\n<p>\u00ab\u00a0Un engin de chargement a heurt\u00e9 la structure de la porte cargo de l\u2019appareil\u00a0\u00bb<\/p>\n<p>La raison\u00a0? Un \u00ab\u00a0probl\u00e8me technique\u00a0\u00bb li\u00e9 \u00e0 <strong>un choc subit sur le fuselage<\/strong> de l\u2019appareil. \u00ab\u00a0Un engin de chargement a heurt\u00e9 la structure de la porte cargo de l\u2019appareil immobilisant l\u2019avion \u00e0 Marseille pour la nuit\u00a0\u00bb, <a href=\"https:\/\/www.corsematin.com\/article\/faits-diversjustice\/2987809242387815\/une-nuit-interminable-pour-les-passagers-dun-vol-air-corsica-bloques-a-marseille-a-cause-dun-avion-endommage\" target=\"_blank\" rel=\"noopener\">d\u00e9taille Air Corsica \u00e0 nos confr\u00e8res<\/a>.<\/p>\n<p>Environ <strong>150 passagers<\/strong> sont d\u00e9barqu\u00e9s. \u00ab\u00a0On ne comprenait pas grande chose, tout le monde essayait d\u2019avoir des informations, t\u00e9moigne Morgane. Et pendant ce temps, on attendait. [\u2026] Il y avait des personnes qui sortaient de dialyse, d\u2019autres qui venaient de se faire op\u00e9rer\u2026\u00a0\u00bb Elle obtient une chambre d\u2019h\u00f4tel\u00a0: \u00ab\u00a0Nous y sommes entr\u00e9s \u00e0 3\u00a0heures du matin. \u00c0 7 h 30 il fallait qu\u2019on soit de retour \u00e0 l\u2019a\u00e9roport\u00a0\u00bb.<\/p>\n<p>\u00ab\u00a0Contraints de passer la nuit \u00e0 l\u2019a\u00e9roport\u00a0\u00bb<\/p>\n<p>De retour \u00e0 l\u2019a\u00e9roport dans la matin\u00e9e du <strong>mercredi 7\u00a0janvier<\/strong>, Morgane et sa famille apprennent qu\u2019ils ne pourront pas embarquer avec le premier vol. \u00ab\u00a0Nous avons \u00e9t\u00e9 install\u00e9s dans la salle de repos Aria Serena pour patienter, relate Morgane. C\u2019est l\u00e0 que nous avons appris que certains passagers n\u2019avaient pas \u00e9t\u00e9 relog\u00e9s, et avaient \u00e9t\u00e9 contraints de passer la nuit \u00e0 l\u2019a\u00e9roport.\u00a0\u00bb Une information ni confirm\u00e9e, ni infirm\u00e9e par la compagnie a\u00e9rienne, <a href=\"https:\/\/www.corsematin.com\/article\/faits-diversjustice\/2987809242387815\/une-nuit-interminable-pour-les-passagers-dun-vol-air-corsica-bloques-a-marseille-a-cause-dun-avion-endommage\" target=\"_blank\" rel=\"noopener\">pr\u00e9cise Corse Matin<\/a>.<\/p>\n<p>Tout se conclut dans la soir\u00e9e o\u00f9 la famille ainsi que l\u2019ensemble des passagers concern\u00e9s <strong>atterrissent<\/strong> (enfin) \u00e0 l\u2019a\u00e9roport Bastia-Poretta. \u00ab\u00a0C\u2019\u00e9tait interminable\u00a0\u00bb, termine Morgane.<\/p>\n","protected":false},"excerpt":{"rendered":"Morgane Rocchi, son mari et sa fille \u00e2g\u00e9e de 5\u00a0ans avaient pr\u00e9vu de rentrer \u00e0 Bastia par le&hellip;\n","protected":false},"author":2,"featured_media":656950,"comment_status":"","ping_status":"","sticky":false,"template":"","format":"standard","meta":{"footnotes":""},"categories":[2814],"tags":[5734,25154,1111,11,40186,75937,154,1777,674,274,1011,27,75936,884,12,13642,471,882,25],"class_list":{"0":"post-656949","1":"post","2":"type-post","3":"status-publish","4":"format-standard","5":"has-post-thumbnail","7":"category-marseille","8":"tag-5734","9":"tag-24h","10":"tag-actu","11":"tag-actualites","12":"tag-cetait","13":"tag-complications","14":"tag-des","15":"tag-eu","16":"tag-europe","17":"tag-faits-divers-justice","18":"tag-fr","19":"tag-france","20":"tag-interminable","21":"tag-marseille","22":"tag-news","23":"tag-passagers","24":"tag-pour","25":"tag-provence-alpes-cote-dazur","26":"tag-republique-francaise"},"share_on_mastodon":{"url":"https:\/\/pubeurope.com\/@fr\/115878577007749035","error":""},"_links":{"self":[{"href":"https:\/\/www.europesays.com\/fr\/wp-json\/wp\/v2\/posts\/656949","targetHints":{"allow":["GET"]}}],"collection":[{"href":"https:\/\/www.europesays.com\/fr\/wp-json\/wp\/v2\/posts"}],"about":[{"href":"https:\/\/www.europesays.com\/fr\/wp-json\/wp\/v2\/types\/post"}],"author":[{"embeddable":true,"href":"https:\/\/www.europesays.com\/fr\/wp-json\/wp\/v2\/users\/2"}],"replies":[{"embeddable":true,"href":"https:\/\/www.europesays.com\/fr\/wp-json\/wp\/v2\/comments?post=656949"}],"version-history":[{"count":0,"href":"https:\/\/www.europesays.com\/fr\/wp-json\/wp\/v2\/posts\/656949\/revisions"}],"wp:featuredmedia":[{"embeddable":true,"href":"https:\/\/www.europesays.com\/fr\/wp-json\/wp\/v2\/media\/656950"}],"wp:attachment":[{"href":"https:\/\/www.europesays.com\/fr\/wp-json\/wp\/v2\/media?parent=656949"}],"wp:term":[{"taxonomy":"category","embeddable":true,"href":"https:\/\/www.europesays.com\/fr\/wp-json\/wp\/v2\/categories?post=656949"},{"taxonomy":"post_tag","embeddable":true,"href":"https:\/\/www.europesays.com\/fr\/wp-json\/wp\/v2\/tags?post=656949"}],"curies":[{"name":"wp","href":"https:\/\/api.w.org\/{rel}","templated":true}]}}