{"id":656957,"date":"2026-01-11T21:30:12","date_gmt":"2026-01-11T21:30:12","guid":{"rendered":"https:\/\/www.europesays.com\/fr\/656957\/"},"modified":"2026-01-11T21:30:12","modified_gmt":"2026-01-11T21:30:12","slug":"de-plus-en-plus-de-francais-en-accord-avec-les-idees-du-rn-selon-un-nouveau-sondage","status":"publish","type":"post","link":"https:\/\/www.europesays.com\/fr\/656957\/","title":{"rendered":"De plus en plus de Fran\u00e7ais en accord avec les id\u00e9es du RN, selon un nouveau sondage"},"content":{"rendered":"<p class=\"paragraph text_align_left lp-f-body-02\">Les id\u00e9es du <a href=\"https:\/\/www.leparisien.fr\/politique\/rn\/\" target=\"_self\" rel=\"noopener\">Rassemblement national (RN)<\/a> progressent dans l\u2019opinion. Un nombre toujours plus important de Fran\u00e7ais affirme \u00eatre en accord avec elles, selon un sondage de l\u2019institut Verian pour <a href=\"https:\/\/www.lemonde.fr\/politique\/article\/2026\/01\/11\/marine-le-pen-subit-une-erosion-de-son-image-les-electeurs-du-rn-lui-preferent-jordan-bardella_6661359_823448.html\" target=\"_self\" rel=\"noopener\">Le Monde<\/a> et la revue <a href=\"https:\/\/lhemicycle.com\/\" target=\"_self\" rel=\"noopener\">L\u2019H\u00e9micycle<\/a>, paru ce dimanche.<\/p>\n<p class=\"\">D\u2019apr\u00e8s cette \u00e9tude d\u2019opinion, environ 42 % de Fran\u00e7ais sont d\u2019accord avec les id\u00e9es du <a href=\"https:\/\/www.leparisien.fr\/elections\/presidentielle\/une-certaine-defiance-demeure-le-patronat-dernier-plafond-de-verre-du-rn-avant-la-presidentielle-30-12-2025-KPNCCS34S5FHLITYULHZ5JKE5Q.php\" target=\"_self\" rel=\"noopener\">parti d\u2019extr\u00eame droite<\/a>, soit trois points de plus que l\u2019an dernier, en progression de 13 points depuis 2022. \u00c0 l\u2019inverse, 44 % sont en d\u00e9saccord avec ses id\u00e9es (- 6 points).<\/p>\n<p class=\"\">Ils sont 41 % \u00e0 consid\u00e9rer que cette formation politique \u00ab repr\u00e9sente un danger \u00bb (+ 3 points sur un an). Et 44 % consid\u00e8rent qu\u2019elle ne repr\u00e9sente pas un danger (- 7).<\/p>\n<p class=\"title-embed-dailymotion lp-color-text lp-f-subtitle-04\">Vid\u00e9oJordan Bardella enfarin\u00e9 \u00e0 la foire agricole de Vesoul<\/p>\n<p>Un parti x\u00e9nophobe pour 44 % des sond\u00e9s<\/p>\n<p class=\"\">Environ 44 % des personnes interrog\u00e9es consid\u00e8rent que <a href=\"https:\/\/www.leparisien.fr\/elections\/europeennes\/europeennes-le-rn-retire-de-sa-liste-un-candidat-mahorais-qui-avait-tenu-des-propos-xenophobes-et-misogynes-24-04-2024-HL3WL5RNWVG77HPSYDGEMVQM3A.php\" target=\"_self\" rel=\"noopener\">le RN est x\u00e9nophobe<\/a>, et 40 % qu\u2019il ne l\u2019est pas. Chez <a href=\"https:\/\/www.leparisien.fr\/politique\/il-y-a-urgence-gabriel-attal-appelle-lr-a-clarifier-sa-position-sur-une-possible-union-des-droites-08-12-2025-L7NWEIKLQRBL7J77WYJZIRQA2Q.php\" target=\"_self\" rel=\"noopener\">Les R\u00e9publicains<\/a>, seuls 30 % de sympathisants trouvent le RN x\u00e9nophobe et 59 % qu\u2019il ne l\u2019est pas, 11 % sont sans opinion. Quelque 38 % consid\u00e8rent que <a href=\"https:\/\/www.leparisien.fr\/politique\/pour-attal-cest-une-erreur-de-considerer-que-lantisemitisme-appartient-au-passe-du-rn-30-03-2025-TJPYPMCMZ5FPPA5MTJGNYDB7TI.php\" target=\"_self\" rel=\"noopener\">le RN est un parti antis\u00e9mite<\/a>, 47 % qui consid\u00e8rent qu\u2019il ne l\u2019est pas, 15 % sont sans opinion.<\/p>\n<p class=\"\">Environ 44 % des sond\u00e9s estiment que ce parti a \u00ab la capacit\u00e9 \u00e0 participer \u00e0 un gouvernement \u00bb (+ 3 points), tandis que 37 % estiment qu\u2019il \u00ab a vocation \u00e0 rassembler les votes d\u2019opposition \u00bb (- 6 points).<\/p>\n<p class=\"\">Quelque 69 % des Fran\u00e7ais consid\u00e8rent que le RN peut acc\u00e9der au pouvoir (+ 1 point), en progression continue depuis 2019. 16 % (- 5 points) pensent le contraire, 14 % sont sans opinion (+ 3 points).<\/p>\n<p>Jordan Bardella favori de la prochaine pr\u00e9sidentielle ?<\/p>\n<p class=\"\">Les sond\u00e9s consid\u00e8rent \u00e0 70 % que le leader de la France insoumise, <a href=\"https:\/\/www.leparisien.fr\/elections\/presidentielle\/une-phase-delargissement-va-souvrir-en-cameleon-melenchon-amorce-sa-transformation-avant-la-presidentielle-25-12-2025-XCHTHQDQLFCAFERPUAD34ZGJRE.php\" target=\"_self\" rel=\"noopener\">Jean-Luc M\u00e9lenchon<\/a>, repr\u00e9sente \u00ab plut\u00f4t \u00bb ou \u00ab tout \u00e0 fait \u00bb aujourd\u2019hui un danger pour la d\u00e9mocratie en France (+ 23 points), devant \u00c9ric Zemmour (65 %, + 6 points) et Emmanuel Macron (56 %, + 12 %). Suivent Marine Le Pen (49 %, + 2) et Jordan Bardella (47 %, + 2).<\/p>\n<p class=\"\">Le pr\u00e9sident du RN \u00ab a le plus de chances de remporter l\u2019\u00e9lection pr\u00e9sidentielle \u00bb pour 49 % des Fran\u00e7ais, contre 18 % pour Marine Le Pen, 33 % sont sans opinion.<\/p>\n<p class=\"\">Marine Le Pen, qui joue sa candidature \u00e0 la pr\u00e9sidentielle dans <a href=\"https:\/\/www.leparisien.fr\/politique\/proces-des-assistants-parlementaires-marine-le-pen-a-lheure-dun-appel-decisif-11-01-2026-HNTVB2FAE5FNVBS7GQ3NKTUKFY.php\" target=\"_self\" rel=\"noopener\">un proc\u00e8s en appel s\u2019ouvrant mardi<\/a>, \u00ab est trait\u00e9e comme n\u2019importe quel justiciable \u00bb pour 50 % des Fran\u00e7ais. \u00ab Elle est trait\u00e9e plus s\u00e9v\u00e8rement pour des raisons politiques \u00bb, pour 36 %, 14 % sont sans opinion.<\/p>\n<p class=\"\">Enqu\u00eate r\u00e9alis\u00e9e en ligne du 1er au 5 janvier aupr\u00e8s de 1 511 personnes repr\u00e9sentatives de l\u2019ensemble de la population \u00e2g\u00e9e de 18 ans et plus, selon la m\u00e9thode des quotas (sexe, \u00e2ge, profession de la personne de r\u00e9f\u00e9rence) et stratification par r\u00e9gion et cat\u00e9gorie d\u2019agglom\u00e9ration.<\/p>\n","protected":false},"excerpt":{"rendered":"Les id\u00e9es du Rassemblement national (RN) progressent dans l\u2019opinion. Un nombre toujours plus important de Fran\u00e7ais affirme \u00eatre&hellip;\n","protected":false},"author":2,"featured_media":656958,"comment_status":"","ping_status":"","sticky":false,"template":"","format":"standard","meta":{"footnotes":""},"categories":[1888],"tags":[1111,1928,11,1927,1777,674,1011,27,12,1926,626,1925,316,25],"class_list":{"0":"post-656957","1":"post","2":"type-post","3":"status-publish","4":"format-standard","5":"has-post-thumbnail","7":"category-paris","8":"tag-actu","9":"tag-actu-paris","10":"tag-actualites","11":"tag-actualites-paris","12":"tag-eu","13":"tag-europe","14":"tag-fr","15":"tag-france","16":"tag-news","17":"tag-news-paris","18":"tag-paris","19":"tag-paris-news","20":"tag-politique","21":"tag-republique-francaise"},"share_on_mastodon":{"url":"https:\/\/pubeurope.com\/@fr\/115878600598010340","error":""},"_links":{"self":[{"href":"https:\/\/www.europesays.com\/fr\/wp-json\/wp\/v2\/posts\/656957","targetHints":{"allow":["GET"]}}],"collection":[{"href":"https:\/\/www.europesays.com\/fr\/wp-json\/wp\/v2\/posts"}],"about":[{"href":"https:\/\/www.europesays.com\/fr\/wp-json\/wp\/v2\/types\/post"}],"author":[{"embeddable":true,"href":"https:\/\/www.europesays.com\/fr\/wp-json\/wp\/v2\/users\/2"}],"replies":[{"embeddable":true,"href":"https:\/\/www.europesays.com\/fr\/wp-json\/wp\/v2\/comments?post=656957"}],"version-history":[{"count":0,"href":"https:\/\/www.europesays.com\/fr\/wp-json\/wp\/v2\/posts\/656957\/revisions"}],"wp:featuredmedia":[{"embeddable":true,"href":"https:\/\/www.europesays.com\/fr\/wp-json\/wp\/v2\/media\/656958"}],"wp:attachment":[{"href":"https:\/\/www.europesays.com\/fr\/wp-json\/wp\/v2\/media?parent=656957"}],"wp:term":[{"taxonomy":"category","embeddable":true,"href":"https:\/\/www.europesays.com\/fr\/wp-json\/wp\/v2\/categories?post=656957"},{"taxonomy":"post_tag","embeddable":true,"href":"https:\/\/www.europesays.com\/fr\/wp-json\/wp\/v2\/tags?post=656957"}],"curies":[{"name":"wp","href":"https:\/\/api.w.org\/{rel}","templated":true}]}}