{"id":656959,"date":"2026-01-11T21:31:12","date_gmt":"2026-01-11T21:31:12","guid":{"rendered":"https:\/\/www.europesays.com\/fr\/656959\/"},"modified":"2026-01-11T21:31:12","modified_gmt":"2026-01-11T21:31:12","slug":"paris-fc-sur-quelle-chaine-tv-et-a-quelle-heure-suivre-le-match-de-la-coupe-de-france","status":"publish","type":"post","link":"https:\/\/www.europesays.com\/fr\/656959\/","title":{"rendered":"Paris FC\u00a0: sur quelle cha\u00eene TV et \u00e0 quelle heure suivre le match de la Coupe de France\u00a0?"},"content":{"rendered":"<p>C\u2019est un deuxi\u00e8me derby parisien en l\u2019espace d\u2019une semaine qui attend les supporters. Le Paris Saint-Germain affronte le Paris FC en 16e de finale de la Coupe de France, ce lundi soir. Les champions d\u2019Europe sont sur une belle dynamique <a href=\"https:\/\/www.sudouest.fr\/sport\/football\/paris-saint-germain\/football-le-psg-s-offre-le-trophee-des-champions-contre-l-om-aux-tirs-au-but-27339858.php\" target=\"_blank\" rel=\"noopener\">apr\u00e8s leur victoire au troph\u00e9e des Champions face \u00e0 l\u2019Olympique de Marseille.<\/a> Le coup d\u2019envoi sera donn\u00e9 \u00e0 21\u00a0h\u00a010 au Parc des Princes.<\/p>\n<p>    Sur le m\u00eame sujet<\/p>\n<p>                        <a href=\"https:\/\/www.sudouest.fr\/sport\/football\/coupe-de-france-monaco-lorient-strasbourg-les-clubs-de-ligue-1-ont-su-eviter-les-pieges-27368641.php\" title=\"Coupe de France\u00a0: Monaco, Lorient, Strasbourg\u2026 Les clubs de Ligue 1 ont su \u00e9viter les pi\u00e8ges\" target=\"_blank\" rel=\"noopener\"><br \/>\n                            <img decoding=\"async\" src=\"https:\/\/www.europesays.com\/fr\/wp-content\/uploads\/2026\/01\/1768167072_493_20260110193108-24357712.jpg\" alt=\"Coupe de France\u00a0: Monaco, Lorient, Strasbourg\u2026 Les clubs de Ligue 1 ont su \u00e9viter les pi\u00e8ges\"\/><br \/>\n                        <\/a><\/p>\n<p>Sur quelle cha\u00eene\u00a0?<\/p>\n","protected":false},"excerpt":{"rendered":"C\u2019est un deuxi\u00e8me derby parisien en l\u2019espace d\u2019une semaine qui attend les supporters. Le Paris Saint-Germain affronte le&hellip;\n","protected":false},"author":2,"featured_media":656960,"comment_status":"","ping_status":"","sticky":false,"template":"","format":"standard","meta":{"footnotes":""},"categories":[1888],"tags":[1111,1928,11,1927,1777,674,1011,27,12,1926,626,1925,25],"class_list":{"0":"post-656959","1":"post","2":"type-post","3":"status-publish","4":"format-standard","5":"has-post-thumbnail","7":"category-paris","8":"tag-actu","9":"tag-actu-paris","10":"tag-actualites","11":"tag-actualites-paris","12":"tag-eu","13":"tag-europe","14":"tag-fr","15":"tag-france","16":"tag-news","17":"tag-news-paris","18":"tag-paris","19":"tag-paris-news","20":"tag-republique-francaise"},"share_on_mastodon":{"url":"https:\/\/pubeurope.com\/@fr\/115878604613696926","error":""},"_links":{"self":[{"href":"https:\/\/www.europesays.com\/fr\/wp-json\/wp\/v2\/posts\/656959","targetHints":{"allow":["GET"]}}],"collection":[{"href":"https:\/\/www.europesays.com\/fr\/wp-json\/wp\/v2\/posts"}],"about":[{"href":"https:\/\/www.europesays.com\/fr\/wp-json\/wp\/v2\/types\/post"}],"author":[{"embeddable":true,"href":"https:\/\/www.europesays.com\/fr\/wp-json\/wp\/v2\/users\/2"}],"replies":[{"embeddable":true,"href":"https:\/\/www.europesays.com\/fr\/wp-json\/wp\/v2\/comments?post=656959"}],"version-history":[{"count":0,"href":"https:\/\/www.europesays.com\/fr\/wp-json\/wp\/v2\/posts\/656959\/revisions"}],"wp:featuredmedia":[{"embeddable":true,"href":"https:\/\/www.europesays.com\/fr\/wp-json\/wp\/v2\/media\/656960"}],"wp:attachment":[{"href":"https:\/\/www.europesays.com\/fr\/wp-json\/wp\/v2\/media?parent=656959"}],"wp:term":[{"taxonomy":"category","embeddable":true,"href":"https:\/\/www.europesays.com\/fr\/wp-json\/wp\/v2\/categories?post=656959"},{"taxonomy":"post_tag","embeddable":true,"href":"https:\/\/www.europesays.com\/fr\/wp-json\/wp\/v2\/tags?post=656959"}],"curies":[{"name":"wp","href":"https:\/\/api.w.org\/{rel}","templated":true}]}}