{"id":656971,"date":"2026-01-11T21:37:10","date_gmt":"2026-01-11T21:37:10","guid":{"rendered":"https:\/\/www.europesays.com\/fr\/656971\/"},"modified":"2026-01-11T21:37:10","modified_gmt":"2026-01-11T21:37:10","slug":"le-partenariat-bilateral-en-consolidation-continue","status":"publish","type":"post","link":"https:\/\/www.europesays.com\/fr\/656971\/","title":{"rendered":"Le partenariat bilat\u00e9ral en consolidation continue"},"content":{"rendered":"<p class=\"text-node\" data-pm-slice=\"1 1 []\">L\u2019accord d\u2019association Maroc\/Royaume-Uni, entr\u00e9 en vigueur en 2021, constitue le fondement de la coop\u00e9ration politique, \u00e9conomique et sociale entre les deux pays et facilite les \u00e9changes commerciaux bilat\u00e9raux, a indiqu\u00e9 Chris Bryant, ministre britannique du Commerce. <\/p>\n<p class=\"text-node\">M. Bryant, qui intervenait devant la chambre des Communes (chambre basse du parlement britannique), a rappel\u00e9 la tenue, en novembre dernier \u00e0 Londres, de la troisi\u00e8me r\u00e9union du Conseil d\u2019association. Il a soulign\u00e9 que cette r\u00e9union a r\u00e9affirm\u00e9 les engagements de Londres et Rabat en faveur de l\u2019approfondissement de leurs relations commerciales, l\u2019investissement et la coop\u00e9ration dans les domaines de l\u2019\u00e9ducation, des \u00e9nergies renouvelables et de la s\u00e9curit\u00e9. <\/p>\n<p class=\"text-node\">Ces engagements s\u2019inscrivent en droite ligne du changement fondamental que les relations entre les deux pays ont connu suite \u00e0 la session du dialogue strat\u00e9gique bilat\u00e9ral, tenue en juin 2025 \u00e0 Rabat, a soulign\u00e9 M. Bryant. <\/p>\n<p class=\"text-node\">Et d\u2019ajouter que depuis l\u2019entr\u00e9e en vigueur de l\u2019accord d\u2019association, les \u00e9changes commerciaux bilat\u00e9raux ont enregistr\u00e9 une augmentation de 18,8% sur les douze mois se terminant fin juin 2025. Le responsable a, d\u2019autre part, fait savoir que les discussions se poursuivent entre les deux pays pour la conclusion d\u2019un nouvel accord agricole, qui sera avantageux pour le Royaume-Uni et le Maroc. <\/p>\n","protected":false},"excerpt":{"rendered":"L\u2019accord d\u2019association Maroc\/Royaume-Uni, entr\u00e9 en vigueur en 2021, constitue le fondement de la coop\u00e9ration politique, \u00e9conomique et sociale&hellip;\n","protected":false},"author":2,"featured_media":656972,"comment_status":"","ping_status":"","sticky":false,"template":"","format":"standard","meta":{"footnotes":""},"categories":[1588],"tags":[11,5024,5025,5026,258,5028,1659,5029,5027,251,33,2518,1283,1777,674,1757,1393,985,12,316,473,1853,104,517,5030,1851,1850,1852],"class_list":{"0":"post-656971","1":"post","2":"type-post","3":"status-publish","4":"format-standard","5":"has-post-thumbnail","7":"category-royaume-uni","8":"tag-actualites","9":"tag-actualites-et-infos-au-maroc","10":"tag-actualites-et-infos-mondiale","11":"tag-actualites-marocaines-du-jour","12":"tag-alimentation","13":"tag-analyses","14":"tag-art-de-vivre","15":"tag-chronique","16":"tag-consommation-et-bien-etre","17":"tag-culture","18":"tag-economie","19":"tag-edito","20":"tag-etudes","21":"tag-eu","22":"tag-europe","23":"tag-insolite","24":"tag-loisirs","25":"tag-mode","26":"tag-news","27":"tag-politique","28":"tag-royaume-uni","29":"tag-royaume-uni-de-grande-bretagne-et-dirlande-du-nord","30":"tag-societe","31":"tag-sport","32":"tag-tribune","33":"tag-uk","34":"tag-united-kingdom","35":"tag-united-kingdom-of-great-britain-and-northern-ireland"},"share_on_mastodon":{"url":"https:\/\/pubeurope.com\/@fr\/115878628223596203","error":""},"_links":{"self":[{"href":"https:\/\/www.europesays.com\/fr\/wp-json\/wp\/v2\/posts\/656971","targetHints":{"allow":["GET"]}}],"collection":[{"href":"https:\/\/www.europesays.com\/fr\/wp-json\/wp\/v2\/posts"}],"about":[{"href":"https:\/\/www.europesays.com\/fr\/wp-json\/wp\/v2\/types\/post"}],"author":[{"embeddable":true,"href":"https:\/\/www.europesays.com\/fr\/wp-json\/wp\/v2\/users\/2"}],"replies":[{"embeddable":true,"href":"https:\/\/www.europesays.com\/fr\/wp-json\/wp\/v2\/comments?post=656971"}],"version-history":[{"count":0,"href":"https:\/\/www.europesays.com\/fr\/wp-json\/wp\/v2\/posts\/656971\/revisions"}],"wp:featuredmedia":[{"embeddable":true,"href":"https:\/\/www.europesays.com\/fr\/wp-json\/wp\/v2\/media\/656972"}],"wp:attachment":[{"href":"https:\/\/www.europesays.com\/fr\/wp-json\/wp\/v2\/media?parent=656971"}],"wp:term":[{"taxonomy":"category","embeddable":true,"href":"https:\/\/www.europesays.com\/fr\/wp-json\/wp\/v2\/categories?post=656971"},{"taxonomy":"post_tag","embeddable":true,"href":"https:\/\/www.europesays.com\/fr\/wp-json\/wp\/v2\/tags?post=656971"}],"curies":[{"name":"wp","href":"https:\/\/api.w.org\/{rel}","templated":true}]}}