{"id":656975,"date":"2026-01-11T21:39:10","date_gmt":"2026-01-11T21:39:10","guid":{"rendered":"https:\/\/www.europesays.com\/fr\/656975\/"},"modified":"2026-01-11T21:39:10","modified_gmt":"2026-01-11T21:39:10","slug":"la-france-pays-fondateur-de-leurope-un-comble-que-sa-voix-ne-soit-plus-entendue","status":"publish","type":"post","link":"https:\/\/www.europesays.com\/fr\/656975\/","title":{"rendered":"la France pays fondateur de l\u2019Europe, un comble que sa voix ne soit plus entendue\u00a0\u00bb"},"content":{"rendered":"<p class=\"surtitre \">L\u2019agriculture r\u00e9unionnaise fragilis\u00e9e par l\u2019accord UE-Mercosur<\/p>\n<p>12 janvier, par  <a href=\"https:\/\/www.temoignages.re\/auteur\/jean-michel-moutama\" target=\"_blank\" rel=\"noopener\">Jean-Michel Moutama<\/a><\/p>\n<p>Les agriculteurs sont une fois de plus les victimes silencieuses de l\u2019impuissance politique. Le dossier du Mercosur en est une d\u00e9monstration \u00e9clatante. La France, incapable de r\u00e9unir une minorit\u00e9 de blocage, laisse avancer une proc\u00e9dure qu\u2019elle affirme pourtant refuser. Pour le monde agricole, ce n\u2019est pas une erreur technique\u00a0: c\u2019est une trahison politique.<br class=\"autobr\"\/><br \/>\nLa France, pays fondateur de l\u2019Europe, un comble que sa voix ne soit plus entendue. Ce d\u00e9classement est incompr\u00e9hensible et inacceptable. Comment un pays qui a construit le projet europ\u00e9en peut-il aujourd\u2019hui se retrouver isol\u00e9, incapable de d\u00e9fendre ses propres lignes rouges, notamment quand il s\u2019agit de son agriculture et de sa souverainet\u00e9 alimentaire\u00a0?<br class=\"autobr\"\/><br \/>\nDepuis des mois, les agriculteurs alertent. Nous parlons de concurrence d\u00e9loyale, de normes sanitaires et environnementales inexistantes dans les pays du Mercosur, de charges toujours plus lourdes impos\u00e9es aux producteurs fran\u00e7ais, pendant que l\u2019on ouvre grand les fronti\u00e8res europ\u00e9ennes. Ces alertes ne sont ni nouvelles ni marginales. Elles sont partag\u00e9es par de nombreux pays. Pourtant, aucune alliance solide n\u2019a \u00e9t\u00e9 construite.<br class=\"autobr\"\/><br \/>\nDans l\u2019Union europ\u00e9enne, la protection de l\u2019agriculture ne se fait pas \u00e0 coups de d\u00e9clarations tardives. Elle se fait par le rapport de force, par l\u2019anticipation et par la construction de coalitions. Or, sur ce dossier, les dirigeants fran\u00e7ais ont failli. Ils ont pr\u00e9f\u00e9r\u00e9 la communication \u00e0 l\u2019action, laissant les agriculteurs payer le prix de cette absence de strat\u00e9gie.<br class=\"autobr\"\/><br \/>\nNous assumons une agriculture exigeante, productive et responsable. Mais nous refusons qu\u2019elle soit sacrifi\u00e9e sur l\u2019autel du libre-\u00e9change. Imposer toujours plus de normes aux producteurs fran\u00e7ais tout en laissant entrer des produits qui ne les respectent pas, ce n\u2019est pas de l\u2019\u00e9cologie, ce n\u2019est pas de l\u2019Europe, c\u2019est une concurrence d\u00e9loyale organis\u00e9e.<br class=\"autobr\"\/><br \/>\nLa France n\u2019est pas faible. Ce sont ses dirigeants qui ont cess\u00e9 de la faire respecter.<br class=\"autobr\"\/><br \/>\nGouverner, ce n\u2019est pas expliquer apr\u00e8s coup pourquoi on a perdu. Gouverner, c\u2019est d\u00e9fendre en amont ceux qui produisent, nourrissent et font vivre les territoires.<br class=\"autobr\"\/><br \/>\nLe Mercosur doit servir d\u2019avertissement. Le monde agricole n\u2019acceptera plus d\u2019\u00eatre la variable d\u2019ajustement de l\u2019\u00e9chec diplomatique fran\u00e7ais. Nous attendons des actes, pas des excuses. Et s\u2019ils ne viennent pas, la mobilisation deviendra in\u00e9vitable.<\/p>\n<p><strong>Moutama Jean Michel<br class=\"autobr\"\/><br \/>\nPr\u00e9sident de la CGPER<\/strong><\/p>\n","protected":false},"excerpt":{"rendered":"L\u2019agriculture r\u00e9unionnaise fragilis\u00e9e par l\u2019accord UE-Mercosur 12 janvier, par Jean-Michel Moutama Les agriculteurs sont une fois de plus&hellip;\n","protected":false},"author":2,"featured_media":656976,"comment_status":"","ping_status":"","sticky":false,"template":"","format":"standard","meta":{"footnotes":""},"categories":[1586],"tags":[69853,11,1777,674,75939,1011,27,75938,10457,12,25,364],"class_list":{"0":"post-656975","1":"post","2":"type-post","3":"status-publish","4":"format-standard","5":"has-post-thumbnail","7":"category-europe","8":"tag-a-la-une-de-lactu","9":"tag-actualites","10":"tag-eu","11":"tag-europe","12":"tag-filiere-canne-sucre-alcools-energie","13":"tag-fr","14":"tag-france","15":"tag-impasse-du-modele","16":"tag-mondialisation","17":"tag-news","18":"tag-republique-francaise","19":"tag-union-europeenne"},"share_on_mastodon":{"url":"https:\/\/pubeurope.com\/@fr\/115878636022358775","error":""},"_links":{"self":[{"href":"https:\/\/www.europesays.com\/fr\/wp-json\/wp\/v2\/posts\/656975","targetHints":{"allow":["GET"]}}],"collection":[{"href":"https:\/\/www.europesays.com\/fr\/wp-json\/wp\/v2\/posts"}],"about":[{"href":"https:\/\/www.europesays.com\/fr\/wp-json\/wp\/v2\/types\/post"}],"author":[{"embeddable":true,"href":"https:\/\/www.europesays.com\/fr\/wp-json\/wp\/v2\/users\/2"}],"replies":[{"embeddable":true,"href":"https:\/\/www.europesays.com\/fr\/wp-json\/wp\/v2\/comments?post=656975"}],"version-history":[{"count":0,"href":"https:\/\/www.europesays.com\/fr\/wp-json\/wp\/v2\/posts\/656975\/revisions"}],"wp:featuredmedia":[{"embeddable":true,"href":"https:\/\/www.europesays.com\/fr\/wp-json\/wp\/v2\/media\/656976"}],"wp:attachment":[{"href":"https:\/\/www.europesays.com\/fr\/wp-json\/wp\/v2\/media?parent=656975"}],"wp:term":[{"taxonomy":"category","embeddable":true,"href":"https:\/\/www.europesays.com\/fr\/wp-json\/wp\/v2\/categories?post=656975"},{"taxonomy":"post_tag","embeddable":true,"href":"https:\/\/www.europesays.com\/fr\/wp-json\/wp\/v2\/tags?post=656975"}],"curies":[{"name":"wp","href":"https:\/\/api.w.org\/{rel}","templated":true}]}}