{"id":656977,"date":"2026-01-11T21:40:12","date_gmt":"2026-01-11T21:40:12","guid":{"rendered":"https:\/\/www.europesays.com\/fr\/656977\/"},"modified":"2026-01-11T21:40:12","modified_gmt":"2026-01-11T21:40:12","slug":"le-comissaire-europeen-a-la-defense-prone-la-creation-dune-armee-europeenne-de-100-000-hommes","status":"publish","type":"post","link":"https:\/\/www.europesays.com\/fr\/656977\/","title":{"rendered":"le comissaire europ\u00e9en \u00e0 la D\u00e9fense pr\u00f4ne la cr\u00e9ation d\u2019une arm\u00e9e europ\u00e9enne de 100.000 hommes"},"content":{"rendered":"<p class=\"fs-5 \">L\u2019id\u00e9e d\u2019une \u00ab\u00a0arm\u00e9e europ\u00e9enne\u00a0\u00bb, serpent de mer de la politique continentale depuis des d\u00e9cennies, revient sur le devant de la sc\u00e8ne avec une urgence in\u00e9dite. En d\u00e9placement en Su\u00e8de, Andrius Kubilius n\u2019a pas utilis\u00e9 de pincettes\u00a0: il pr\u00e9conise la mise sur pied d\u2019une <strong>force militaire commune de 100.000 hommes<\/strong>.<\/p>\n<p class=\"fs-5 \">L\u2019objectif est clair\u00a0: compenser le retrait potentiel des soldats am\u00e9ricains stationn\u00e9s en Europe, qui constituent aujourd\u2019hui la colonne vert\u00e9brale de notre d\u00e9fense. \u00ab\u00a0<strong>Comment remplacerons-nous la force am\u00e9ricaine si elle s\u2019en va\u00a0?<\/strong>\u00a0\u00bb, a interrog\u00e9 l\u2019ancien Premier ministre lituanien, pointant du doigt le virage strat\u00e9gique de Washington.<\/p>\n<p class=\"fs-5 \">Cette sortie intervient dans un climat diplomatique \u00e9lectrique. Les r\u00e9centes d\u00e9clarations de Donald Trump concernant son ambition d\u2019annexer le Groenland, coupl\u00e9es \u00e0 son d\u00e9sint\u00e9r\u00eat manifeste pour l\u2019OTAN, alimentent les craintes d\u2019un abandon pur et simple de l\u2019alliance transatlantique.<\/p>\n<p>        <img src=\"https:\/\/www.europesays.com\/fr\/wp-content\/uploads\/2026\/01\/d2a7d40_upload-from-url-1-jlr4jwxcrjxe-9adb8477ebf708a207b545cd37ab37a8457f19a6-y3likvnq.jpg\"   loading=\"lazy\" decoding=\"async\" alt=\"Le Kremlin a appel\u00e9 l\u2019Ukraine \u00e0 accepter de retirer ses troupes du Donbass afin de \u00ab\u00a0mettre fin\u00a0\u00bb \u00e0 la guerre.\" class=\"img-fluid position-absolute w-100 object-fit-cover rounded-2\" width=\"600\" height=\"400\"\/><\/p>\n<p>                                                                                Un \u00ab\u00a0Conseil de s\u00e9curit\u00e9 europ\u00e9en\u00a0\u00bb pour d\u00e9cider vite<\/p>\n<p class=\"fs-5 \">Washington ne s\u2019en cache plus\u00a0: sa priorit\u00e9 est d\u00e9sormais la Chine, et les Europ\u00e9ens sont somm\u00e9s de g\u00e9rer seuls la menace russe \u00e0 leurs fronti\u00e8res.<\/p>\n<p class=\"fs-5 \">Pour donner du muscle \u00e0 cette vision, Kubilius propose \u00e9galement la cr\u00e9ation d\u2019un <strong>Conseil de s\u00e9curit\u00e9 europ\u00e9en<\/strong>. Cet organe restreint (10 \u00e0 12 membres), incluant potentiellement le Royaume-Uni malgr\u00e9 le Brexit, aurait pour mission d\u2019acc\u00e9l\u00e9rer la prise de d\u00e9cision en cas de crise majeure.<\/p>\n<p class=\"fs-5 \">La priorit\u00e9 absolue de cette instance\u00a0? <strong>L\u2019Ukraine.<\/strong> Pour le commissaire, l\u2019Europe doit reprendre la main pour \u00e9viter une d\u00e9faite de Kiev. \u00ab\u00a0<strong>Nous avons besoin de ce Conseil maintenant pour infl\u00e9chir le sc\u00e9nario du conflit<\/strong>\u00a0\u00bb, a-t-il martel\u00e9.<\/p>\n<p class=\"fs-5 \">Si le projet s\u00e9duit par sa clart\u00e9, il se heurte \u00e0 un obstacle historique\u00a0: la souverainet\u00e9 nationale. Jusqu\u2019ici, aucun gouvernement europ\u00e9en n\u2019a accept\u00e9 de c\u00e9der le contr\u00f4le de ses troupes \u00e0 Bruxelles. Mais avec un conflit aux portes de l\u2019UE et un alli\u00e9 am\u00e9ricain de plus en plus impr\u00e9visible, le vieux continent pourrait bien \u00eatre forc\u00e9 de sauter le pas pour assurer sa survie.<\/p>\n","protected":false},"excerpt":{"rendered":"L\u2019id\u00e9e d\u2019une \u00ab\u00a0arm\u00e9e europ\u00e9enne\u00a0\u00bb, serpent de mer de la politique continentale depuis des d\u00e9cennies, revient sur le devant&hellip;\n","protected":false},"author":2,"featured_media":656978,"comment_status":"","ping_status":"","sticky":false,"template":"","format":"standard","meta":{"footnotes":""},"categories":[1586],"tags":[11,1777,674,1779,1011,27,12,25,1778,364],"class_list":{"0":"post-656977","1":"post","2":"type-post","3":"status-publish","4":"format-standard","5":"has-post-thumbnail","7":"category-europe","8":"tag-actualites","9":"tag-eu","10":"tag-europe","11":"tag-european-union","12":"tag-fr","13":"tag-france","14":"tag-news","15":"tag-republique-francaise","16":"tag-ue","17":"tag-union-europeenne"},"share_on_mastodon":{"url":"https:\/\/pubeurope.com\/@fr\/115878640008440015","error":""},"_links":{"self":[{"href":"https:\/\/www.europesays.com\/fr\/wp-json\/wp\/v2\/posts\/656977","targetHints":{"allow":["GET"]}}],"collection":[{"href":"https:\/\/www.europesays.com\/fr\/wp-json\/wp\/v2\/posts"}],"about":[{"href":"https:\/\/www.europesays.com\/fr\/wp-json\/wp\/v2\/types\/post"}],"author":[{"embeddable":true,"href":"https:\/\/www.europesays.com\/fr\/wp-json\/wp\/v2\/users\/2"}],"replies":[{"embeddable":true,"href":"https:\/\/www.europesays.com\/fr\/wp-json\/wp\/v2\/comments?post=656977"}],"version-history":[{"count":0,"href":"https:\/\/www.europesays.com\/fr\/wp-json\/wp\/v2\/posts\/656977\/revisions"}],"wp:featuredmedia":[{"embeddable":true,"href":"https:\/\/www.europesays.com\/fr\/wp-json\/wp\/v2\/media\/656978"}],"wp:attachment":[{"href":"https:\/\/www.europesays.com\/fr\/wp-json\/wp\/v2\/media?parent=656977"}],"wp:term":[{"taxonomy":"category","embeddable":true,"href":"https:\/\/www.europesays.com\/fr\/wp-json\/wp\/v2\/categories?post=656977"},{"taxonomy":"post_tag","embeddable":true,"href":"https:\/\/www.europesays.com\/fr\/wp-json\/wp\/v2\/tags?post=656977"}],"curies":[{"name":"wp","href":"https:\/\/api.w.org\/{rel}","templated":true}]}}