{"id":656999,"date":"2026-01-11T21:57:10","date_gmt":"2026-01-11T21:57:10","guid":{"rendered":"https:\/\/www.europesays.com\/fr\/656999\/"},"modified":"2026-01-11T21:57:10","modified_gmt":"2026-01-11T21:57:10","slug":"vitaa-donne-des-nouvelles-de-diams-on-partage-dautres-choses","status":"publish","type":"post","link":"https:\/\/www.europesays.com\/fr\/656999\/","title":{"rendered":"Vitaa donne des nouvelles de Diam&rsquo;s : \u00ab\u00a0On partage d&rsquo;autres choses\u00a0\u00bb"},"content":{"rendered":"<p>Par <a class=\"author_recette\" id=\"author_name\" href=\"https:\/\/www.nextplz.fr\/auteur\/camille-mutin\" target=\"_blank\" rel=\"noopener\">Camille<br \/>\nMutin<\/a> &#8211;<br \/>\nPubli\u00e9 le 11 Jan 2026 \u00e0<br \/>\n20:30 &#8211; Modifi\u00e9 le 11 Jan 2026 \u00e0 20:31<\/p>\n<p class=\"article-intro excerpt\">Vitaa et Diam\u2019s, c\u2019est une grande<br \/>\nhistoire qui dure depuis longtemps. L\u2019artiste a donn\u00e9 des nouvelles<br \/>\nde son amiti\u00e9.<\/p>\n<p><img width=\"750\" height=\"410\" src=\"data:image\/svg+xml,%3Csvg%20xmlns=\" http:=\"\" class=\"img-responsive alignnone size-full pinit-here zoom-it\" alt=\"Vitaa donne des nouvelles de Diam's : &quot;On partage d'autres choses&quot;\" fetchpriority=\"high\" data-lazyloading=\"false\" decoding=\"async\" data-lazy-src=\"https:\/\/www.europesays.com\/fr\/wp-content\/uploads\/2026\/01\/design-sans-titre-5-2-750x410.jpg\"\/><\/p>\n<p>\u00a9 Zabulon<br \/>\nLaurent\/ABACA\/Shutterstock<\/p>\n<p>En 1999, Diam\u00a0\u00bbs sort son premier album intitul\u00e9 Premier Mandat,<br \/>\nqui rencontre un grand succ\u00e8s. Mais c&rsquo;est Brut de femme qui lui<br \/>\nfait acc\u00e9der au rang sp\u00e9cial de star de la musique. M\u00e9lanie a<br \/>\nr\u00e9volutionn\u00e9 le rap fran\u00e7ais, en particulier pour les femmes. Elle<br \/>\na aussi tendu la main \u00e0 beaucoup de gens, comme \u00e0 Vitaa, qui s&rsquo;est<br \/>\nr\u00e9cemment confi\u00e9e dans <a href=\"https:\/\/www.cosmopolitan.fr\/on-partage-d-autres-choses-vitaa-donne-des-nouvelles-de-la-vie-cachee-de-diam-s,2149642.asp\" target=\"_blank\" rel=\"noopener\"><br \/>\nles colonnes de Cosmopolitan<\/a> : \u00ab\u00a0Quand on se<br \/>\nrencontre, elle est vraiment au moment o\u00f9 sa carri\u00e8re explose, moi<br \/>\npersonne ne me conna\u00eet. On devient tr\u00e8s tr\u00e8s amies. Elle \u00e9coute<br \/>\ntoutes mes maquettes pendant cinq ans. Moi, j\u2019ai tout ce premier<br \/>\nalbum qui est pr\u00eat .Un jour, elle accepte aupr\u00e8s de Pascal N\u00e8gre de<br \/>\nprendre les r\u00eanes du Label Motown en France en disant\u00a0: &lsquo;Je le<br \/>\nfais si Vitaa est la premi\u00e8re artiste !&rsquo;\u00a0(&#8230;) M\u00e9lanie m\u2019a<br \/>\nouvert la porte et je ne l\u2019oublierai jamais.\u00a0\u00bb <a href=\"https:\/\/www.nextplz.fr\/people\/507346-jen-pleurais-je-men-veux-les-revelations-inattendues-de-vitaa-sur-slimane\" target=\"_blank\" rel=\"noopener\"><br \/>\nL&rsquo;interpr\u00e8te de Promets-moi<\/a> a donn\u00e9 des nouvelles de<br \/>\nson amiti\u00e9 avec la grande star du rap qui vit d\u00e9sormais loin de cet<br \/>\nunivers.<\/p>\n<p>M\u00e9lanie<br \/>\na quitt\u00e9 Diam&rsquo;s<\/p>\n<p>M\u00e9lanie a d\u00e9cid\u00e9 d&rsquo;abandonner la musique et s&rsquo;est convertie \u00e0<br \/>\nl&rsquo;Islam. D\u00e9sormais mari\u00e9e et maman, elle vit en Arabie Saoudite, o\u00f9<br \/>\nelle dit avoir trouv\u00e9 la paix. Vitaa l&rsquo;a \u00e9galement rappel\u00e9 dans une<br \/>\ninterview, comme l&rsquo;indique Cosmopolitan : \u00ab\u00a0Elle va<br \/>\nsuper bien. Elle a jamais \u00e9t\u00e9 aussi heureuse que maintenant. Apr\u00e8s<br \/>\nencore une fois je ne suis pas sa porte-parole mais les gens le<br \/>\nvoient. Elle a sorti deux bouquins o\u00f9 elle en parle. Elle a trouv\u00e9<br \/>\nla paix. Je suis trop heureuse pour elle parce qu\u2019elle avait besoin<br \/>\nde \u00e7a, de couper, pour trouver sa paix int\u00e9rieure.\u00a0\u00bb De bonnes<br \/>\nnouvelles ! Mais qu&rsquo;en est-il de leur amiti\u00e9 si pr\u00e9cieuse ? On vous<br \/>\nen dit plus.<\/p>\n<p>Vitaa : \u00ab\u00a0On est toujours<br \/>\naussi proches\u00a0\u00bb<\/p>\n<p>Toujours dans les colonnes de Cosmopolitan, <a href=\"https:\/\/www.instagram.com\/vitaa\/?hl=fr\" target=\"_blank\" rel=\"noopener\">Vitaa<\/a><br \/>\ns&rsquo;est confi\u00e9e sur sa relation actuelle avec M\u00e9lanie, qui vit,<br \/>\nrappelons-le, en Arabie Saoudite : \u00ab\u00a0Elle est dans d\u2019autres<br \/>\nchoses, elle a mis la musique entre parenth\u00e8ses mais on est tr\u00e8s<br \/>\ntr\u00e8s amies.\u00a0On partage d\u2019autres choses qui sont peut-\u00eatre pour<br \/>\nmoi encore plus essentielles \u00e0 savoir la vie, nos vies de femmes,<br \/>\nnos enfants sont n\u00e9s en m\u00eame temps. On s\u2019\u00e9crit tr\u00e8s souvent, on se<br \/>\nparle du quotidien mais elle a mis la musique entre parenth\u00e8ses.<br \/>\nMais on est toujours aussi proches.\u00a0\u00bb Des nouvelles qui font<br \/>\nchaud au c\u0153ur ! Les deux artistes ont trouv\u00e9 le bonheur, de deux<br \/>\nmani\u00e8res diff\u00e9rentes, mais ne se sont jamais tourn\u00e9 le dos.<\/p>\n<p><script async src=\"\/\/www.instagram.com\/embed.js\"><\/script><\/p>\n","protected":false},"excerpt":{"rendered":"Par Camille Mutin &#8211; Publi\u00e9 le 11 Jan 2026 \u00e0 20:30 &#8211; Modifi\u00e9 le 11 Jan 2026 \u00e0&hellip;\n","protected":false},"author":2,"featured_media":657000,"comment_status":"","ping_status":"","sticky":false,"template":"","format":"standard","meta":{"footnotes":""},"categories":[1355],"tags":[58,59,1011,27,1361,873],"class_list":{"0":"post-656999","1":"post","2":"type-post","3":"status-publish","4":"format-standard","5":"has-post-thumbnail","7":"category-musique","8":"tag-divertissement","9":"tag-entertainment","10":"tag-fr","11":"tag-france","12":"tag-music","13":"tag-musique"},"share_on_mastodon":{"url":"https:\/\/pubeurope.com\/@fr\/115878706820604920","error":""},"_links":{"self":[{"href":"https:\/\/www.europesays.com\/fr\/wp-json\/wp\/v2\/posts\/656999","targetHints":{"allow":["GET"]}}],"collection":[{"href":"https:\/\/www.europesays.com\/fr\/wp-json\/wp\/v2\/posts"}],"about":[{"href":"https:\/\/www.europesays.com\/fr\/wp-json\/wp\/v2\/types\/post"}],"author":[{"embeddable":true,"href":"https:\/\/www.europesays.com\/fr\/wp-json\/wp\/v2\/users\/2"}],"replies":[{"embeddable":true,"href":"https:\/\/www.europesays.com\/fr\/wp-json\/wp\/v2\/comments?post=656999"}],"version-history":[{"count":0,"href":"https:\/\/www.europesays.com\/fr\/wp-json\/wp\/v2\/posts\/656999\/revisions"}],"wp:featuredmedia":[{"embeddable":true,"href":"https:\/\/www.europesays.com\/fr\/wp-json\/wp\/v2\/media\/657000"}],"wp:attachment":[{"href":"https:\/\/www.europesays.com\/fr\/wp-json\/wp\/v2\/media?parent=656999"}],"wp:term":[{"taxonomy":"category","embeddable":true,"href":"https:\/\/www.europesays.com\/fr\/wp-json\/wp\/v2\/categories?post=656999"},{"taxonomy":"post_tag","embeddable":true,"href":"https:\/\/www.europesays.com\/fr\/wp-json\/wp\/v2\/tags?post=656999"}],"curies":[{"name":"wp","href":"https:\/\/api.w.org\/{rel}","templated":true}]}}