{"id":657001,"date":"2026-01-11T21:58:15","date_gmt":"2026-01-11T21:58:15","guid":{"rendered":"https:\/\/www.europesays.com\/fr\/657001\/"},"modified":"2026-01-11T21:58:15","modified_gmt":"2026-01-11T21:58:15","slug":"la-ou-chantent-les-ecrevisses-une-histoire-vraie-pour-le-film-avec-daisy-edgar-jones","status":"publish","type":"post","link":"https:\/\/www.europesays.com\/fr\/657001\/","title":{"rendered":"L\u00e0 o\u00f9 chantent les \u00e9crevisses\u00a0: une histoire vraie pour le film avec Daisy Edgar-Jones\u00a0?"},"content":{"rendered":"<p>\n\t\t\t\t\t\tPubli\u00e9 le 11\/01\/2026 \u00e0 20:05<\/p>\n<p>Ce dimanche 11 janvier 2026, TF1 propose le film, in\u00e9dit en clair, <strong>La o\u00f9 chantent les \u00e9crevisses<\/strong> en premi\u00e8re partie de soir\u00e9e. Ce film a-t-il \u00e9t\u00e9 tir\u00e9 de faits r\u00e9els\u00a0?<\/p>\n<p>Ce dimanche 11 janvier 2026, <a href=\"https:\/\/toutelatele.ouest-france.fr\/tf1-010\" target=\"_blank\" rel=\"noopener\"><strong>TF1<\/strong><\/a> diffuse <strong> L\u00e0 o\u00f9 chantent les \u00e9crevisses<\/strong>\u00a0. Le film nous plonge au c\u0153ur des marais de Caroline du Nord, un territoire isol\u00e9 o\u00f9 la nature r\u00e8gne en ma\u00eetre. On y suit Kya (<strong>Daisy Edgar-Jones<\/strong>), une fillette abandonn\u00e9e par toute sa famille d\u00e8s l\u2019\u00e2ge de six ans. Livr\u00e9e \u00e0 elle-m\u00eame, elle apprend \u00e0 survivre dans cet environnement sauvage qui devient peu \u00e0 peu son refuge, son foyer et son unique rep\u00e8re affectif.<\/p>\n<p>L\u2019intrigue bascule lorsque le corps de Chase Andrews (<strong>Harris Dickinson<\/strong>), figure locale tr\u00e8s populaire, est retrouv\u00e9 sans vie. Rapidement, les soup\u00e7ons se tournent vers Kya, marginalis\u00e9e depuis toujours par les habitants de la ville voisine. S\u2019ouvre alors un proc\u00e8s haletant, o\u00f9 pr\u00e9jug\u00e9s sociaux, intol\u00e9rance et peur de la diff\u00e9rence s\u2019entrem\u00ealent.<\/p>\n<p>Un succ\u00e8s mondial au box-office<\/p>\n<p>\u00c0 sa sortie,  <strong>L\u00e0 o\u00f9 chantent les \u00e9crevisses<\/strong>  a rencontr\u00e9 un beau succ\u00e8s. Le long-m\u00e9trage a engrang\u00e9 140,32 millions de dollars dans le monde, dont 90,23 millions rien qu\u2019aux \u00c9tats-Unis. C\u2019est le 22e film le plus rentable de 2022 avec un budget de 24 millions de dollars. Un score remarquable en cette p\u00e9riode de pand\u00e9mie mondiale. En France, il a enregistr\u00e9 246 000 entr\u00e9es au cin\u00e9ma en septembre 2022.<\/p>\n<p>L\u00e0 o\u00f9 chantent les \u00e9crevisses a, cependant, \u00e9t\u00e9 remarqu\u00e9. Le long-m\u00e9trage a notamment obtenu une nomination aux Golden Globes 2023 pour la meilleure chanson originale gr\u00e2ce \u00e0 Carolina, interpr\u00e9t\u00e9e par l\u2019une des chanteuses les plus influentes de ces 10 derni\u00e8res ann\u00e9es\u00a0: <strong>Taylor Swift<\/strong>.<\/p>\n<p>Un drame autour des animaux<\/p>\n<p>Malgr\u00e9 son r\u00e9alisme et la force de son r\u00e9cit, le film  <strong>L\u00e0 o\u00f9 chantent les \u00e9crevisses<\/strong>\u00a0 n\u2019est pas inspir\u00e9 d\u2019une histoire vraie. Il s\u2019agit de l\u2019adaptation du roman \u00e0 succ\u00e8s de l\u2019Am\u00e9ricaine Delia Owens, qui a imagin\u00e9 cette fiction en 2018. Ce livre a \u00e9t\u00e9 un v\u00e9ritable best-seller. Il a \u00e9t\u00e9 vendu \u00e0 plus de 15 millions d\u2019exemplaires, faisant de lui l\u2019un des plus vendus de l\u2019histoire. Le New-York Times l\u2019a m\u00eame class\u00e9 sixi\u00e8me best-seller de l\u2019ann\u00e9e en 2020.<\/p>\n<p>Delia Owens conna\u00eet intimement la nature\u00a0: ethnologue de formation, elle a pass\u00e9 une grande partie de sa vie \u00e0 observer les animaux dans leur environnement. Cette expertise transpara\u00eet dans son \u00e9criture et dans l\u2019univers du film, o\u00f9 chaque d\u00e9tail du marais semble vivant. C\u2019est cette ma\u00eetrise du r\u00e9el qui donne au r\u00e9cit une authenticit\u00e9 troublante, au point de faire douter certains lecteurs et spectateurs.<\/p>\n<p> <strong>L\u00e0 ou chantent les \u00e9crevisses<\/strong>\u00a0 est \u00e0 retrouver ce dimanche 11 janvier 2026 sur TF1 \u00e0 21h10.<\/p>\n","protected":false},"excerpt":{"rendered":"Publi\u00e9 le 11\/01\/2026 \u00e0 20:05 Ce dimanche 11 janvier 2026, TF1 propose le film, in\u00e9dit en clair, La&hellip;\n","protected":false},"author":2,"featured_media":657002,"comment_status":"","ping_status":"","sticky":false,"template":"","format":"standard","meta":{"footnotes":""},"categories":[1354],"tags":[58,59,1346,1011,27,1360],"class_list":{"0":"post-657001","1":"post","2":"type-post","3":"status-publish","4":"format-standard","5":"has-post-thumbnail","7":"category-films","8":"tag-divertissement","9":"tag-entertainment","10":"tag-films","11":"tag-fr","12":"tag-france","13":"tag-movies"},"share_on_mastodon":{"url":"https:\/\/pubeurope.com\/@fr\/115878710714755645","error":""},"_links":{"self":[{"href":"https:\/\/www.europesays.com\/fr\/wp-json\/wp\/v2\/posts\/657001","targetHints":{"allow":["GET"]}}],"collection":[{"href":"https:\/\/www.europesays.com\/fr\/wp-json\/wp\/v2\/posts"}],"about":[{"href":"https:\/\/www.europesays.com\/fr\/wp-json\/wp\/v2\/types\/post"}],"author":[{"embeddable":true,"href":"https:\/\/www.europesays.com\/fr\/wp-json\/wp\/v2\/users\/2"}],"replies":[{"embeddable":true,"href":"https:\/\/www.europesays.com\/fr\/wp-json\/wp\/v2\/comments?post=657001"}],"version-history":[{"count":0,"href":"https:\/\/www.europesays.com\/fr\/wp-json\/wp\/v2\/posts\/657001\/revisions"}],"wp:featuredmedia":[{"embeddable":true,"href":"https:\/\/www.europesays.com\/fr\/wp-json\/wp\/v2\/media\/657002"}],"wp:attachment":[{"href":"https:\/\/www.europesays.com\/fr\/wp-json\/wp\/v2\/media?parent=657001"}],"wp:term":[{"taxonomy":"category","embeddable":true,"href":"https:\/\/www.europesays.com\/fr\/wp-json\/wp\/v2\/categories?post=657001"},{"taxonomy":"post_tag","embeddable":true,"href":"https:\/\/www.europesays.com\/fr\/wp-json\/wp\/v2\/tags?post=657001"}],"curies":[{"name":"wp","href":"https:\/\/api.w.org\/{rel}","templated":true}]}}