{"id":657011,"date":"2026-01-11T22:03:11","date_gmt":"2026-01-11T22:03:11","guid":{"rendered":"https:\/\/www.europesays.com\/fr\/657011\/"},"modified":"2026-01-11T22:03:11","modified_gmt":"2026-01-11T22:03:11","slug":"lheure-a-laquelle-faire-le-plein-vous-revient-vraiment-moins-cher","status":"publish","type":"post","link":"https:\/\/www.europesays.com\/fr\/657011\/","title":{"rendered":"l&rsquo;heure \u00e0 laquelle faire le plein vous revient vraiment moins cher"},"content":{"rendered":"<p>Difficile de ne pas jeter un \u0153il nerveux aux prix affich\u00e9s quand<br \/>\non approche d\u2019une station. Et selon l\u2019heure, le plein peut co\u00fbter<br \/>\nquelques centimes de plus\u2026 ou de moins. Mais peut-on vraiment<br \/>\nanticiper ces fluctuations et choisir le bon moment pour faire le<br \/>\nplein ? Contact\u00e9 par actu.fr, Olivier Gantois, pr\u00e9sident<br \/>\nd\u2019Ufip \u00c9nergies et Mobilit\u00e9s, l\u00e8ve le voile sur la m\u00e9canique des<br \/>\nprix \u00e0 la pompe.<\/p>\n<p>Comment le prix de l\u2019essence est-il fix\u00e9 ?<\/p>\n<p>Les prix affich\u00e9s dans les <a href=\"https:\/\/www.maison-travaux.fr\/actualites\/budget\/stations-services-moins-cheres-france-plein-592356.html\" target=\"_blank\" rel=\"noopener\"><br \/>\nstations-service<\/a> ne tombent pas du ciel. Ils suivent une<br \/>\nm\u00e9canique bien huil\u00e9e, dont le moteur principal est le<br \/>\n<strong>cours mondial du p\u00e9trole brut.<\/strong> Ce dernier varie<br \/>\nsans cesse selon les <strong>\u00e9v\u00e9nements g\u00e9opolitiques<\/strong>, les<br \/>\n<strong>tensions \u00e9conomiques<\/strong>, et les <strong>annonces<br \/>\npolitiques<\/strong>. \u00ab D\u00e9but avril, le pr\u00e9sident am\u00e9ricain a<br \/>\nannonc\u00e9 la hausse des droits de douane. <strong>Imm\u00e9diatement, le<br \/>\nprix du baril a perdu 10 dollars<\/strong>. Le lendemain, on a pu<br \/>\nconstater des <strong>baisses de trois centimes.<\/strong> \u00bb,<br \/>\nexplique Olivier Gantois.<\/p>\n<p>\u00c0 cela s\u2019ajoutent des composantes plus locales\u202f: les<br \/>\n<strong>co\u00fbts de transport<\/strong>, le <strong>fonctionnement des<br \/>\nstations<\/strong>, les <a href=\"https:\/\/www.maison-travaux.fr\/actualites\/posseder-oiseau-taxe-7-euros-586078.html\" target=\"_blank\" rel=\"noopener\"><br \/>\n<strong>taxes diverses<\/strong><\/a>\u2026 et la <strong>concurrence<br \/>\nentre les stations-essence<\/strong>. \u00ab L\u2019exp\u00e9rience montre que<br \/>\nl<strong>e conducteur peut changer de station pour un centime par<br \/>\nlitre<\/strong> \u00bb, note l\u2019expert. Un effet boule de neige peut<br \/>\nalors se produire entre stations voisines, chacune surveillant le<br \/>\npanneau tarifaire de l\u2019autre.<\/p>\n<p>Les fluctuations des prix de l\u2019essence<\/p>\n<p>Les <a href=\"https:\/\/www.maison-travaux.fr\/actualites\/budget\/applications-pour-faire-des-economies-considerables-sur-le-prix-du-carburant-384340.html\" target=\"_blank\" rel=\"noopener\"><br \/>\n<strong>prix du carburant<\/strong><\/a> peuvent effectivement<br \/>\n<strong>changer plusieurs fois dans la m\u00eame journ\u00e9e<\/strong>. \u00ab<br \/>\nLes prix dans les stations-service sont pratiqu\u00e9s de mani\u00e8re<br \/>\ndynamique. <strong>Ils sont revus par l\u2019essentiel des stations au<br \/>\nmoins une fois par jour, voire plusieurs fois dans la<br \/>\njourn\u00e9e<\/strong> \u00bb, r\u00e9sume Olivier Gantois \u00e0 actu.fr.<br \/>\nCertaines stations, notamment les plus fr\u00e9quent\u00e9es ou<br \/>\nconcurrentielles, <strong>adaptent leurs prix \u00e0 la minute<br \/>\npr\u00e8s.<\/strong><\/p>\n<p>Les <a href=\"https:\/\/www.maison-travaux.fr\/actualites\/permis-conduire-visite-medicale-imposee-conducteurs-593509.html\" target=\"_blank\" rel=\"noopener\"><br \/>\nautomobilistes<\/a> avertis peuvent d\u2019ailleurs <strong>suivre ces<br \/>\nvariations<\/strong> sur le site officiel prix-carburants.gouv.fr,<br \/>\nactualis\u00e9 en temps r\u00e9el et ainsi <strong>choisir l\u2019endroit le plus<br \/>\navantageux.<\/strong><\/p>\n<p><img decoding=\"async\" src=\"data:image\/svg+xml,%3Csvg%20xmlns=\" http:=\"\" width=\"100%\" height=\"auto\" data-lazy-src=\"https:\/\/www.europesays.com\/fr\/wp-content\/uploads\/2026\/01\/1768168991_224_maxresdefault.jpg\"\/><br \/>\n<video width=\"100%\" height=\"360px\" controls=\"\" id=\"player_89c93f2f29efef259ee721fc712a746e\" preload=\"auto\" class=\"video-js vjs-default-skin vjs-big-play-centered\" style=\"display:none; text-align: center; margin-bottom: 4px;\" poster=\"https:\/\/www.europesays.com\/fr\/wp-content\/uploads\/2026\/01\/1768168991_224_maxresdefault.jpg\"\/><\/p>\n<p>Le meilleur moment de la journ\u00e9e pour<br \/>\nfaire le plein<\/p>\n<p>Alors, existe-t-il <strong>une <a href=\"https:\/\/www.maison-travaux.fr\/actualites\/budget\/heure-ideale-lancer-lave-vaisselle-economiser-facture-579034.html\" target=\"_blank\" rel=\"noopener\"><br \/>\nheure id\u00e9ale<\/a><\/strong> pour passer \u00e0 la pompe\u202f? En juin 2025,<br \/>\nune \u00e9tude du club automobile allemand Adac a observ\u00e9 des \u00e9carts<br \/>\npouvant grimper jusqu\u2019\u00e0 <strong>13 centimes par litre selon l\u2019heure<br \/>\nde la journ\u00e9e<\/strong>. Selon eux, les tarifs seraient plus<br \/>\nfavorables <strong>entre 13h et 21h,<\/strong> p\u00e9riodes plus calmes,<br \/>\nqu\u2019en matin\u00e9e, moment de forte affluence. Mais ce constat<br \/>\n<strong>ne fait pas l\u2019unanimit\u00e9.<\/strong><\/p>\n<p>Olivier Gantois, encore une fois, appelle \u00e0 la prudence. \u00ab<br \/>\nJe suis formel : <strong>il n\u2019y a aucune justification qui permette<br \/>\nde dire si l\u2019on peut acheter le matin ou le soir.<\/strong> Car<br \/>\npersonne n\u2019est capable de pr\u00e9voir quelle va \u00eatre la fluctuation du<br \/>\nprix du baril de p\u00e9trole. La plupart des stations mettent \u00e0 jour<br \/>\nleur prix le matin. \u00bb En r\u00e9sum\u00e9 : <strong>il n\u2019existe h\u00e9las<br \/>\npas d\u2019horaire magique<\/strong> pour <a href=\"https:\/\/www.maison-travaux.fr\/sequiper\/conseils-pratiques\/canicule-pourquoi-il-ne-faut-jamais-faire-le-plein-dessence-en-periode-de-fortes-chaleurs-et-ce-que-vous-risquez-vraiment-591458.html\" target=\"_blank\" rel=\"noopener\"><br \/>\nfaire le plein<\/a> mais en guettant les prix sur Internet et en<br \/>\nrestant flexible, il est parfois possible de <strong>grappiller<br \/>\nquelques centimes bienvenus\u00a0!<\/strong><\/p>\n","protected":false},"excerpt":{"rendered":"Difficile de ne pas jeter un \u0153il nerveux aux prix affich\u00e9s quand on approche d\u2019une station. Et selon&hellip;\n","protected":false},"author":2,"featured_media":657012,"comment_status":"","ping_status":"","sticky":false,"template":"","format":"standard","meta":{"footnotes":""},"categories":[6],"tags":[35,33,34,1011,27,6055,729],"class_list":{"0":"post-657011","1":"post","2":"type-post","3":"status-publish","4":"format-standard","5":"has-post-thumbnail","7":"category-economie","8":"tag-business","9":"tag-economie","10":"tag-economy","11":"tag-fr","12":"tag-france","13":"tag-republishing","14":"tag-yout_video"},"share_on_mastodon":{"url":"https:\/\/pubeurope.com\/@fr\/115878730512691887","error":""},"_links":{"self":[{"href":"https:\/\/www.europesays.com\/fr\/wp-json\/wp\/v2\/posts\/657011","targetHints":{"allow":["GET"]}}],"collection":[{"href":"https:\/\/www.europesays.com\/fr\/wp-json\/wp\/v2\/posts"}],"about":[{"href":"https:\/\/www.europesays.com\/fr\/wp-json\/wp\/v2\/types\/post"}],"author":[{"embeddable":true,"href":"https:\/\/www.europesays.com\/fr\/wp-json\/wp\/v2\/users\/2"}],"replies":[{"embeddable":true,"href":"https:\/\/www.europesays.com\/fr\/wp-json\/wp\/v2\/comments?post=657011"}],"version-history":[{"count":0,"href":"https:\/\/www.europesays.com\/fr\/wp-json\/wp\/v2\/posts\/657011\/revisions"}],"wp:featuredmedia":[{"embeddable":true,"href":"https:\/\/www.europesays.com\/fr\/wp-json\/wp\/v2\/media\/657012"}],"wp:attachment":[{"href":"https:\/\/www.europesays.com\/fr\/wp-json\/wp\/v2\/media?parent=657011"}],"wp:term":[{"taxonomy":"category","embeddable":true,"href":"https:\/\/www.europesays.com\/fr\/wp-json\/wp\/v2\/categories?post=657011"},{"taxonomy":"post_tag","embeddable":true,"href":"https:\/\/www.europesays.com\/fr\/wp-json\/wp\/v2\/tags?post=657011"}],"curies":[{"name":"wp","href":"https:\/\/api.w.org\/{rel}","templated":true}]}}