{"id":657018,"date":"2026-01-11T22:07:12","date_gmt":"2026-01-11T22:07:12","guid":{"rendered":"https:\/\/www.europesays.com\/fr\/657018\/"},"modified":"2026-01-11T22:07:12","modified_gmt":"2026-01-11T22:07:12","slug":"roche-la-moliere-chu-kids-le-sport-solidaire-au-service-des-enfants-hospitalises","status":"publish","type":"post","link":"https:\/\/www.europesays.com\/fr\/657018\/","title":{"rendered":"Roche-la-Moli\u00e8re. CHU kids, le sport solidaire au service des enfants hospitalis\u00e9s"},"content":{"rendered":"<p>\u200cAu sein de la commune, l\u2019association CHU Kids s\u2019est impos\u00e9e comme un acteur essentiel de la solidarit\u00e9 en faveur des enfants hospitalis\u00e9s.<\/p>\n<p>Elle organise des manifestations autour de la course \u00e0 pied, afin de collecter des fonds revers\u00e9s aux services hospitaliers p\u00e9diatriques du CHU de Saint-\u00c9tienne.<\/p>\n<p>Les sommes r\u00e9colt\u00e9es permettent de financer des \u00e9quipements mais aussi des activit\u00e9s et des moments d\u2019\u00e9vasion pour les enfants hospitalis\u00e9s. Il y a une volont\u00e9 forte souligne le pr\u00e9sident, Monsieur Bonnier\u00a0: \u00ab\u00a0am\u00e9liorer&#8230;<\/p>\n","protected":false},"excerpt":{"rendered":"\u200cAu sein de la commune, l\u2019association CHU Kids s\u2019est impos\u00e9e comme un acteur essentiel de la solidarit\u00e9 en&hellip;\n","protected":false},"author":2,"featured_media":657019,"comment_status":"","ping_status":"","sticky":false,"template":"","format":"standard","meta":{"footnotes":""},"categories":[9653],"tags":[1111,11,2430,7539,1777,674,1011,27,12,25,12490,12491,4001,104,1631],"class_list":{"0":"post-657018","1":"post","2":"type-post","3":"status-publish","4":"format-standard","5":"has-post-thumbnail","7":"category-saint-etienne","8":"tag-actu","9":"tag-actualites","10":"tag-auvergne-rhone-alpes","11":"tag-edition-loire-sud","12":"tag-eu","13":"tag-europe","14":"tag-fr","15":"tag-france","16":"tag-news","17":"tag-republique-francaise","18":"tag-roche-la-moliere","19":"tag-roche-la-moliere-bassin","20":"tag-saint-etienne","21":"tag-societe","22":"tag-vie-associative"},"share_on_mastodon":{"url":"https:\/\/pubeurope.com\/@fr\/115878746140645748","error":""},"_links":{"self":[{"href":"https:\/\/www.europesays.com\/fr\/wp-json\/wp\/v2\/posts\/657018","targetHints":{"allow":["GET"]}}],"collection":[{"href":"https:\/\/www.europesays.com\/fr\/wp-json\/wp\/v2\/posts"}],"about":[{"href":"https:\/\/www.europesays.com\/fr\/wp-json\/wp\/v2\/types\/post"}],"author":[{"embeddable":true,"href":"https:\/\/www.europesays.com\/fr\/wp-json\/wp\/v2\/users\/2"}],"replies":[{"embeddable":true,"href":"https:\/\/www.europesays.com\/fr\/wp-json\/wp\/v2\/comments?post=657018"}],"version-history":[{"count":0,"href":"https:\/\/www.europesays.com\/fr\/wp-json\/wp\/v2\/posts\/657018\/revisions"}],"wp:featuredmedia":[{"embeddable":true,"href":"https:\/\/www.europesays.com\/fr\/wp-json\/wp\/v2\/media\/657019"}],"wp:attachment":[{"href":"https:\/\/www.europesays.com\/fr\/wp-json\/wp\/v2\/media?parent=657018"}],"wp:term":[{"taxonomy":"category","embeddable":true,"href":"https:\/\/www.europesays.com\/fr\/wp-json\/wp\/v2\/categories?post=657018"},{"taxonomy":"post_tag","embeddable":true,"href":"https:\/\/www.europesays.com\/fr\/wp-json\/wp\/v2\/tags?post=657018"}],"curies":[{"name":"wp","href":"https:\/\/api.w.org\/{rel}","templated":true}]}}