{"id":657022,"date":"2026-01-11T22:09:56","date_gmt":"2026-01-11T22:09:56","guid":{"rendered":"https:\/\/www.europesays.com\/fr\/657022\/"},"modified":"2026-01-11T22:09:56","modified_gmt":"2026-01-11T22:09:56","slug":"a-nancy-des-collectes-organisees-pour-la-5e-nuit-de-la-solidarite","status":"publish","type":"post","link":"https:\/\/www.europesays.com\/fr\/657022\/","title":{"rendered":"\u00c0 Nancy, des collectes organis\u00e9es pour la 5e Nuit de la Solidarit\u00e9"},"content":{"rendered":"<p>Alors que la 5e <a href=\"https:\/\/www.lasemaine.fr\/non-classe\/metz-a-quoi-servent-le-jour-et-la-nuit-de-la-solidarite\/\" data-type=\"post\" data-id=\"214339\" target=\"_blank\" rel=\"noopener\">Nuit de la Solidarit\u00e9<\/a> se d\u00e9roulera le jeudi 22\u00a0janvier \u00e0 Nancy, la Ville et ses partenaires renforcent leur mobilisation en amont et en aval de cette op\u00e9ration nationale. Au-del\u00e0 des maraudes men\u00e9es le soir m\u00eame, l\u2019accent est mis cette ann\u00e9e sur la collecte de produits de premi\u00e8re n\u00e9cessit\u00e9, afin d\u2019apporter une aide concr\u00e8te aux personnes en situation de rue, notamment durant la p\u00e9riode du Grand Froid.<\/p>\n<p>Pour rappel, la <a href=\"https:\/\/www.lasemaine.fr\/non-classe\/metz-aux-cotes-des-benevoles-de-la-nuit-de-la-solidarite\/\" data-type=\"post\" data-id=\"182282\" target=\"_blank\" rel=\"noopener\">Nuit de la Solidarit\u00e9<\/a> est une op\u00e9ration nationale qui vise \u00e0 mieux conna\u00eetre la r\u00e9alit\u00e9 du sans-abrisme sur un territoire donn\u00e9. \u00c0 Nancy, elle permet d\u2019aller \u00ab\u00a0rue par rue, \u00e0 la rencontre des personnes sans abri pour leur proposer de r\u00e9pondre \u00e0 un questionnaire anonyme\u00a0\u00bb, d\u00e9taille la Ville de Nancy sur son site internet. Les donn\u00e9es recueillies servent ainsi \u00e0 mieux identifier les profils et les besoins, afin \u00ab\u00a0d\u2019adapter les politiques publiques de solidarit\u00e9\u00a0\u00bb.<\/p>\n<p>Des collectes pour prolonger la mobilisation<\/p>\n<p>Si la Ville de Nancy pr\u00e9cise sur Facebook que \u00ab\u00a0les inscriptions des b\u00e9n\u00e9voles sont closes, le nombre de volontaires \u00e9tant suffisant\u00a0\u00bb pour les maraudes pr\u00e9vues le jeudi 22\u00a0janvier, chacun peut n\u00e9anmoins contribuer gr\u00e2ce aux collectes de produits de premi\u00e8re n\u00e9cessit\u00e9 organis\u00e9es jusqu\u2019au d\u00e9but du mois de f\u00e9vrier. Produits d\u2019hygi\u00e8ne, sous-v\u00eatements, chaussettes, mat\u00e9riel de premi\u00e8re n\u00e9cessit\u00e9 ou encore \u00e9quipements sp\u00e9cifiques sont recherch\u00e9s afin de r\u00e9pondre aux besoins imm\u00e9diats des personnes \u00e0 la rue.<\/p>\n<p>Dates et lieux des collectes<\/p>\n<p>Trois temps forts sont propos\u00e9s au public\u00a0:<\/p>\n<p>Ce qui se passe en Meurthe-et-Moselle<\/p>\n<li>Vendredi 16\u00a0janvier 2026, au Palais des Sports Jean Weille, lors du match SLUC \u2013 Boulazac (ouverture des portes \u00e0 19\u00a0heures)\u00a0;<\/li>\n<li>Vendredi 23\u00a0janvier 2026, au stade Marcel Picot, lors du match AS Nancy Lorraine \u2013 Rodez (ouverture des portes \u00e0 18\u00a0h\u00a030)\u00a0;<\/li>\n<li>Du 26\u00a0janvier au 2\u00a0f\u00e9vrier 2026, \u00e0 l\u2019H\u00f4tel de Ville, salle Mienville, de 9\u00a0heures \u00e0 17\u00a0heures (hors week-end).<\/li>\n<p>En compl\u00e9ment des collectes, la Ville de Nancy propose plusieurs temps de sensibilisation et animations (atelier cuisine, spectacle solidaire, cin\u00e9-d\u00e9bat\u2026). Le d\u00e9tail du programme est disponible en ligne, sur le site de la Ville de Nancy.<\/p>\n","protected":false},"excerpt":{"rendered":"Alors que la 5e Nuit de la Solidarit\u00e9 se d\u00e9roulera le jeudi 22\u00a0janvier \u00e0 Nancy, la Ville et&hellip;\n","protected":false},"author":2,"featured_media":657023,"comment_status":"","ping_status":"","sticky":false,"template":"","format":"standard","meta":{"footnotes":""},"categories":[9635],"tags":[1111,11,1777,674,1011,27,775,1702,12,25],"class_list":{"0":"post-657022","1":"post","2":"type-post","3":"status-publish","4":"format-standard","5":"has-post-thumbnail","7":"category-nancy","8":"tag-actu","9":"tag-actualites","10":"tag-eu","11":"tag-europe","12":"tag-fr","13":"tag-france","14":"tag-grand-est","15":"tag-nancy","16":"tag-news","17":"tag-republique-francaise"},"share_on_mastodon":{"url":"https:\/\/pubeurope.com\/@fr\/115878757870563358","error":""},"_links":{"self":[{"href":"https:\/\/www.europesays.com\/fr\/wp-json\/wp\/v2\/posts\/657022","targetHints":{"allow":["GET"]}}],"collection":[{"href":"https:\/\/www.europesays.com\/fr\/wp-json\/wp\/v2\/posts"}],"about":[{"href":"https:\/\/www.europesays.com\/fr\/wp-json\/wp\/v2\/types\/post"}],"author":[{"embeddable":true,"href":"https:\/\/www.europesays.com\/fr\/wp-json\/wp\/v2\/users\/2"}],"replies":[{"embeddable":true,"href":"https:\/\/www.europesays.com\/fr\/wp-json\/wp\/v2\/comments?post=657022"}],"version-history":[{"count":0,"href":"https:\/\/www.europesays.com\/fr\/wp-json\/wp\/v2\/posts\/657022\/revisions"}],"wp:featuredmedia":[{"embeddable":true,"href":"https:\/\/www.europesays.com\/fr\/wp-json\/wp\/v2\/media\/657023"}],"wp:attachment":[{"href":"https:\/\/www.europesays.com\/fr\/wp-json\/wp\/v2\/media?parent=657022"}],"wp:term":[{"taxonomy":"category","embeddable":true,"href":"https:\/\/www.europesays.com\/fr\/wp-json\/wp\/v2\/categories?post=657022"},{"taxonomy":"post_tag","embeddable":true,"href":"https:\/\/www.europesays.com\/fr\/wp-json\/wp\/v2\/tags?post=657022"}],"curies":[{"name":"wp","href":"https:\/\/api.w.org\/{rel}","templated":true}]}}