{"id":657026,"date":"2026-01-11T22:13:14","date_gmt":"2026-01-11T22:13:14","guid":{"rendered":"https:\/\/www.europesays.com\/fr\/657026\/"},"modified":"2026-01-11T22:13:14","modified_gmt":"2026-01-11T22:13:14","slug":"toulon-meteo-le-ciel-restera-changeant-lundi-sur-la-provence-alpes-cote-dazur","status":"publish","type":"post","link":"https:\/\/www.europesays.com\/fr\/657026\/","title":{"rendered":"TOULON : M\u00e9t\u00e9o &#8211; Le ciel restera changeant lundi sur la Provence-Alpes-C\u00f4te d\u2019Azur"},"content":{"rendered":"<p><strong>Le ciel restera changeant ce lundi sur la r\u00e9gion Provence-Alpes-C\u00f4te d\u2019Azur, avec des nuages de plus en plus nombreux au fil de l\u2019apr\u00e8s-midi. <\/strong><\/p>\n<p>Les temp\u00e9ratures seront froides au lever du jour, comprises entre -1 et 3\u00b0. Cet apr\u00e8s-midi, les maximales atteindront 7\u00b0 \u00e0\u00a0<strong data-start=\"347\" data-end=\"359\">Sisteron<\/strong>, 8\u00b0 \u00e0\u00a0<strong data-start=\"366\" data-end=\"378\">Manosque<\/strong>, 10\u00b0 \u00e0\u00a0<strong data-start=\"386\" data-end=\"405\">Aix-en-Provence<\/strong>, puis 11\u00b0 \u00e0 <strong data-start=\"418\" data-end=\"428\">Orange<\/strong>,\u00a0<strong data-start=\"430\" data-end=\"444\">Roquevaire<\/strong>,\u00a0<strong data-start=\"446\" data-end=\"457\">Allauch<\/strong>et\u00a0<strong data-start=\"461\" data-end=\"474\">Marseille<\/strong>. Comptez \u00e9galement 11\u00b0 \u00e0\u00a0<strong data-start=\"500\" data-end=\"510\">Bandol<\/strong>,\u00a0<strong data-start=\"512\" data-end=\"530\">Sanary-sur-Mer<\/strong>,\u00a0<strong data-start=\"532\" data-end=\"542\">Toulon<\/strong>\u00a0et\u00a0<strong data-start=\"546\" data-end=\"568\">Le Revest-les-Eaux<\/strong>, ainsi qu\u2019\u00e0\u00a0<strong data-start=\"581\" data-end=\"604\">Hy\u00e8res-les-Palmiers<\/strong>,\u00a0<strong data-start=\"606\" data-end=\"629\">La Londe-les-Maures<\/strong>\u00a0et\u00a0<strong data-start=\"633\" data-end=\"661\">Le Rayol-Canadel-sur-Mer<\/strong>.<\/p>\n<p><strong>ComLaRadio\u00a0<\/strong><br \/><strong>Thierry CARI<\/strong><br \/><strong>Voix Off<\/strong><br \/><strong>Animateur \/ pr\u00e9sentateur<\/strong><br \/><strong><a href=\"https:\/\/presseagence.fr\/toulon-meteo-le-ciel-restera-changeant-lundi-sur-la-provence-alpes-cote-dazur\/mailto:Contact@thierrycari.com\" target=\"_blank\" rel=\"noopener\">Contact@thierrycari.com<\/a><\/strong><\/p>\n<p><strong><a href=\"http:\/\/www.thierrycari.com\" target=\"_blank\" rel=\"noopener\">www.thierrycari.com<\/a><\/strong><\/p>\n","protected":false},"excerpt":{"rendered":"Le ciel restera changeant ce lundi sur la r\u00e9gion Provence-Alpes-C\u00f4te d\u2019Azur, avec des nuages de plus en plus&hellip;\n","protected":false},"author":2,"featured_media":268916,"comment_status":"","ping_status":"","sticky":false,"template":"","format":"standard","meta":{"footnotes":""},"categories":[9619],"tags":[1111,11,1777,674,1011,27,12,882,25,2310],"class_list":{"0":"post-657026","1":"post","2":"type-post","3":"status-publish","4":"format-standard","5":"has-post-thumbnail","7":"category-toulon","8":"tag-actu","9":"tag-actualites","10":"tag-eu","11":"tag-europe","12":"tag-fr","13":"tag-france","14":"tag-news","15":"tag-provence-alpes-cote-dazur","16":"tag-republique-francaise","17":"tag-toulon"},"share_on_mastodon":{"url":"https:\/\/pubeurope.com\/@fr\/115878769669152141","error":""},"_links":{"self":[{"href":"https:\/\/www.europesays.com\/fr\/wp-json\/wp\/v2\/posts\/657026","targetHints":{"allow":["GET"]}}],"collection":[{"href":"https:\/\/www.europesays.com\/fr\/wp-json\/wp\/v2\/posts"}],"about":[{"href":"https:\/\/www.europesays.com\/fr\/wp-json\/wp\/v2\/types\/post"}],"author":[{"embeddable":true,"href":"https:\/\/www.europesays.com\/fr\/wp-json\/wp\/v2\/users\/2"}],"replies":[{"embeddable":true,"href":"https:\/\/www.europesays.com\/fr\/wp-json\/wp\/v2\/comments?post=657026"}],"version-history":[{"count":0,"href":"https:\/\/www.europesays.com\/fr\/wp-json\/wp\/v2\/posts\/657026\/revisions"}],"wp:featuredmedia":[{"embeddable":true,"href":"https:\/\/www.europesays.com\/fr\/wp-json\/wp\/v2\/media\/268916"}],"wp:attachment":[{"href":"https:\/\/www.europesays.com\/fr\/wp-json\/wp\/v2\/media?parent=657026"}],"wp:term":[{"taxonomy":"category","embeddable":true,"href":"https:\/\/www.europesays.com\/fr\/wp-json\/wp\/v2\/categories?post=657026"},{"taxonomy":"post_tag","embeddable":true,"href":"https:\/\/www.europesays.com\/fr\/wp-json\/wp\/v2\/tags?post=657026"}],"curies":[{"name":"wp","href":"https:\/\/api.w.org\/{rel}","templated":true}]}}