{"id":657027,"date":"2026-01-11T22:14:12","date_gmt":"2026-01-11T22:14:12","guid":{"rendered":"https:\/\/www.europesays.com\/fr\/657027\/"},"modified":"2026-01-11T22:14:12","modified_gmt":"2026-01-11T22:14:12","slug":"etre-pieds-noirs-cest-un-etat-desprit-et-la-culture-du-partage-les-rapatries-reunis-a-montpellier-pour-evoquer-souvenirs-et-heritage","status":"publish","type":"post","link":"https:\/\/www.europesays.com\/fr\/657027\/","title":{"rendered":"\u00ab\u00a0\u00catre pieds-noirs, c\u2019est un \u00e9tat d\u2019esprit et la culture du partage\u00a0\u00bb\u00a0: les rapatri\u00e9s r\u00e9unis \u00e0 Montpellier pour \u00e9voquer souvenirs et h\u00e9ritage"},"content":{"rendered":"<p>\n                                                                La traditionnelle galette des rapatri\u00e9s s\u2019est tenue ce dimanche 11\u00a0janvier au Z\u00e9nith Sud de Montpellier, \u00e0 l\u2019initiative de la Ville et des associations m\u00e9morielles.\n                            <\/p>\n<p>La tradition dure, et perdure, depuis Georges Fr\u00eache. Ce dimanche 11\u00a0janvier, c\u2019est son successeur, Micha\u00ebl Delafosse, qui est venu rappeler aux associations repr\u00e9sentant les pieds-noirs et\u00a0harkis combien \u00ab\u00a0leur histoire est ind\u00e9fectiblement li\u00e9e \u00e0 celle de Montpellier\u00a0\u00bb \u00e0 l\u2019occasion de la traditionnelle galette des rapatri\u00e9s.\u00a0\u00ab\u00a0L\u2019essor de cette ville, il vient aussi de vous. Et nous vous devons ce travail de m\u00e9moire et de souvenir\u00a0\u00bb a lanc\u00e9 le maire de Montpellier aux quelque 600 invit\u00e9s de l\u2019\u00e9v\u00e9nement port\u00e9 par la Ville et les associations m\u00e9morielles.<\/p>\n<p>Tintin en\u00a0Pataou\u00e8te<\/p>\n<p>Un devoir de m\u00e9moire qui, cette ann\u00e9e et pour la premi\u00e8re fois, a aussi pris la forme d\u2019une foire aux livres pour mettre en valeur l\u2019histoire et la culture des rapatri\u00e9s d\u2019Alg\u00e9rie. Parmi les auteurs invit\u00e9s, Alain Aquilina d\u00e9fend \u00ab\u00a0une vision globale\u00a0\u00bb de cette culture, parfois trop facilement r\u00e9sum\u00e9e \u00e0 la gastronomie. \u00ab\u00a0C\u2019est un \u00e9tat d\u2019esprit d\u2019entreprendre, de pionnier. Mais c\u2019est surtout la culture du partage et du vivre ensemble. Car l\u00e0-bas, c\u2019\u00e9tait un incroyable melting-pot.\u00a0\u00bb<\/p>\n<p>Non \u00e0 la\u00a0nostalgie, oui \u00e0 l\u2019h\u00e9ritage<\/p>\n<p>Tous refusent la nostalgie, mais rappellent l\u2019importance de la transmission d\u2019un h\u00e9ritage dont les nouvelles g\u00e9n\u00e9rations doivent se saisir. Celles qui n\u2019ont pas connu l\u2019exode de 1962. C\u2019est l\u2019un des enjeux du G2T, pour G\u00e9n\u00e9ration de transmission, port\u00e9 par le Centre de documentation historique sur l\u2019Alg\u00e9rie, le fond d\u2019archives priv\u00e9es bas\u00e9 \u00e0 Aix en Provence.<\/p>\n<p>\u00ab\u00a0Dans certaines familles on a tu notre histoire, dans d\u2019autres on en a beaucoup parl\u00e9\u2026 Les jeunes sont parfois perdus, mais ils s\u2019int\u00e9ressent \u00e0 leurs racines. \u00catre pieds-noirs, c\u2019est vivre avec l\u2019exode, la tristesse, mais aussi la joie de s\u2019en sortir et d\u2019avancer\u00a0\u00bb, d\u00e9taille Anne-Marie Perez. Devant elle, un dr\u00f4le d\u2019exemplaire de Tintin et \u00ab\u00a0Les Zemrods \u00e0 la Castafiore\u00a0\u00bb, une version de la BD traduite en\u00a0Pataou\u00e8te, le parler des Fran\u00e7ais d\u2019Afrique du nord.<\/p>\n","protected":false},"excerpt":{"rendered":"La traditionnelle galette des rapatri\u00e9s s\u2019est tenue ce dimanche 11\u00a0janvier au Z\u00e9nith Sud de Montpellier, \u00e0 l\u2019initiative de&hellip;\n","protected":false},"author":2,"featured_media":657028,"comment_status":"","ping_status":"","sticky":false,"template":"","format":"standard","meta":{"footnotes":""},"categories":[9599],"tags":[1111,11,1777,674,1011,27,7089,2208,12,2680,25,1857],"class_list":{"0":"post-657027","1":"post","2":"type-post","3":"status-publish","4":"format-standard","5":"has-post-thumbnail","7":"category-montpellier","8":"tag-actu","9":"tag-actualites","10":"tag-eu","11":"tag-europe","12":"tag-fr","13":"tag-france","14":"tag-herault","15":"tag-montpellier","16":"tag-news","17":"tag-occitanie","18":"tag-republique-francaise","19":"tag-sociu00e9tu00e9"},"share_on_mastodon":{"url":"https:\/\/pubeurope.com\/@fr\/115878773643854290","error":""},"_links":{"self":[{"href":"https:\/\/www.europesays.com\/fr\/wp-json\/wp\/v2\/posts\/657027","targetHints":{"allow":["GET"]}}],"collection":[{"href":"https:\/\/www.europesays.com\/fr\/wp-json\/wp\/v2\/posts"}],"about":[{"href":"https:\/\/www.europesays.com\/fr\/wp-json\/wp\/v2\/types\/post"}],"author":[{"embeddable":true,"href":"https:\/\/www.europesays.com\/fr\/wp-json\/wp\/v2\/users\/2"}],"replies":[{"embeddable":true,"href":"https:\/\/www.europesays.com\/fr\/wp-json\/wp\/v2\/comments?post=657027"}],"version-history":[{"count":0,"href":"https:\/\/www.europesays.com\/fr\/wp-json\/wp\/v2\/posts\/657027\/revisions"}],"wp:featuredmedia":[{"embeddable":true,"href":"https:\/\/www.europesays.com\/fr\/wp-json\/wp\/v2\/media\/657028"}],"wp:attachment":[{"href":"https:\/\/www.europesays.com\/fr\/wp-json\/wp\/v2\/media?parent=657027"}],"wp:term":[{"taxonomy":"category","embeddable":true,"href":"https:\/\/www.europesays.com\/fr\/wp-json\/wp\/v2\/categories?post=657027"},{"taxonomy":"post_tag","embeddable":true,"href":"https:\/\/www.europesays.com\/fr\/wp-json\/wp\/v2\/tags?post=657027"}],"curies":[{"name":"wp","href":"https:\/\/api.w.org\/{rel}","templated":true}]}}