{"id":657029,"date":"2026-01-11T22:15:11","date_gmt":"2026-01-11T22:15:11","guid":{"rendered":"https:\/\/www.europesays.com\/fr\/657029\/"},"modified":"2026-01-11T22:15:11","modified_gmt":"2026-01-11T22:15:11","slug":"coupe-de-france-le-mhsc-etrille-le-fc-metz-equipe-de-ligue-1-et-se-qualifie-en-8es-de-finale","status":"publish","type":"post","link":"https:\/\/www.europesays.com\/fr\/657029\/","title":{"rendered":"Coupe de France\u00a0: le MHSC \u00e9trille le FC Metz, \u00e9quipe de Ligue 1, et se qualifie en 8es de finale"},"content":{"rendered":"<p>Quelle r\u00e9action apr\u00e8s la d\u00e9faite de lundi contre Dunkerque\u00a0! Avec une le\u00e7on de r\u00e9alisme et un match r\u00e9f\u00e9rence, le MHSC s&rsquo;offre un carton 4-0 chez le FC Metz, \u00e9quipe de Ligue 1, et se qualifie avec brio pour les 8es de finale de la Coupe de France.<\/p>\n<p>En Coupe de France, l&rsquo;important c&rsquo;est de se qualifier. Mais si c&rsquo;est possible de le faire avec la mani\u00e8re, en plus \u00e0 l&rsquo;ext\u00e9rieur dans un froid glacial, en plus sur le terrain d&rsquo;une \u00e9quipe de Ligue 1, en plus quelques jours \u00e0 peine apr\u00e8s\u00a0<a class=\"IciLink ici-link IciArticleLink g-ici-body-regular-1 underline brand svelte-1chfe2s\" href=\"https:\/\/www.francebleu.fr\/sports\/football\/en-direct-ligue-2-le-mhsc-recoit-dunkerque-pour-attaquer-la-phase-retour-suivez-le-match-en-integralite-9290134\" target=\"_blank\" rel=\"noopener\">une grosse d\u00e9faite<\/a>\u00a0\u00e0 domicile&#8230; Dimanche 11 janvier 2026, le MHSC a donn\u00e9 une le\u00e7on de r\u00e9alisme au FC Metz en 16e de finale de la Coupe de France. La Paillade est qualifi\u00e9e pour les 8es et tient son match r\u00e9f\u00e9rence contre une \u00ab\u00a0grosse\u00a0\u00bb \u00e9quipe. Le tirage au sort des 8es aura lieu mardi soir.<\/p>\n<p> Le coup parfait\u00a0!<\/p>\n<p>Montpellier, qui se devait de r\u00e9agir apr\u00e8s la d\u00e9faite contre Dunkerque, \u00e9tait attendu sur l&rsquo;\u00e9tat d&rsquo;esprit et l&rsquo;intensit\u00e9. Message visiblement re\u00e7u \u00e0 100% par le vestiaire. D\u00e8s la 7e minute, la Paillade obtient un p\u00e9nalty, Nicolas Pays est accroch\u00e9 par le gardien. T\u00e9ji Savanier se charge de le transformer, sans trembler. Son 50e but avec le MHSC&#8230; pour son 200e match avec le club\u00a0!<\/p>\n<p>Souvent cette saison, la Paillade a eu du mal \u00e0 \u00ab\u00a0tuer les matchs\u00a0\u00bb, \u00e0 se mettre \u00e0 l&rsquo;abri apr\u00e8s avoir ouvert la marquer. Pas cette fois-ci\u00a0! D\u00e8s la 22e minute, Montpellier double la mise\u00a0: Yanis Issoufou r\u00e9cup\u00e8re un ballon sur le c\u00f4t\u00e9 gauche, s&rsquo;appuie sur des co\u00e9quipiers, pour finalement reprendre d&rsquo;une frappe puissante. 2-0 ! Une bonne parade de Viktor Dzodic, titularis\u00e9 \u00e0 la place de Mathieu Michel (victime d&rsquo;un coup contre Dunkerque lundi et pas \u00e0 100% selon Zoumana Camara), et le MHSC peut rentrer confiant dans la chaleur des vestiaires.<\/p>\n<p>Dans le monde du football, on souligne r\u00e9guli\u00e8rement l&rsquo;importance du troisi\u00e8me but d&rsquo;un match, celui qui fait basculer la partie. Il est inscrit par la Paillade 49 secondes \u00e0 peine apr\u00e8s le d\u00e9but de la deuxi\u00e8me p\u00e9riode. L&rsquo;action collective est de grande classe. Nicolas Pays part de son c\u00f4t\u00e9 gauche, sollicite le une-deux avec Issoufou (encore lui!), centre et trouve Tchato au deuxi\u00e8me poteau. Metz est \u00e0 l&rsquo;agonie, achev\u00e9 par le quatri\u00e8me but montpelli\u00e9rain, une contre-attaque emmen\u00e9e par Issoufou, qui sert Nicolas Pays pour le 4-0.\u00a0Le parcours parfait sur le plan comptable se poursuit en Coupe de France\u00a0: quatre matchs, neuf buts marqu\u00e9s, aucun conc\u00e9d\u00e9.<\/p>\n<p>Zoumana Camara\u00a0: \u00ab\u00a0C&rsquo;est le visage que j&rsquo;aurais aim\u00e9 voir \u00e0 la Mosson pour rendre un hommage \u00e0 Jean-Louis Gasset\u00a0\u00bb<\/p>\n<p>\u00ab\u00a0J&rsquo;attendais une r\u00e9action, j&rsquo;ai eu la r\u00e9ponse. Depuis le d\u00e9but, j&rsquo;ai des joueurs r\u00e9ceptifs. J&rsquo;ai des jeunes joueurs, qui dit jeune dit irr\u00e9gularit\u00e9, qui dit jeune dit parfois inconstance, ils peuvent parfois \u00eatre dans le doute (&#8230;). Il ne faut pas banaliser \u00e7a, aujourd&rsquo;hui je suis fier de ce qu&rsquo;ils ont montr\u00e9. Pour moi, \u00e7a c&rsquo;est le visage que j&rsquo;aurais aim\u00e9 voir \u00e0 la Mosson pour rendre un hommage \u00e0 Jean-Louis Gasset. Ils l&rsquo;ont fait une semaine plus tard. C&rsquo;est le visage que je voulais voir, oubliez le r\u00e9sultat, mais l&rsquo;\u00e9tat d&rsquo;esprit, c&rsquo;est ce que j&rsquo;attendais (&#8230;). Le plus important dans la vie, c&rsquo;est de r\u00e9agir derri\u00e8re, et j&rsquo;ai eu une belle r\u00e9ponse aujourd&rsquo;hui\u00a0\u00bb.<\/p>\n<p>Yanis Issoufou, impliqu\u00e9 sur les quatre buts,\u00a0\u00ab\u00a0il a saisi l&rsquo;opportunit\u00e9, de tr\u00e8s belle mani\u00e8re\u00a0\u00bb<\/p>\n<p>Une soir\u00e9e encore plus parfaite pour un joueur en particulier\u00a0: Yanis Issoufou. L&rsquo;attaquant de 19 ans, professionnel depuis le printemps, titulaire pour la premi\u00e8re fois cette saison, a \u00e9t\u00e9 pr\u00e9f\u00e9r\u00e9 \u00e0 Victor Orakpo sur l&rsquo;aile gauche. Dans la lign\u00e9e des promesses entrevues sur ses entr\u00e9es, il s&rsquo;est rapidement distingu\u00e9. D&rsquo;abord en prenant un carton jaune sur un exc\u00e8s d&rsquo;engagement (5e). Puis en \u00e9tant impliqu\u00e9 sur les quatre buts de son \u00e9quipe. Le premier\u00a0? Il sert Nicolas Pays qui provoque le p\u00e9nalty. Le deuxi\u00e8me\u00a0? Il r\u00e9cup\u00e8re au d\u00e9part de l&rsquo;action et sa frappe est imparable sur le but. Le troisi\u00e8me\u00a0? Il fait le une-deux avec Pays, qui centre pour Tchato. Et le quatri\u00e8me\u00a0? Il est passeur d\u00e9cisif. \u00ab\u00a0Je suis tr\u00e8s content, \u00e7a fait plaisir. J&rsquo;attendais ce match, le coach m&rsquo;a donn\u00e9 une chance, j&rsquo;ai su la prendre, j&rsquo;esp\u00e8re que \u00e7a va continuer. C&rsquo;est s\u00fbr que j&rsquo;ai marqu\u00e9 des points, la saison est encore longue, on verra les choix du coach et comment la saison va se d\u00e9rouler\u00a0\u00bb, souriait le jeune attaquant devant les micros dont celui d&rsquo;ICI H\u00e9rault, pour la premi\u00e8re \u00ab\u00a0zone mixte\u00a0\u00bb de sa carri\u00e8re.<\/p>\n<p>\u00ab\u00a0C&rsquo;est un joueur qui a \u00e9t\u00e9 longtemps bless\u00e9, qui a altern\u00e9 entre l&rsquo;infirmerie, les retours. Il a r\u00e9ussi a stabiliser, il a recommenc\u00e9 \u00e0 \u00eatre performant dans les s\u00e9ances. Il a commenc\u00e9 \u00e0 avoir des performances en N3, il a marqu\u00e9 des buts, il a \u00e9t\u00e9 d\u00e9cisif. Donc il a logiquement int\u00e9gr\u00e9 le groupe, il a fait des petites rentr\u00e9es en Coupe, int\u00e9ressantes. La r\u00e9sultante, c&rsquo;est cette titularisation, retrace son entra\u00eeneur Zoumana Camara. J&rsquo;avais besoin de profondeur, de vitesse, c&rsquo;est un joueur qui peut m&rsquo;amener \u00e7a. Il a saisi l&rsquo;opportunit\u00e9, de tr\u00e8s belle mani\u00e8re, c&rsquo;est \u00e7a le sport de haut niveau, c&rsquo;est d&rsquo;\u00eatre pr\u00eat, de travailler pour r\u00e9pondre pr\u00e9sent quand on fait appel \u00e0 vous.\u00a0 Ce serait mentir de dire que j&rsquo;attendais ces statistiques, mais il a du volume, de la vitesse, beaucoup de r\u00e9ussite, d&rsquo;efficacit\u00e9, de fraicheur. Les entra\u00eeneurs demandent \u00e0 \u00eatre surpris par les joueurs, qu&rsquo;ils am\u00e8nent cette audace, cette spontan\u00e9it\u00e9, cette fraicheur, il a bien su saisir sa chance\u00a0\u00bb.<\/p>\n<p>  <img decoding=\"async\" src=\"https:\/\/www.europesays.com\/fr\/wp-content\/uploads\/2026\/01\/1768169711_942_1280.jpeg\" alt=\"illustration agrandir l'image\" style=\"--_image-preview:url('data:image\/jpeg;base64,\/9j\/2wBDACgcHiMeGSgjISMtKygwPGRBPDc3PHtYXUlkkYCZlo+AjIqgtObDoKrarYqMyP\/L2u71\/\/\/\/m8H\/\/\/\/6\/+b9\/\/j\/2wBDASstLTw1PHZBQXb4pYyl+Pj4+Pj4+Pj4+Pj4+Pj4+Pj4+Pj4+Pj4+Pj4+Pj4+Pj4+Pj4+Pj4+Pj4+Pj4+Pj4+Pj\/wAARCAAcACoDASIAAhEBAxEB\/8QAFwABAQEBAAAAAAAAAAAAAAAAAgMBBP\/EABgQAQEBAQEAAAAAAAAAAAAAAAABAhES\/8QAFgEBAQEAAAAAAAAAAAAAAAAAAAEC\/8QAFhEBAQEAAAAAAAAAAAAAAAAAABEB\/9oADAMBAAIRAxEAPwDgkLycyXkEuM4rcjYCfG+T4XBVM5Ly3JCYlYFiuk6isaLUrUf\/2Q==');\" loading=\"lazy\" fetchpriority=\"low\" class=\"svelte-1cksh76 rounded\" onload=\"this.__e=event\" onerror=\"this.__e=event\"\/> La belle joie collective des Pailladins \u00a9 AFP   <\/p>\n<p>loading<\/p>\n<p>loading<\/p>\n<p> (function(w, d) {     if (w.FB &#038;&#038; w.FB.XFBML &#038;&#038; w.FB.XFBML.parse) {         if (&lsquo;undefined&rsquo; == typeof w.__fbTimeout) {             w.__fbTimeout = setTimeout(function() {                 w.FB.XFBML.parse();                 w.__fbTimeout = undefined;             }, 1000);         }     } else if (&lsquo;undefined&rsquo; == typeof w.__fbTimeout) {         if (d.querySelectorAll(&lsquo;#fb-root&rsquo;).length === 0) {             var fbRoot = d.createElement(&lsquo;div&rsquo;);             fbRoot.id = &lsquo;fb-root&rsquo;;             d.querySelector(&lsquo;body&rsquo;).append(fbRoot);         }         if (d.querySelectorAll(&lsquo;#facebook-jssdk&rsquo;).length === 0) {             var fbScript = d.createElement(&lsquo;script&rsquo;);             fbScript.id = &lsquo;facebook-jssdk&rsquo;;             fbScript.src=\u00a0\u00bb\/\/connect.facebook.net\/fr_FR\/sdk.js#xfbml=1&#038;version=v2.8&#038;appId=593991304071705&Prime;;             fbScript.async = 1;             d.querySelector(&lsquo;head&rsquo;).append(fbScript);         }     } })(window, window.document); \\u003C\/script>\\\u00a0\u00bb,\\\u00a0\u00bbprovider\\\u00a0\u00bb:\\\u00a0\u00bbfacebook\\\u00a0\u00bb,\\\u00a0\u00bbdidomiPurposes\\\u00a0\u00bb:\\\u00a0\u00bbPour afficher ce contenu Facebook, vous devez accepter les cookies \\u003Cb>R\u00e9seaux Sociaux\\u003C\/b>.\\u003Cbr>\\u003Cbr>Ces cookies permettent de partager ou r\u00e9agir directement sur les r\u00e9seaux sociaux auxquels vous \u00eates connect\u00e9s ou d&rsquo;int\u00e9grer du contenu initialement post\u00e9 sur ces r\u00e9seaux sociaux. Ils permettent aussi aux r\u00e9seaux sociaux d&rsquo;utiliser vos visites sur nos sites et applications \u00e0 des fins de personnalisation et de ciblage publicitaire.\\\u00a0\u00bb,\\\u00a0\u00bbdidomiVendorId\\\u00a0\u00bb:\\\u00a0\u00bbc:facebookc-rgacRMQm\\\u00a0\u00bb}},{\\\u00a0\u00bbtype\\\u00a0\u00bb:\\\u00a0\u00bbheading\\\u00a0\u00bb,\\\u00a0\u00bblevel\\\u00a0\u00bb:2,\\\u00a0\u00bbvalue\\\u00a0\u00bb:\\\u00a0\u00bbLe coup parfait\u00a0!\\\u00a0\u00bb},{\\\u00a0\u00bbtype\\\u00a0\u00bb:\\\u00a0\u00bbtext\\\u00a0\u00bb,\\\u00a0\u00bbchildren\\\u00a0\u00bb:[{\\\u00a0\u00bbtype\\\u00a0\u00bb:\\\u00a0\u00bbtext\\\u00a0\u00bb,\\\u00a0\u00bbvalue\\\u00a0\u00bb:\\\u00a0\u00bbMontpellier, qui se devait de r\u00e9agir apr\u00e8s la d\u00e9faite contre Dunkerque, \u00e9tait attendu sur l&rsquo;\u00e9tat d&rsquo;esprit et l&rsquo;intensit\u00e9. Message visiblement re\u00e7u \u00e0 100% par le vestiaire. D\u00e8s la 7e minute, la Paillade obtient un p\u00e9nalty, Nicolas Pays est accroch\u00e9 par le gardien. T\u00e9ji Savanier se charge de le transformer, sans trembler. Son 50e but avec le MHSC&#8230; pour son 200e match avec le club\u00a0!\\\u00a0\u00bb}]},{\\\u00a0\u00bbtype\\\u00a0\u00bb:\\\u00a0\u00bbtext\\\u00a0\u00bb,\\\u00a0\u00bbchildren\\\u00a0\u00bb:[{\\\u00a0\u00bbtype\\\u00a0\u00bb:\\\u00a0\u00bbtext\\\u00a0\u00bb,\\\u00a0\u00bbvalue\\\u00a0\u00bb:\\\u00a0\u00bbSouvent cette saison, la Paillade a eu du mal \u00e0 \\\\\\\u00a0\u00bbtuer les matchs\\\\\\\u00a0\u00bb, \u00e0 se mettre \u00e0 l&rsquo;abri apr\u00e8s avoir ouvert la marquer. Pas cette fois-ci\u00a0! D\u00e8s la 22e minute, Montpellier double la mise\u00a0: Yanis Issoufou r\u00e9cup\u00e8re un ballon sur le c\u00f4t\u00e9 gauche, s&rsquo;appuie sur des co\u00e9quipiers, pour finalement reprendre d&rsquo;une frappe puissante. 2-0 ! Une bonne parade de Viktor Dzodic, titularis\u00e9 \u00e0 la place de Mathieu Michel (victime d&rsquo;un coup contre Dunkerque lundi et pas \u00e0 100% selon Zoumana Camara), et le MHSC peut rentrer confiant dans la chaleur des vestiaires.\\\u00a0\u00bb}]},{\\\u00a0\u00bbtype\\\u00a0\u00bb:\\\u00a0\u00bbtext\\\u00a0\u00bb,\\\u00a0\u00bbchildren\\\u00a0\u00bb:[{\\\u00a0\u00bbtype\\\u00a0\u00bb:\\\u00a0\u00bbtext\\\u00a0\u00bb,\\\u00a0\u00bbvalue\\\u00a0\u00bb:\\\u00a0\u00bbDans le monde du football, on souligne r\u00e9guli\u00e8rement l&rsquo;importance du troisi\u00e8me but d&rsquo;un match, celui qui fait basculer la partie. Il est inscrit par la Paillade 49 secondes \u00e0 peine apr\u00e8s le d\u00e9but de la deuxi\u00e8me p\u00e9riode. L&rsquo;action collective est de grande classe. Nicolas Pays part de son c\u00f4t\u00e9 gauche, sollicite le une-deux avec Issoufou (encore lui!), centre et trouve Tchato au deuxi\u00e8me poteau. Metz est \u00e0 l&rsquo;agonie, achev\u00e9 par le quatri\u00e8me but montpelli\u00e9rain, une contre-attaque emmen\u00e9e par Issoufou, qui sert Nicolas Pays pour le 4-0.\u00a0Le parcours parfait sur le plan comptable se poursuit en Coupe de France\u00a0: quatre matchs, neuf buts marqu\u00e9s, aucun conc\u00e9d\u00e9.\\\u00a0\u00bb}]},{\\\u00a0\u00bbtype\\\u00a0\u00bb:\\\u00a0\u00bbheading\\\u00a0\u00bb,\\\u00a0\u00bblevel\\\u00a0\u00bb:2,\\\u00a0\u00bbvalue\\\u00a0\u00bb:\\\u00a0\u00bbZoumana Camara\u00a0: \\\\\\\u00a0\u00bbC&rsquo;est le visage que j&rsquo;aurais aim\u00e9 voir \u00e0 la Mosson pour rendre un hommage \u00e0 Jean-Louis Gasset\\\\\\\u00a0\u00bb\\\u00a0\u00bb},{\\\u00a0\u00bbtype\\\u00a0\u00bb:\\\u00a0\u00bbtext\\\u00a0\u00bb,\\\u00a0\u00bbchildren\\\u00a0\u00bb:[{\\\u00a0\u00bbtype\\\u00a0\u00bb:\\\u00a0\u00bbtext\\\u00a0\u00bb,\\\u00a0\u00bbvalue\\\u00a0\u00bb:\\\u00a0\u00bb\\u003Cem>\\\\\\\u00a0\u00bbJ&rsquo;attendais une r\u00e9action, j&rsquo;ai eu la r\u00e9ponse. Depuis le d\u00e9but, j&rsquo;ai des joueurs r\u00e9ceptifs. J&rsquo;ai des jeunes joueurs, qui dit jeune dit irr\u00e9gularit\u00e9, qui dit jeune dit parfois inconstance, ils peuvent parfois \u00eatre dans le doute (&#8230;). Il ne faut pas banaliser \u00e7a, aujourd&rsquo;hui je suis fier de ce qu&rsquo;ils ont montr\u00e9. Pour moi, \u00e7a c&rsquo;est le visage que j&rsquo;aurais aim\u00e9 voir \u00e0 la Mosson pour rendre un hommage \u00e0 Jean-Louis Gasset. Ils l&rsquo;ont fait une semaine plus tard. C&rsquo;est le visage que je voulais voir, oubliez le r\u00e9sultat, mais l&rsquo;\u00e9tat d&rsquo;esprit, c&rsquo;est ce que j&rsquo;attendais (&#8230;). Le plus important dans la vie, c&rsquo;est de r\u00e9agir derri\u00e8re, et j&rsquo;ai eu une belle r\u00e9ponse aujourd&rsquo;hui\\\\\\\u00a0\u00bb.\\u003C\/em>\\\u00a0\u00bb}]},{\\\u00a0\u00bbtype\\\u00a0\u00bb:\\\u00a0\u00bbheading\\\u00a0\u00bb,\\\u00a0\u00bblevel\\\u00a0\u00bb:2,\\\u00a0\u00bbvalue\\\u00a0\u00bb:\\\u00a0\u00bbYanis Issoufou, impliqu\u00e9 sur les quatre buts,\u00a0\\\\\\\u00a0\u00bbil a saisi l&rsquo;opportunit\u00e9, de tr\u00e8s belle mani\u00e8re\\\\\\\u00a0\u00bb\\\u00a0\u00bb},{\\\u00a0\u00bbtype\\\u00a0\u00bb:\\\u00a0\u00bbtext\\\u00a0\u00bb,\\\u00a0\u00bbchildren\\\u00a0\u00bb:[{\\\u00a0\u00bbtype\\\u00a0\u00bb:\\\u00a0\u00bbtext\\\u00a0\u00bb,\\\u00a0\u00bbvalue\\\u00a0\u00bb:\\\u00a0\u00bbUne soir\u00e9e encore plus parfaite pour un joueur en particulier\u00a0: Yanis Issoufou. L&rsquo;attaquant de 19 ans, professionnel depuis le printemps, titulaire pour la premi\u00e8re fois cette saison, a \u00e9t\u00e9 pr\u00e9f\u00e9r\u00e9 \u00e0 Victor Orakpo sur l&rsquo;aile gauche. Dans la lign\u00e9e des promesses entrevues sur ses entr\u00e9es, il s&rsquo;est rapidement distingu\u00e9. D&rsquo;abord en prenant un carton jaune sur un exc\u00e8s d&rsquo;engagement (5e). Puis en \u00e9tant impliqu\u00e9 sur les quatre buts de son \u00e9quipe. Le premier\u00a0? Il sert Nicolas Pays qui provoque le p\u00e9nalty. Le deuxi\u00e8me\u00a0? Il r\u00e9cup\u00e8re au d\u00e9part de l&rsquo;action et sa frappe est imparable sur le but. Le troisi\u00e8me\u00a0? Il fait le une-deux avec Pays, qui centre pour Tchato. Et le quatri\u00e8me\u00a0? Il est passeur d\u00e9cisif. \\u003Cem>\\\\\\\u00a0\u00bbJe suis tr\u00e8s content, \u00e7a fait plaisir. J&rsquo;attendais ce match, le coach m&rsquo;a donn\u00e9 une chance, j&rsquo;ai su la prendre, j&rsquo;esp\u00e8re que \u00e7a va continuer. C&rsquo;est s\u00fbr que j&rsquo;ai marqu\u00e9 des points, la saison est encore longue, on verra les choix du coach et comment la saison va se d\u00e9rouler\\\\\\\u00a0\u00bb\\u003C\/em>, souriait le jeune attaquant devant les micros dont celui d&rsquo;ICI H\u00e9rault, pour la premi\u00e8re \\\\\\\u00a0\u00bbzone mixte\\\\\\\u00a0\u00bb de sa carri\u00e8re.\\\u00a0\u00bb}]},{\\\u00a0\u00bbtype\\\u00a0\u00bb:\\\u00a0\u00bbtext\\\u00a0\u00bb,\\\u00a0\u00bbchildren\\\u00a0\u00bb:[{\\\u00a0\u00bbtype\\\u00a0\u00bb:\\\u00a0\u00bbtext\\\u00a0\u00bb,\\\u00a0\u00bbvalue\\\u00a0\u00bb:\\\u00a0\u00bb\\u003Cem>\\\\\\\u00a0\u00bbC&rsquo;est un joueur qui a \u00e9t\u00e9 longtemps bless\u00e9, qui a altern\u00e9 entre l&rsquo;infirmerie, les retours. Il a r\u00e9ussi a stabiliser, il a recommenc\u00e9 \u00e0 \u00eatre performant dans les s\u00e9ances. Il a commenc\u00e9 \u00e0 avoir des performances en N3, il a marqu\u00e9 des buts, il a \u00e9t\u00e9 d\u00e9cisif. Donc il a logiquement int\u00e9gr\u00e9 le groupe, il a fait des petites rentr\u00e9es en Coupe, int\u00e9ressantes. La r\u00e9sultante, c&rsquo;est cette titularisation,\\u003C\/em> retrace son entra\u00eeneur Zoumana Camara. \\u003Cem>J&rsquo;avais besoin de profondeur, de vitesse, c&rsquo;est un joueur qui peut m&rsquo;amener \u00e7a. Il a saisi l&rsquo;opportunit\u00e9, de tr\u00e8s belle mani\u00e8re, c&rsquo;est \u00e7a le sport de haut niveau, c&rsquo;est d&rsquo;\u00eatre pr\u00eat, de travailler pour r\u00e9pondre pr\u00e9sent quand on fait appel \u00e0 vous.\u00a0 Ce serait mentir de dire que j&rsquo;attendais ces statistiques, mais il a du volume, de la vitesse, beaucoup de r\u00e9ussite, d&rsquo;efficacit\u00e9, de fraicheur. Les entra\u00eeneurs demandent \u00e0 \u00eatre surpris par les joueurs, qu&rsquo;ils am\u00e8nent cette audace, cette spontan\u00e9it\u00e9, cette fraicheur, il a bien su saisir sa chance\\\\\\\u00a0\u00bb.\\u003C\/em>\\\u00a0\u00bb}]},{\\\u00a0\u00bbtype\\\u00a0\u00bb:\\\u00a0\u00bbembed\\\u00a0\u00bb,\\\u00a0\u00bbdata\\\u00a0\u00bb:{\\\u00a0\u00bbhtml\\\u00a0\u00bb:\\\u00a0\u00bb\\u003Cblockquote class=\\\\\\\u00a0\u00bbtwitter-tweet\\\\\\\u00a0\u00bb data-width=\\\\\\\u00a0\u00bb550\\\\\\\u00a0\u00bb>\\u003Cp lang=\\\\\\\u00a0\u00bbfr\\\\\\\u00a0\u00bb dir=\\\\\\\u00a0\u00bbltr\\\\\\\u00a0\u00bb>\ud83d\udd25 1er but en pro et le \ud835\udded\ud835\udddc\ud835\uddda\ud835\udde8\ud835\uddd8 \ud835\udded\ud835\uddd4\ud835\uddda\ud835\udde8\ud835\uddd8\ud835\uddd8\ud835\uddd8\ud835\uddd8 de la \ud835\udde4\ud835\udde8\ud835\uddd4\ud835\udddf\ud835\udddc\ud835\uddd9 pour Yanis Issoufou \ud83c\udfc6\ud83d\ude0d\u26bd\ufe0f\\u003Cbr>\\u003Cbr>F\u00e9licitations Yanis \ud83d\udc4f\\u003Cbr>\\u003Cbr>\ud83c\udfc6 \ud835\udc05\ud835\udc02 \ud835\udc0c\ud835\udc1e\ud835\udc2d\ud835\udc33 \ud835\udfce-\ud835\udfd2 \ud835\udc0c\ud835\udc07\ud835\udc12\ud835\udc02 \\u003Ca href=\\\\\\\u00a0\u00bbhttps:\/\/t.co\/Vfk32VDc7H\\\\\\\u00a0\u00bb>pic.twitter.com\/Vfk32VDc7H\\u003C\/a>\\u003C\/p>&mdash; MHSC (@MontpellierHSC) \\u003Ca href=\\\\\\\u00a0\u00bbhttps:\/\/twitter.com\/MontpellierHSC\/status\/2010431430694936861?ref_src=twsrc%5Etfw\\\\\\\u00a0\u00bb>January 11, 2026\\u003C\/a>\\u003C\/blockquote>\\\\n\\u003Cscript async src=\\\\\\\u00a0\u00bbhttps:\/\/platform.twitter.com\/widgets.js\\\\\\\u00a0\u00bb charset=\\\\\\\u00a0\u00bbutf-8\\\\\\\u00a0\u00bb>\\u003C\/script>\\\\n\\\\n\\\u00a0\u00bb,\\\u00a0\u00bbprovider\\\u00a0\u00bb:\\\u00a0\u00bbtwitter\\\u00a0\u00bb,\\\u00a0\u00bbdidomiPurposes\\\u00a0\u00bb:\\\u00a0\u00bbPour afficher ce contenu X (anciennement Twitter), vous devez accepter les cookies \\u003Cb>R\u00e9seaux Sociaux\\u003C\/b>.\\u003Cbr>\\u003Cbr>Ces cookies permettent de partager ou r\u00e9agir directement sur les r\u00e9seaux sociaux auxquels vous \u00eates connect\u00e9s ou d&rsquo;int\u00e9grer du contenu initialement post\u00e9 sur ces r\u00e9seaux sociaux. Ils permettent aussi aux r\u00e9seaux sociaux d&rsquo;utiliser vos visites sur nos sites et applications \u00e0 des fins de personnalisation et de ciblage publicitaire.\\\u00a0\u00bb,\\\u00a0\u00bbdidomiVendorId\\\u00a0\u00bb:\\\u00a0\u00bbc:twitter-rNGnjKz6\\\u00a0\u00bb}},{\\\u00a0\u00bbtype\\\u00a0\u00bb:\\\u00a0\u00bbimage\\\u00a0\u00bb,\\\u00a0\u00bbdata\\\u00a0\u00bb:{\\\u00a0\u00bbimages\\\u00a0\u00bb:[{\\\u00a0\u00bburl\\\u00a0\u00bb:\\\u00a0\u00bbhttps:\/\/www.francebleu.fr\/s3\/cruiser-production-eu3\/2026\/01\/76a9137b-a137-4e73-9338-75dd24bd246c\/600_sc_000-92cg6nc.jpg\\\u00a0\u00bb,\\\u00a0\u00bburlWebp\\\u00a0\u00bb:\\\u00a0\u00bbhttps:\/\/www.francebleu.fr\/s3\/cruiser-production-eu3\/2026\/01\/76a9137b-a137-4e73-9338-75dd24bd246c\/600_sc_000-92cg6nc.webp\\\u00a0\u00bb,\\\u00a0\u00bblegend\\\u00a0\u00bb:\\\u00a0\u00bbLa belle joie collective des Pailladins\\\u00a0\u00bb,\\\u00a0\u00bbcopyright\\\u00a0\u00bb:\\\u00a0\u00bbAFP\\\u00a0\u00bb,\\\u00a0\u00bbwidth\\\u00a0\u00bb:600,\\\u00a0\u00bbheight\\\u00a0\u00bb:400,\\\u00a0\u00bbpreview\\\u00a0\u00bb:\\\u00a0\u00bb\/9j\/2wBDACgcHiMeGSgjISMtKygwPGRBPDc3PHtYXUlkkYCZlo+AjIqgtObDoKrarYqMyP\/L2u71\/\/\/\/m8H\/\/\/\/6\/+b9\/\/j\/2wBDASstLTw1PHZBQXb4pYyl+Pj4+Pj4+Pj4+Pj4+Pj4+Pj4+Pj4+Pj4+Pj4+Pj4+Pj4+Pj4+Pj4+Pj4+Pj4+Pj4+Pj\/wAARCAAcACoDASIAAhEBAxEB\/8QAFwABAQEBAAAAAAAAAAAAAAAAAgMBBP\/EABgQAQEBAQEAAAAAAAAAAAAAAAABAhES\/8QAFgEBAQEAAAAAAAAAAAAAAAAAAAEC\/8QAFhEBAQEAAAAAAAAAAAAAAAAAABEB\/9oADAMBAAIRAxEAPwDgkLycyXkEuM4rcjYCfG+T4XBVM5Ly3JCYlYFiuk6isaLUrUf\/2Q==\\\u00a0\u00bb,\\\u00a0\u00bbdominant\\\u00a0\u00bb:\\\u00a0\u00bb#181818\\\u00a0\u00bb,\\\u00a0\u00bbid\\\u00a0\u00bb:\\\u00a0\u00bb76a9137b-a137-4e73-9338-75dd24bd246c\\\u00a0\u00bb}]}},{\\\u00a0\u00bbtype\\\u00a0\u00bb:\\\u00a0\u00bbembed\\\u00a0\u00bb,\\\u00a0\u00bbdata\\\u00a0\u00bb:{\\\u00a0\u00bbhtml\\\u00a0\u00bb:\\\u00a0\u00bb\\u003Csection data-idalgo-loader-src=\\\\\\\u00a0\u00bb\/cache\/page\/football_widget_result_large.php?refCompetition=8&#038;refDay=104470\\\\\\\u00a0\u00bb class=\\\\\\\u00a0\u00bbembed-asset-idalgo-radiofrance\\\\\\\u00a0\u00bb>\\u003C\/section>\\\\r\\\\n\\u003Cscript type=\u00a0\u00bbtext\/javascript\u00a0\u00bb src=\u00a0\u00bbhttps:\/\/radiofrance.idalgo-hosting.com\/r\/jlu\u00a0\u00bb async>\\u003C\/script>\\\u00a0\u00bb,\\\u00a0\u00bbprovider\\\u00a0\u00bb:\\\u00a0\u00bbidalgo\\\u00a0\u00bb}},{\\\u00a0\u00bbtype\\\u00a0\u00bb:\\\u00a0\u00bbembed\\\u00a0\u00bb,\\\u00a0\u00bbdata\\\u00a0\u00bb:{\\\u00a0\u00bbhtml\\\u00a0\u00bb:\\\u00a0\u00bb\\u003Csection data-idalgo-loader-src=\\\\\\\u00a0\u00bb\/cache\/page\/football_widget_match.php?refMatch=531574\\\\\\\u00a0\u00bb class=\\\\\\\u00a0\u00bbembed-asset-idalgo-radiofrance embed-asset-idalgo-radiofrance-live\\\\\\\u00a0\u00bb>\\u003C\/section>\\\\r\\\\n\\u003Cscript type=\u00a0\u00bbtext\/javascript\u00a0\u00bb src=\u00a0\u00bbhttps:\/\/radiofrance.idalgo-hosting.com\/r\/jlu\u00a0\u00bb async>\\u003C\/script>\\\u00a0\u00bb,\\\u00a0\u00bbprovider\\\u00a0\u00bb:\\\u00a0\u00bbidalgolive\\\u00a0\u00bb}}]}},\\\u00a0\u00bbdisplay\\\u00a0\u00bb:{\\\u00a0\u00bbhighBanner\\\u00a0\u00bb:true}}\u00a0\u00bb}<\/p>\n","protected":false},"excerpt":{"rendered":"Quelle r\u00e9action apr\u00e8s la d\u00e9faite de lundi contre Dunkerque\u00a0! Avec une le\u00e7on de r\u00e9alisme et un match r\u00e9f\u00e9rence,&hellip;\n","protected":false},"author":2,"featured_media":657030,"comment_status":"","ping_status":"","sticky":false,"template":"","format":"standard","meta":{"footnotes":""},"categories":[9599],"tags":[1111,11,1777,674,1011,27,2208,12,2680,25],"class_list":{"0":"post-657029","1":"post","2":"type-post","3":"status-publish","4":"format-standard","5":"has-post-thumbnail","7":"category-montpellier","8":"tag-actu","9":"tag-actualites","10":"tag-eu","11":"tag-europe","12":"tag-fr","13":"tag-france","14":"tag-montpellier","15":"tag-news","16":"tag-occitanie","17":"tag-republique-francaise"},"share_on_mastodon":{"url":"https:\/\/pubeurope.com\/@fr\/115878777558696713","error":""},"_links":{"self":[{"href":"https:\/\/www.europesays.com\/fr\/wp-json\/wp\/v2\/posts\/657029","targetHints":{"allow":["GET"]}}],"collection":[{"href":"https:\/\/www.europesays.com\/fr\/wp-json\/wp\/v2\/posts"}],"about":[{"href":"https:\/\/www.europesays.com\/fr\/wp-json\/wp\/v2\/types\/post"}],"author":[{"embeddable":true,"href":"https:\/\/www.europesays.com\/fr\/wp-json\/wp\/v2\/users\/2"}],"replies":[{"embeddable":true,"href":"https:\/\/www.europesays.com\/fr\/wp-json\/wp\/v2\/comments?post=657029"}],"version-history":[{"count":0,"href":"https:\/\/www.europesays.com\/fr\/wp-json\/wp\/v2\/posts\/657029\/revisions"}],"wp:featuredmedia":[{"embeddable":true,"href":"https:\/\/www.europesays.com\/fr\/wp-json\/wp\/v2\/media\/657030"}],"wp:attachment":[{"href":"https:\/\/www.europesays.com\/fr\/wp-json\/wp\/v2\/media?parent=657029"}],"wp:term":[{"taxonomy":"category","embeddable":true,"href":"https:\/\/www.europesays.com\/fr\/wp-json\/wp\/v2\/categories?post=657029"},{"taxonomy":"post_tag","embeddable":true,"href":"https:\/\/www.europesays.com\/fr\/wp-json\/wp\/v2\/tags?post=657029"}],"curies":[{"name":"wp","href":"https:\/\/api.w.org\/{rel}","templated":true}]}}