{"id":657036,"date":"2026-01-11T22:22:16","date_gmt":"2026-01-11T22:22:16","guid":{"rendered":"https:\/\/www.europesays.com\/fr\/657036\/"},"modified":"2026-01-11T22:22:16","modified_gmt":"2026-01-11T22:22:16","slug":"rennes-sest-fait-peur-pendant-une-heure-et-simpose-dans-la-douleur-a-chantilly","status":"publish","type":"post","link":"https:\/\/www.europesays.com\/fr\/657036\/","title":{"rendered":"Rennes s\u2019est fait peur pendant une heure et s\u2019impose dans la douleur \u00e0 Chantilly"},"content":{"rendered":"<p><strong>Chantilly (N2) &#8211; Rennes (L1)\u00a0: 1-3<\/strong><\/p>\n<p>Ils auront eu peur pendant 70 minutes mais ils ont assur\u00e9 l\u2019essentiel\u00a0: men\u00e9s 1-0 et malmen\u00e9s par les amateurs de Chantilly (National 2), les Bretons ont renvers\u00e9 le match en quelques minutes pour s\u2019imposer 3-1 et passer en 8es de finale de la Coupe de France, dimanche 11\u00a0janvier 2026 \u00e0 Beauvais (Oise).<\/p>\n<p>Les Rennais, lanc\u00e9s dans la course \u00e0 l\u2019Europe en Ligue\u00a01, ont longtemps cru subir un coup d\u2019arr\u00eat, eux qui restaient sur 7 victoires lors de leurs 8 derni\u00e8res rencontres, avec comme seul accroc <a target=\"_self\" href=\"https:\/\/www.lanouvellerepublique.fr\/sports\/ligue-1-le-psg-reprend-des-couleurs-face-a-rennes-et-reste-au-contact-de-lens-1765060255\" rel=\"noopener\">un revers contre le Paris SG<\/a> (5-0).<\/p>\n<p>Mais contrairement \u00e0 l\u2019an dernier, o\u00f9 ils avaient \u00e9t\u00e9 \u00e9limin\u00e9s par Troyes (Ligue 2) au m\u00eame stade, les triples laur\u00e9ats de la comp\u00e9tition (1965, 1971, 2019) verront bien les 8es\u00a0de finale, m\u00eame si Chantilly, qui \u00e9voluait encore en R\u00e9gional 1 (6e\u00a0division) en 2020, a longtemps fr\u00f4l\u00e9 l\u2019exploit apr\u00e8s avoir ouvert le score en fin de premi\u00e8re p\u00e9riode.<\/p>\n<p>Dans une premi\u00e8re p\u00e9riode archi domin\u00e9e (18 tirs), les Bretons se sont souvent montr\u00e9s maladroits face \u00e0 la cage du gardien cantilien Corentin Michel, qui s\u2019est montr\u00e9 solide \u00e0 plusieurs reprises face \u00e0 Esteban Lepaul (11e), Anthony Rouault (12e) ou encore Musa Al-Tamari (19e).<\/p>\n<p>Sur leur premi\u00e8re v\u00e9ritable occasion, les joueurs de Chantilly ont eux fait mouche\u00a0: servi dans la profondeur, Evens Joseph a ajust\u00e9 Brice Samba d\u2019un tir puissant (1-0, 43e).\u00a0Dans un copier-coller de la premi\u00e8re p\u00e9riode, les co\u00e9quipiers de Valentin Rongier ont d\u00e9multipli\u00e9 leurs efforts apr\u00e8s la pause, face \u00e0 une \u00e9quipe repli\u00e9e en d\u00e9fense dans sa moiti\u00e9 de terrain.\u00a0Les visiteurs ont longtemps pein\u00e9 \u00e0 trouver la faille, trouvant \u00e0 chaque fois sur leur chemin une jambe ou les gants de Michel, galvanis\u00e9 par le soutien des 10.000 spectateurs venus encourager leurs joueurs.<\/p>\n<p>Un carton rouge fatal<\/p>\n<p>Le match a finalement bascul\u00e9 en quelques minutes, apr\u00e8s l\u2019exclusion logique de Sambou Yatabar\u00e9 pour un tacle dangereux sur le lat\u00e9ral rennais Alidu Seidu (68e). Merlin, d\u2019un beau coup franc direct, a imm\u00e9diatement \u00e9galis\u00e9 (1-1, 70e), avant qu\u2019Al-Tamari, d\u2019une frappe pleine lucarne depuis l\u2019ext\u00e9rieur de la surface, ne refroidisse les ardeurs des locaux (1-2, 71e).<\/p>\n<p>Sonn\u00e9s, les Cantiliens ont encaiss\u00e9 un troisi\u00e8me but sign\u00e9 du jeune Elias Legendre qui, \u00e0 17\u00a0ans, n\u2019a pas trembl\u00e9 pour sceller l\u2019issue du match (1-3, 78e), bien servi par Ludovic Blas.<\/p>\n<p><strong>Mi-temps\u00a0:<\/strong> 1-0.<br \/><strong>Arbitre\u00a0:<\/strong> M.\u00a0Pignard.<br \/><strong>Buts\u00a0:<\/strong> pour Chantilly, Joseph (42e)\u00a0; pour Rennes, Merlin (70e), Al-Tamari (71e), Legendre (78e).<br \/><strong>Exclusion\u00a0:<\/strong> \u00e0 Chantilly, Yatabar\u00e9 (68e).<\/p>\n","protected":false},"excerpt":{"rendered":"Chantilly (N2) &#8211; Rennes (L1)\u00a0: 1-3 Ils auront eu peur pendant 70 minutes mais ils ont assur\u00e9 l\u2019essentiel\u00a0:&hellip;\n","protected":false},"author":2,"featured_media":657037,"comment_status":"","ping_status":"","sticky":false,"template":"","format":"standard","meta":{"footnotes":""},"categories":[2821],"tags":[1111,11,829,52302,1777,674,63,1011,27,12,584,25,60],"class_list":{"0":"post-657036","1":"post","2":"type-post","3":"status-publish","4":"format-standard","5":"has-post-thumbnail","7":"category-rennes","8":"tag-actu","9":"tag-actualites","10":"tag-bretagne","11":"tag-coupe-de-france-football","12":"tag-eu","13":"tag-europe","14":"tag-football","15":"tag-fr","16":"tag-france","17":"tag-news","18":"tag-rennes","19":"tag-republique-francaise","20":"tag-sports"},"share_on_mastodon":{"url":"https:\/\/pubeurope.com\/@fr\/115878805311026771","error":""},"_links":{"self":[{"href":"https:\/\/www.europesays.com\/fr\/wp-json\/wp\/v2\/posts\/657036","targetHints":{"allow":["GET"]}}],"collection":[{"href":"https:\/\/www.europesays.com\/fr\/wp-json\/wp\/v2\/posts"}],"about":[{"href":"https:\/\/www.europesays.com\/fr\/wp-json\/wp\/v2\/types\/post"}],"author":[{"embeddable":true,"href":"https:\/\/www.europesays.com\/fr\/wp-json\/wp\/v2\/users\/2"}],"replies":[{"embeddable":true,"href":"https:\/\/www.europesays.com\/fr\/wp-json\/wp\/v2\/comments?post=657036"}],"version-history":[{"count":0,"href":"https:\/\/www.europesays.com\/fr\/wp-json\/wp\/v2\/posts\/657036\/revisions"}],"wp:featuredmedia":[{"embeddable":true,"href":"https:\/\/www.europesays.com\/fr\/wp-json\/wp\/v2\/media\/657037"}],"wp:attachment":[{"href":"https:\/\/www.europesays.com\/fr\/wp-json\/wp\/v2\/media?parent=657036"}],"wp:term":[{"taxonomy":"category","embeddable":true,"href":"https:\/\/www.europesays.com\/fr\/wp-json\/wp\/v2\/categories?post=657036"},{"taxonomy":"post_tag","embeddable":true,"href":"https:\/\/www.europesays.com\/fr\/wp-json\/wp\/v2\/tags?post=657036"}],"curies":[{"name":"wp","href":"https:\/\/api.w.org\/{rel}","templated":true}]}}