{"id":657038,"date":"2026-01-11T22:23:33","date_gmt":"2026-01-11T22:23:33","guid":{"rendered":"https:\/\/www.europesays.com\/fr\/657038\/"},"modified":"2026-01-11T22:23:33","modified_gmt":"2026-01-11T22:23:33","slug":"8-nouveautes-qui-vont-bousculer-notre-quotidien-en-2026","status":"publish","type":"post","link":"https:\/\/www.europesays.com\/fr\/657038\/","title":{"rendered":"8 nouveaut\u00e9s qui vont bousculer notre quotidien en 2026"},"content":{"rendered":"<p><b>Alors que la nouvelle ann\u00e9e est d\u00e9sormais entam\u00e9e, plusieurs nouveaut\u00e9s vont venir bouleverser le quotidien des Strasbourgeois(es) en 2026. Des changements concrets dans la ville, et un peu plus loin, allant de grands projets aux \u00e9lections municipales.<\/b><\/p>\n<p class=\"p1\"><b>En 2026, Stras-bouge toujours<\/b>. Avec la nouvelle ann\u00e9e arrivent de nombreuses nouveaut\u00e9s : que vous soyez fan de lecture, de voyage, de musique, de bi\u00e8re-football ou tout simplement de culture, 2026 apportera son lot de bouleversements dans votre quotidien.<\/p>\n<p class=\"p1\">Janvier est donc l\u2019occasion parfaite pour dresser<b> une liste non exhaustive de ce qui va venir transformer la ville et l\u2019Eurom\u00e9tropole en 2026, <\/b>deux mois avant les \u00e9lections municipales.<\/p>\n<p>    <img width=\"800\" height=\"533\" src=\"https:\/\/www.europesays.com\/fr\/wp-content\/uploads\/2026\/01\/france-strasbourg-neige-wr-83-sur-116-800x533.jpg\" class=\"attachment-image-size-L size-image-size-L\" alt=\"bonnet, neige, froid, cath\u00e9drale, gens\" decoding=\"async\" loading=\"lazy\"  \/>         \u00a9 Wilfried Rion \/ Pokaa <\/p>\n<p>D\u00e9couvrir (peut-\u00eatre) un nouveau ou une nouvelle maire<\/p>\n<p class=\"p1\">C\u2019est sans doute le bouleversement n\u00b01 : <b>le soir du 22 mars 2026, Strasbourg aura (peut-\u00eatre) un(e) nouveau\/lle maire, en cas de d\u00e9faite de Jeanne Barseghian, candidate \u00e0 sa r\u00e9\u00e9lection<\/b>. Les \u00e9lections municipales sont le gros temps fort de l\u2019ann\u00e9e strasbourgeoise, puisque selon l\u2019identit\u00e9 du vainqueur, la ville pourra prendre des directions diff\u00e9rentes.<\/p>\n<p class=\"p1\">Depuis plusieurs mois, <b>la campagne fait rage avec plus d\u2019une dizaine de candidat(e)s d\u00e9clar\u00e9(e)s, et quelques autres dont on ne conna\u00eet pas encore les choix<\/b>. Pour l\u2019instant, et m\u00eame si les sondages sortis n\u2019ont que peu de valeur, Catherine Trautmann semble \u00eatre la favorite. Alors que la campagne va s\u2019acc\u00e9l\u00e9rer dans les prochaines semaines, Pokaa sera l\u00e0 pour vous faire d\u00e9couvrir, en articles et en vid\u00e9os, les programmes des candidat(e)s.<\/p>\n<p>                <a href=\"https:\/\/pokaa.fr\/2025\/12\/10\/municipales-2026-un-nouveau-sondage-place-trautmann-largement-en-tete-a-strasbourg\/\" target=\"_blank\" rel=\"noopener\"><br \/>\n                    <img width=\"450\" height=\"270\" src=\"https:\/\/www.europesays.com\/fr\/wp-content\/uploads\/2025\/12\/b4-450x270.jpg\" class=\"attachment-card-horizontal--same-subject size-card-horizontal--same-subject wp-post-image\" alt=\"\" decoding=\"async\" loading=\"lazy\"\/>                <\/a><\/p>\n<p>    <img width=\"800\" height=\"533\" src=\"https:\/\/www.europesays.com\/fr\/wp-content\/uploads\/2026\/01\/vote-strasbourg-3.jpg\" class=\"attachment-image-size-L size-image-size-L\" alt=\"vote strasbourg 3\" decoding=\"async\" loading=\"lazy\"  \/>         \u00a9 ML \/ Pokaa <\/p>\n<p>Aller rue du 22-Novembre pour chiner un bouquin \u00e0 la Librairie Kl\u00e9ber<\/p>\n<p class=\"p1\">Institution embl\u00e9matique de l\u2019hypercentre, la Librairie Kl\u00e9ber fausse en 2026 temporairement compagnie \u00e0 la place qui lui donne son nom. En cause :<b> 11 mois de travaux de r\u00e9novation et de restructuration du b\u00e2timent, qui en avait bien besoin.<\/b> L\u2019objectif ? Rendre le d\u00e9placement dans la librairie plus agr\u00e9able, et celle-ci plus attractive.<\/p>\n<p>                <a href=\"https:\/\/pokaa.fr\/2025\/11\/06\/strasbourg-en-travaux-voici-a-quoi-ressemblera-la-nouvelle-librairie-kleber-en-2027\/\" target=\"_blank\" rel=\"noopener\"><br \/>\n                    <img width=\"450\" height=\"270\" src=\"https:\/\/www.europesays.com\/fr\/wp-content\/uploads\/2026\/01\/kleber-vue3d1-c-satellite-paris-450x270.jpg\" class=\"attachment-card-horizontal--same-subject size-card-horizontal--same-subject wp-post-image\" alt=\"\" decoding=\"async\" loading=\"lazy\"\/>                <\/a><\/p>\n<p>    <img width=\"800\" height=\"600\" src=\"https:\/\/www.europesays.com\/fr\/wp-content\/uploads\/2026\/01\/img-4999-800x600.jpeg\" class=\"attachment-image-size-L size-image-size-L\" alt=\"librairie Kl\u00e9ber\" decoding=\"async\" loading=\"lazy\"  \/>         \u00a9 Anthony Jilli \/ Pokaa <\/p>\n<p>Mais comme the show must go on, la Librairie Kl\u00e9ber occupera durant les travaux un autre b\u00e2timent, situ\u00e9 juste \u00e0 c\u00f4t\u00e9 : <b>les 1 400 m2 de l\u2019ex-Boulanger rue du 22-Novembre, pour un \u00ab Kl\u00e9ber \u00c9ph\u00e9m\u00e8re \u00bb<\/b>. Un nouveau lieu qui ouvre ses portes le 15 janvier \u00e0 9h, \u00e0 la fin du d\u00e9m\u00e9nagement des 190 000 livres qui est en cours. On a h\u00e2te.<\/p>\n<p>                <img width=\"375\" height=\"500\" src=\"https:\/\/www.europesays.com\/fr\/wp-content\/uploads\/2026\/01\/img-4032-375x500.jpg\" class=\"attachment-gallery size-gallery\" alt=\"Librairie Kl\u00e9ber\" data-full-url=\"https:\/\/pokaa.fr\/wp-content\/uploads\/2026\/01\/09\/img-4032.jpg\" decoding=\"async\" loading=\"lazy\"  \/>            <\/p>\n<p>                <img width=\"375\" height=\"500\" src=\"https:\/\/www.europesays.com\/fr\/wp-content\/uploads\/2026\/01\/img-4033-375x500.jpg\" class=\"attachment-gallery size-gallery\" alt=\"Librairie Kl\u00e9ber\" data-full-url=\"https:\/\/pokaa.fr\/wp-content\/uploads\/2026\/01\/09\/img-4033.jpg\" decoding=\"async\" loading=\"lazy\"  \/>            <\/p>\n<p>                    \u00a9 Vivien Latuner \/ Pokaa<\/p>\n<p>Ce sera \u00e0 nouveau possible de danser \u00e0 la Laiterie<\/p>\n<p class=\"p1\">Soulagement pour les fans de musique \u00e0 Strasbourg : <b>2026 sera l\u2019ann\u00e9e de la r\u00e9ouverture de la Laiterie<\/b>. Annonc\u00e9s en 2023, puis d\u00e9but\u00e9s en juillet 2024, les travaux touchent \u00e0 leur fin, et la salle embl\u00e9matique du quartier Gare n\u2019attend qu\u2019une chose : accueillir les Strasbourgeois(es) en manque de danse et de bon son.<\/p>\n<p>                <a href=\"https:\/\/pokaa.fr\/2024\/03\/27\/strasbourg-la-laiterie\/\" target=\"_blank\" rel=\"noopener\"><br \/>\n                    <img width=\"450\" height=\"270\" src=\"https:\/\/www.europesays.com\/fr\/wp-content\/uploads\/2025\/06\/laiterie-weber-keiling-associes-450x270.png\" class=\"attachment-card-horizontal--same-subject size-card-horizontal--same-subject wp-post-image\" alt=\"\" decoding=\"async\" loading=\"lazy\"\/>                <\/a><\/p>\n<p>Pour rappel, <b>la jauge de la grande salle passe de 870 \u00e0 1 164 personnes, avec l\u2019agrandissement des gradins<\/b>. L\u2019entr\u00e9e sera quant \u00e0 elle situ\u00e9e au niveau des anciens locaux d\u00e9di\u00e9s au stockage et \u00e0 la technique.<\/p>\n<p>Surtout, Le Club, la deuxi\u00e8me salle,<strong> <a href=\"https:\/\/pokaa.fr\/2025\/06\/08\/projet-a-52-millions-de-a-strasbourg-le-hall-des-chars-va-se-transformer-avec-2-salles\/\" target=\"_blank\" rel=\"noopener\">va d\u00e9m\u00e9nager dans le cabinet des curiosit\u00e9s du Hall des Chars<\/a>,<\/strong>\u00a0situ\u00e9 rue du Hohwald, dans des travaux qui prendront le relais cette ann\u00e9e. Bref, que de bonnes choses, et on a h\u00e2te de pouvoir vous montrer \u00e0 quoi \u00e7a ressemble !<\/p>\n<p>    <img width=\"800\" height=\"600\" src=\"https:\/\/www.europesays.com\/fr\/wp-content\/uploads\/2026\/01\/img-9495-800x600.jpg\" class=\"attachment-image-size-L size-image-size-L\" alt=\"IMG_9495\" decoding=\"async\" loading=\"lazy\"  \/>         \u00a9 Nicolas Kaspar \/ Pokaa <\/p>\n<p>S&rsquo;inscrire dans les m\u00e9diath\u00e8ques de l\u2019Eurom\u00e9tropole (EMS) est d\u00e9sormais gratuit<\/p>\n<p class=\"p1\">Depuis le 1er janvier, <b>l\u2019acc\u00e8s aux 34 m\u00e9diath\u00e8ques de Strasbourg et de l\u2019EMS est d\u00e9sormais gratuit<\/b>. Vot\u00e9e le 28 mars dernier au conseil de l\u2019Eurom\u00e9tropole, la mesure concerne donc les 12 m\u00e9diath\u00e8ques et le \u00ab Bibliobus \u00bb (itin\u00e9rant) de l\u2019EMS, ainsi que 21 biblioth\u00e8ques et m\u00e9diath\u00e8ques communales, aux alentours, allant m\u00eame jusqu\u2019\u00e0 notre homologue allemande de Kehl.<\/p>\n<p>                <a href=\"https:\/\/pokaa.fr\/2026\/01\/07\/il-y-en-a-34-les-mediatheques-de-strasbourg-sont-desormais-gratuites\/\" target=\"_blank\" rel=\"noopener\"><br \/>\n                    <img width=\"450\" height=\"270\" src=\"https:\/\/www.europesays.com\/fr\/wp-content\/uploads\/2026\/01\/mediatheque-olympe-de-gouges-alban-hefti-document-remis-450x270.jpg\" class=\"attachment-card-horizontal--same-subject size-card-horizontal--same-subject wp-post-image\" alt=\"\" decoding=\"async\" loading=\"lazy\"\/>                <\/a><\/p>\n<p>Concr\u00e8tement, <b>l\u2019inscription et l\u2019emprunt sont d\u00e9sormais gratuits, en plus de la consultation sur place des ouvrages et de l\u2019acc\u00e8s \u00e0 Internet qui l\u2019\u00e9taient d\u00e9j\u00e0<\/b>. Pour s\u2019inscrire, il suffit juste de se pr\u00e9senter dans une m\u00e9diath\u00e8que avec sa pi\u00e8ce d\u2019identit\u00e9. Un grand pas pour l\u2019acc\u00e8s \u00e0 la culture des Strasbourgeois(es) et des habitant(e)s de l\u2019EMS.<\/p>\n<p>    <img width=\"800\" height=\"533\" src=\"https:\/\/www.europesays.com\/fr\/wp-content\/uploads\/2026\/01\/france-strasbourg-ete-wr-78-sur-113-800x533.jpg\" class=\"attachment-image-size-L size-image-size-L\" alt=\"Quai de la m\u00e9diath\u00e8que Malraux, Le Barco, P\u00e9niche M\u00e9canique\" decoding=\"async\" loading=\"lazy\"  \/>         \u00a9 Wilfried Rion \/ Pokaa <\/p>\n<p>On pourra poser un pied dans le stade de la Meinau enti\u00e8rement r\u00e9nov\u00e9<\/p>\n<p class=\"p1\">On aurait pu mettre l\u2019arriv\u00e9e d\u2019un nouvel entra\u00eeneur \u00e0 mi-saison au Racing en la personne de Gary O\u2019Neil, tant l\u2019information a fait parler apr\u00e8s le d\u00e9part de Liam Rosenior. N\u00e9anmoins, ce qui arrive surtout en 2026 pour le Racing Club de Strasbourg, <b>c\u2019est la livraison compl\u00e8te de son stade de la Meinau compl\u00e8tement r\u00e9nov\u00e9<\/b>.<\/p>\n<p>                <a href=\"https:\/\/pokaa.fr\/2026\/01\/07\/strasbourg-a-42-ans-qui-est-gary-oneil-le-nouvel-entraineur-du-racing\/\" target=\"_blank\" rel=\"noopener\"><br \/>\n                    <img width=\"450\" height=\"270\" src=\"https:\/\/www.europesays.com\/fr\/wp-content\/uploads\/2026\/01\/h2-450x270.jpg\" class=\"attachment-card-horizontal--same-subject size-card-horizontal--same-subject wp-post-image\" alt=\"\" decoding=\"async\" loading=\"lazy\"\/>                <\/a><\/p>\n<p>Apr\u00e8s l\u2019inauguration de la tribune Sud, puis la r\u00e9ouverture de la tribune Nord, les travaux se terminent bient\u00f4t, et concernent principalement la livraison compl\u00e8te de la nouvelle Fan Zone. <b>Imagin\u00e9e comme un lieu ouvert, m\u00eame en dehors des jours de match du Racing, elle comportera notamment un Sport\u2019s Bar de 1 500 m2, futur lieu de vie des Strasbourgeois(es) et habitant(e)s du quartier<\/b>. En esp\u00e9rant f\u00eater cette inauguration d\u00e9finitive apr\u00e8s 3 ans de travaux avec de bonnes nouvelles sportives.<\/p>\n<p>    <img width=\"800\" height=\"533\" src=\"https:\/\/www.europesays.com\/fr\/wp-content\/uploads\/2025\/12\/dsc02492-800x533.jpg\" class=\"attachment-image-size-L size-image-size-L\" alt=\"racing meinau\" decoding=\"async\" loading=\"lazy\"  \/>         \u00a9 Anthony Jilli \/ Pokaa <\/p>\n<p>Rejoindre Strasbourg depuis Kehl en bus de nuit apr\u00e8s une bonne soir\u00e9e (ou inversement)<\/p>\n<p class=\"p1\">Depuis ce 8 janvier, <b>la ligne de bus de nuit Hibus N3 effectue une nouvelle liaison qui sent bon la coop\u00e9ration franco-allemande, entre Strasbourg et Kehl<\/b>. Celle-ci circule toutes les heures, de 0h30 \u00e0 5h les jeudis, vendredis et samedis, entre Mathieu-Zell et Kehl-Bahnhof via le centre-ville de Strasbourg.<\/p>\n<p>Con\u00e7ue pour \u00eatre r\u00e9guli\u00e8re, fiable et s\u00e9curis\u00e9e, <b>elle a pour objectif principal d\u2019accompagner et d\u2019encadrer les flux en sortie des \u00e9tablissements nocturnes situ\u00e9s \u00e0 Kehl \u2013 que de nombreux\/ses Strasbourgeois(es) appr\u00e9cient<\/b>. Par ailleurs, des agent(e)s de s\u00e9curit\u00e9 seront pr\u00e9sent(e)s \u00e0 bord des bus.<\/p>\n<p>    <img width=\"800\" height=\"457\" src=\"https:\/\/www.europesays.com\/fr\/wp-content\/uploads\/2025\/12\/d1-800x457.png\" class=\"attachment-image-size-L size-image-size-L\" alt=\"Hibus bus de nuit\" decoding=\"async\" loading=\"lazy\"  \/>         \u00a9\u00a0Kevin B &#8211; Wikimedia Commons \/ Photo d&rsquo;illustration <\/p>\n<p>Heineken ne brasse plus \u00e0 Schiltigheim<\/p>\n<p class=\"p1\">C\u2019\u00e9tait annonc\u00e9 depuis trois ans, mais cela fait toujours un choc une fois que \u00e7a arrive : <b>Heineken a stopp\u00e9 sa production sur le site de la Brasserie de l\u2019Esp\u00e9rance \u00e0 Schiltigheim en fin d\u2019ann\u00e9e derni\u00e8re<\/b>. La fin (am\u00e8re) de plus de 160 ans d\u2019histoire brassicole dans la ville, alors que les f\u00fbts de bi\u00e8res seront d\u00e9sormais brass\u00e9s sur les sites de Mons-en-Bar\u0153ul et Marseille.<\/p>\n<p>                <a href=\"https:\/\/pokaa.fr\/2025\/02\/13\/tram-nord-2-0-et-projets-ephemeres-a-schiltigheim-quel-avenir-pour-la-brasserie-de-lesperance\/\" target=\"_blank\" rel=\"noopener\"><br \/>\n                    <img width=\"450\" height=\"270\" src=\"https:\/\/www.europesays.com\/fr\/wp-content\/uploads\/2025\/10\/img-6268-grande-450x270.jpeg\" class=\"attachment-card-horizontal--same-subject size-card-horizontal--same-subject wp-post-image\" alt=\"\" decoding=\"async\" loading=\"lazy\"\/>                <\/a><\/p>\n<p>Cette fin d\u2019histoire pr\u00e9sage le d\u00e9but d\u2019une nouvelle : <b>l\u2019avenir de la Brasserie de l\u2019Esp\u00e9rance est d\u00e9sormais suspendu aux futures \u00e9volutions du tram Nord<\/b>. Retoqu\u00e9 par la commission d\u2019enqu\u00eate publique en d\u00e9cembre 2024, <a href=\"https:\/\/pokaa.fr\/2025\/10\/09\/tram-nord-de-strasbourg-a-schiltigheim-le-projet-revient-avec-de-nouveaux-traces\/\" target=\"_blank\" rel=\"noopener\">le projet \u00e9tudie d\u00e9sormais un passage par le site<\/a>.<\/p>\n<p>Pour ne pas laisser les 12 hectares en friche compl\u00e8te pendant plusieurs ann\u00e9es,<strong> la municipalit\u00e9 schilikoise \u00e9tudie des projets \u00e9ph\u00e9m\u00e8res pour 2026<\/strong>. \u00c0 voir ce que \u00e7a va donner.<\/p>\n<p>    <img width=\"800\" height=\"439\" src=\"https:\/\/www.europesays.com\/fr\/wp-content\/uploads\/2026\/01\/1920px-heineken-schiltigheim-1-800x439.jpeg\" class=\"attachment-image-size-L size-image-size-L\" alt=\"1920px-Heineken_schiltigheim_1\" decoding=\"async\" loading=\"lazy\"  \/>         \u00a9 Niko67000 &#8211; Travail personnel &#8211; CC BY-SA 4.0 \/ Document remis <\/p>\n<p>Voyager en TER est d\u00e9sormais plus cher en Alsace<\/p>\n<p class=\"p1\">Pour terminer, une autre mauvaise nouvelle : en 2026, prendre le train pour aller d\u00e9couvrir l\u2019Alsace est d\u00e9sormais plus on\u00e9reux pour les aficionados du TER. <b>Concr\u00e8tement, les billets sans r\u00e9duction ni abonnement prennent 1% de hausse de prix, tandis que les abonnements augmentent de 5%<\/b>. Des augmentations li\u00e9es \u00e0 l\u2019inflation selon la R\u00e9gion Grand Est.<\/p>\n<p>    <img width=\"800\" height=\"600\" src=\"https:\/\/www.europesays.com\/fr\/wp-content\/uploads\/2026\/01\/417508674-373013691989153-3069341542285861932-n-800x600.jpg\" class=\"attachment-image-size-L size-image-size-L\" alt=\"train alsace b\u00e2le TER\" decoding=\"async\" loading=\"lazy\"  \/>         \u00a9 Nicolas Kaspar \/ Pokaa <\/p>\n<p>Plus emb\u00eatant, les hausses de tarifs se feront encore plus sentir sur les cartes de r\u00e9duction. <b>V\u00e9ritable s\u00e9same pour aller n\u2019importe o\u00f9 \u00e0 moindre prix, la Carte Fluo pour les adultes passe de 20 \u00e0 30\u20ac !<\/b>\u00a0Quant \u00e0 la Carte Fluo pour les \u2013 de 26 ans, elle coute d\u00e9sormais 10\u20ac, contre seulement 1\u20ac auparavant.<\/p>\n","protected":false},"excerpt":{"rendered":"Alors que la nouvelle ann\u00e9e est d\u00e9sormais entam\u00e9e, plusieurs nouveaut\u00e9s vont venir bouleverser le quotidien des Strasbourgeois(es) en&hellip;\n","protected":false},"author":2,"featured_media":657039,"comment_status":"","ping_status":"","sticky":false,"template":"","format":"standard","meta":{"footnotes":""},"categories":[2820],"tags":[1111,917,11,2389,1777,674,1011,27,775,12,8219,25,640,58524],"class_list":{"0":"post-657038","1":"post","2":"type-post","3":"status-publish","4":"format-standard","5":"has-post-thumbnail","7":"category-strasbourg","8":"tag-actu","9":"tag-actu-locale","10":"tag-actualites","11":"tag-alsace","12":"tag-eu","13":"tag-europe","14":"tag-fr","15":"tag-france","16":"tag-grand-est","17":"tag-news","18":"tag-nouveautes","19":"tag-republique-francaise","20":"tag-strasbourg","21":"tag-strasbourg-actualite"},"share_on_mastodon":{"url":"https:\/\/pubeurope.com\/@fr\/115878809818435163","error":""},"_links":{"self":[{"href":"https:\/\/www.europesays.com\/fr\/wp-json\/wp\/v2\/posts\/657038","targetHints":{"allow":["GET"]}}],"collection":[{"href":"https:\/\/www.europesays.com\/fr\/wp-json\/wp\/v2\/posts"}],"about":[{"href":"https:\/\/www.europesays.com\/fr\/wp-json\/wp\/v2\/types\/post"}],"author":[{"embeddable":true,"href":"https:\/\/www.europesays.com\/fr\/wp-json\/wp\/v2\/users\/2"}],"replies":[{"embeddable":true,"href":"https:\/\/www.europesays.com\/fr\/wp-json\/wp\/v2\/comments?post=657038"}],"version-history":[{"count":0,"href":"https:\/\/www.europesays.com\/fr\/wp-json\/wp\/v2\/posts\/657038\/revisions"}],"wp:featuredmedia":[{"embeddable":true,"href":"https:\/\/www.europesays.com\/fr\/wp-json\/wp\/v2\/media\/657039"}],"wp:attachment":[{"href":"https:\/\/www.europesays.com\/fr\/wp-json\/wp\/v2\/media?parent=657038"}],"wp:term":[{"taxonomy":"category","embeddable":true,"href":"https:\/\/www.europesays.com\/fr\/wp-json\/wp\/v2\/categories?post=657038"},{"taxonomy":"post_tag","embeddable":true,"href":"https:\/\/www.europesays.com\/fr\/wp-json\/wp\/v2\/tags?post=657038"}],"curies":[{"name":"wp","href":"https:\/\/api.w.org\/{rel}","templated":true}]}}