{"id":657046,"date":"2026-01-11T22:29:11","date_gmt":"2026-01-11T22:29:11","guid":{"rendered":"https:\/\/www.europesays.com\/fr\/657046\/"},"modified":"2026-01-11T22:29:11","modified_gmt":"2026-01-11T22:29:11","slug":"coupe-de-france-le-fc-nantes-elimine-aux-tirs-au-but-par-nice-1-1-5-3-tab","status":"publish","type":"post","link":"https:\/\/www.europesays.com\/fr\/657046\/","title":{"rendered":"Coupe de France. Le FC Nantes \u00e9limin\u00e9 aux tirs au but par Nice (1-1, 5-3 tab)"},"content":{"rendered":"<p>Le technicien nantais avait choisi de proposer une composition d&rsquo;\u00e9quipe exp\u00e9rimentale, avec notamment la premi\u00e8re titularisation du jeune Junior Kon\u00e9 au poste d&rsquo;avant-centre (laissant El-Arabi et Abline sur le banc) :<\/p>\n<p data-v-03d3e104=\"\">\u00ab\u00a0D\u00e9j\u00e0 par rapport au syst\u00e8me, comme je vous l&rsquo;ai toujours dit, moi je ne suis pas fix\u00e9 sur un syst\u00e8me. On doit \u00eatre capable de jouer \u00e0 4, de jouer \u00e0 3, de jouer \u00e0 5. On a cette mission commando, ce maintien, on va avoir besoin de tout le monde. Ce ne sera pas des individualit\u00e9s, ce sera une force collective. Et tous les joueurs travaillent bien, comme je l&rsquo;ai dit depuis le d\u00e9but, ils sont impliqu\u00e9s \u00e0 l&rsquo;entra\u00eenement. Donc il faut instaurer une concurrence aussi. On a une jeunesse, il faut lui faire confiance. On a un centre de formation qui travaille tr\u00e8s tr\u00e8s bien. Le petit Kon\u00e9, il a des qualit\u00e9s, de puissance, de vitesse. Pour moi aujourd&rsquo;hui, il travaille bien \u00e0 l&rsquo;entra\u00eenement. C&rsquo;\u00e9tait l&rsquo;occasion de le lancer, avec l&rsquo;id\u00e9e de faire rentrer bien \u00e9videmment de la force avec Youssef et Matthis. Et on l&rsquo;a vu quand ils sont rentr\u00e9s, ils se sont procur\u00e9s des occasions assez nettes. Donc il faut lancer les jeunes dans des bonnes conditions. Et ce soir, je pense qu&rsquo;ils ont r\u00e9pondu pr\u00e9sent.\u00a0<br \/>&#8211; C&rsquo;est une compo qui vous a laiss\u00e9 l&rsquo;impression que la Coupe de France n&rsquo;\u00e9tait pas la priorit\u00e9 ?<br \/>&#8211; Je ne sais pas, est-ce que le contenu vous a donn\u00e9 l&rsquo;impression ? Moi en tout cas, le contenu ne m&rsquo;a pas donn\u00e9 l&rsquo;impression que les joueurs n&rsquo;avaient pas envie ce soir. Bien au contraire, je les ai vus tr\u00e8s entreprenants. Et voil\u00e0 !\u00a0\u00bb.<\/p>\n","protected":false},"excerpt":{"rendered":"Le technicien nantais avait choisi de proposer une composition d&rsquo;\u00e9quipe exp\u00e9rimentale, avec notamment la premi\u00e8re titularisation du jeune&hellip;\n","protected":false},"author":2,"featured_media":657047,"comment_status":"","ping_status":"","sticky":false,"template":"","format":"standard","meta":{"footnotes":""},"categories":[2818],"tags":[1111,11,13292,1438,1465,13293,3450,829,4356,2171,4357,3472,434,1777,674,9593,3337,3321,2257,1011,27,9518,848,1114,13289,2693,66,3047,1781,13291,13290,3729,766,12,9144,2636,3319,584,25,4937,3728,3272,60,3087,3165,2546],"class_list":{"0":"post-657046","1":"post","2":"type-post","3":"status-publish","4":"format-standard","5":"has-post-thumbnail","7":"category-nantes","8":"tag-actu","9":"tag-actualites","10":"tag-aeroport-notre-dame-des-landes","11":"tag-angers","12":"tag-basket","13":"tag-bonnets-rouges","14":"tag-brest","15":"tag-bretagne","16":"tag-coronavirus","17":"tag-cotes-darmor","18":"tag-covid-19","19":"tag-dinan","20":"tag-epidemie","21":"tag-eu","22":"tag-europe","23":"tag-fcn","24":"tag-festivals","25":"tag-finistere","26":"tag-foot","27":"tag-fr","28":"tag-france","29":"tag-hand","30":"tag-ille-et-vilaine","31":"tag-infos","32":"tag-la-roche-sur-yon","33":"tag-laval","34":"tag-ligue-1","35":"tag-loire-atlantique","36":"tag-lorient","37":"tag-maine-et-loire","38":"tag-mayenne","39":"tag-morbihan","40":"tag-nantes","41":"tag-news","42":"tag-ouest","43":"tag-pays-de-la-loire","44":"tag-quimper","45":"tag-rennes","46":"tag-republique-francaise","47":"tag-saint-brieuc","48":"tag-saint-malo","49":"tag-saint-nazaire","50":"tag-sports","51":"tag-stade-rennais","52":"tag-vannes","53":"tag-vendee"},"share_on_mastodon":{"url":"","error":"Validation failed: Text character limit of 500 exceeded"},"_links":{"self":[{"href":"https:\/\/www.europesays.com\/fr\/wp-json\/wp\/v2\/posts\/657046","targetHints":{"allow":["GET"]}}],"collection":[{"href":"https:\/\/www.europesays.com\/fr\/wp-json\/wp\/v2\/posts"}],"about":[{"href":"https:\/\/www.europesays.com\/fr\/wp-json\/wp\/v2\/types\/post"}],"author":[{"embeddable":true,"href":"https:\/\/www.europesays.com\/fr\/wp-json\/wp\/v2\/users\/2"}],"replies":[{"embeddable":true,"href":"https:\/\/www.europesays.com\/fr\/wp-json\/wp\/v2\/comments?post=657046"}],"version-history":[{"count":0,"href":"https:\/\/www.europesays.com\/fr\/wp-json\/wp\/v2\/posts\/657046\/revisions"}],"wp:featuredmedia":[{"embeddable":true,"href":"https:\/\/www.europesays.com\/fr\/wp-json\/wp\/v2\/media\/657047"}],"wp:attachment":[{"href":"https:\/\/www.europesays.com\/fr\/wp-json\/wp\/v2\/media?parent=657046"}],"wp:term":[{"taxonomy":"category","embeddable":true,"href":"https:\/\/www.europesays.com\/fr\/wp-json\/wp\/v2\/categories?post=657046"},{"taxonomy":"post_tag","embeddable":true,"href":"https:\/\/www.europesays.com\/fr\/wp-json\/wp\/v2\/tags?post=657046"}],"curies":[{"name":"wp","href":"https:\/\/api.w.org\/{rel}","templated":true}]}}